{"id":68283,"date":"2024-09-04T08:57:00","date_gmt":"2024-09-04T11:57:00","guid":{"rendered":"https:\/\/www.tvnovelas.com.br\/tvnews\/?p=68283"},"modified":"2024-09-04T08:57:00","modified_gmt":"2024-09-04T11:57:00","slug":"no-rancho-fundo-artur-encontra-blandina-na-faxina-ela-explica-e-chora","status":"publish","type":"post","link":"https:\/\/www.tvnovelas.com.br\/tvnews\/no-rancho-fundo-artur-encontra-blandina-na-faxina-ela-explica-e-chora\/","title":{"rendered":"No Rancho Fundo: Artur encontra Blandina na faxina; ela explica e chora"},"content":{"rendered":"<p><em>Em No Rancho Fundo: Artur&#8230;<\/em><br \/>\n<figure id=\"attachment_68284\" aria-describedby=\"caption-attachment-68284\" style=\"width: 728px\" class=\"wp-caption alignnone\"><img data-recalc-dims=\"1\" decoding=\"async\" src=\"https:\/\/i0.wp.com\/www.tvnovelas.com.br\/tvnews\/wp-content\/uploads\/2024\/09\/40025.jpg?resize=728%2C410&#038;ssl=1\" alt=\"Foto em No Rancho Fundo: Artur\" width=\"728\" height=\"410\" class=\"size-full wp-image-68284\" \/><figcaption id=\"caption-attachment-68284\" class=\"wp-caption-text\">No Rancho Fundo: Artur&#8230;<\/figcaption><\/figure><br \/>\n(Foto: TV Globo\/No Rancho Fundo)<br \/>\nEm No Rancho Fundo, Artur (T\u00falio Starlig) est\u00e1 em choque porque pegou Blandina (Luisa Arraes) fazendo faxina no seu quarto. Oo rapaz tira satisfa\u00e7\u00f5es com a mo\u00e7a e ela explica que est\u00e1 fazendo o servi\u00e7o no lugar de Dona Castorina (F\u00e1tima Patr\u00edcio).<\/p>\n<p>&#8220;N\u00e3o vou deixar ela fazer isso, Artur! N\u00e3o \u00e9 trabalho pra uma m\u00e3e fazer! Tu tem ideia como \u00e9 complicado limpar banheiro? \u00c9 sab\u00e3o que gruda nas parede, o mofo que se esconde nos canto, o encardido que nunca brilha&#8230; Sem falar nos produto de limpeza, que ficam impregnados na gente!&#8221;<\/p>\n<p>O engenheiro pergunta se Blandina tem vergonha da pr\u00f3pria m\u00e3e, e ela explica:<\/p>\n<p>&#8220;Sinto vergonha de n\u00e3o conseguir fazer ela feliz&#8230; Hoje, eu posso dar uma roupa pra ela, um perfume importado, uma vida decente, o que ela quiser, Artur&#8230; mas ela n\u00e3o aceita.&#8221;<\/p>\n<p>Blandina, ent\u00e3o, sente-se \u00e0 vontade na presen\u00e7a de Artur e come\u00e7a a contar a sua hist\u00f3ria, at\u00e9 mesmo, que foi v\u00edtima de ass\u00e9dio.<\/p>\n<p>&#8220;Sinto muito que tu tenha passado por isso&#8230;. Mas tu n\u00e3o t\u00e1 sozinha agora&#8221;, diz o rapaz.<\/p>\n<p>Ela chora e confessa a Artur que sempre foi uma pessoa muito sozinha:<\/p>\n<p>&#8220;Eu nunca fui mais do que uma mulher solit\u00e1ria&#8230;&#8221;<br \/>\n<!--FIM--><\/p>\n<h3>Coment\u00e1rios em No Rancho Fundo: Artur&#8230;<\/h3>\n<div class=\"fb-comments\" data-width=\"100%\" data-order-by=\"reverse_time\" data-numposts=\"5\"><\/div>\n<h2>\u00daltimas publica\u00e7\u00f5es de No Rancho Fundo<\/h2>\n<p><div class=\"pt-cv-wrapper\"><div class=\"pt-cv-view pt-cv-grid pt-cv-colsys\" id=\"pt-cv-view-1b948bbbtz\"><div data-id=\"pt-cv-page-1\" class=\"pt-cv-page\" data-cvc=\"1\"><div class=\"col-md-12 col-sm-12 col-xs-12 pt-cv-content-item pt-cv-1-col\" ><div class='pt-cv-ifield'><h4 class=\"pt-cv-title\"><a href=\"https:\/\/www.tvnovelas.com.br\/tvnews\/no-rancho-fundo-deodora-atira-em-ariosto-por-magoa-e-ciume\/\" class=\"_blank\" target=\"_blank\" >No Rancho Fundo: Deodora atira em Ariosto por m\u00e1goa e ci\u00fame<\/a><\/h4><\/div><\/div>\n<div class=\"col-md-12 col-sm-12 col-xs-12 pt-cv-content-item pt-cv-1-col\" ><div class='pt-cv-ifield'><h4 class=\"pt-cv-title\"><a href=\"https:\/\/www.tvnovelas.com.br\/tvnews\/no-rancho-fundo-romera-desbloqueada-entre-os-podres-de-saba-bodo\/\" class=\"_blank\" target=\"_blank\" >No Rancho Fundo: Romera desbloqueada entre os podres de Sab\u00e1 Bod\u00f3<\/a><\/h4><\/div><\/div>\n<div class=\"col-md-12 col-sm-12 col-xs-12 pt-cv-content-item pt-cv-1-col\" ><div class='pt-cv-ifield'><h4 class=\"pt-cv-title\"><a href=\"https:\/\/www.tvnovelas.com.br\/tvnews\/no-rancho-fundo-jordao-e-preso-por-tentar-matar-primo-cicero\/\" class=\"_blank\" target=\"_blank\" >No Rancho Fundo: Jord\u00e3o \u00e9 preso por tentar matar Primo C\u00edcero<\/a><\/h4><\/div><\/div>\n<div class=\"col-md-12 col-sm-12 col-xs-12 pt-cv-content-item pt-cv-1-col\" ><div class='pt-cv-ifield'><h4 class=\"pt-cv-title\"><a href=\"https:\/\/www.tvnovelas.com.br\/tvnews\/no-rancho-fundo-artur-confronta-elias-e-descobre-quem-ele-e\/\" class=\"_blank\" target=\"_blank\" >No Rancho Fundo:  Artur confronta Elias e descobre quem ele \u00e9<\/a><\/h4><\/div><\/div>\n<div class=\"col-md-12 col-sm-12 col-xs-12 pt-cv-content-item pt-cv-1-col\" ><div class='pt-cv-ifield'><h4 class=\"pt-cv-title\"><a href=\"https:\/\/www.tvnovelas.com.br\/tvnews\/no-rancho-fundo-elias-espalha-dinamites-na-gruta-azul-a-mando-de-ariosto\/\" class=\"_blank\" target=\"_blank\" >No Rancho Fundo: Elias espalha dinamites na Gruta Azul a mando de Ariosto<\/a><\/h4><\/div><\/div><\/div><\/div><\/div><br \/>\n<a href=\"https:\/\/wp.me\/pfspD2-OO\" target=\"_blank\" rel=\"noopener\">No Rancho Fundo: De Lasca Fogo a Lap\u00e3o da Beirada<\/a><br \/>\n<a href=\"https:\/\/tvnovelas.com.br\/page2\/arquivo\/no-rancho-fundo-trilha-sonora\/\" target=\"_blank\" rel=\"noopener\">No Rancho Fundo: trilha sonora<\/a><br \/>\n<a href=\"https:\/\/pt.wikipedia.org\/wiki\/No_Rancho_Fundo\" target=\"_blank\" rel=\"noopener\">Sobre No Rancho Fundo, na Wikipedia<\/a><br \/>\n<a href=\"https:\/\/tvnovelas.com.br\/filmes\/filmes-na-tv-segunda\/\" target=\"_blank\" rel=\"noopener\">Confira a programa\u00e7\u00e3o de filmes na TV aberta<\/a><br \/>\n<a href=\"https:\/\/www.tvnovelas.com.br\/tvnews\/\">\u00daltimas not\u00edcias de todas as novelas<\/a><\/p>\n","protected":false},"excerpt":{"rendered":"<p>No Rancho Fundo: Artur&#8230; Artur (T\u00falio Starlig) est\u00e1 em choque porque pegou Blandina (Luisa Arraes) fazendo faxina no seu quarto. Oo rapaz tira satisfa\u00e7\u00f5es&#8230;<\/p>\n","protected":false},"author":1,"featured_media":68284,"comment_status":"closed","ping_status":"closed","sticky":false,"template":"","format":"standard","meta":{"_uf_show_specific_survey":0,"_uf_disable_surveys":false,"_jetpack_memberships_contains_paid_content":false,"footnotes":"","_wp_rev_ctl_limit":""},"categories":[763],"tags":[5,764,64],"class_list":["post-68283","post","type-post","status-publish","format-standard","has-post-thumbnail","hentry","category-no-rancho-fundo","tag-globo","tag-no-rancho-fundo","tag-novelas","wpcat-763-id"],"aioseo_notices":[],"jetpack_featured_media_url":"https:\/\/i0.wp.com\/www.tvnovelas.com.br\/tvnews\/wp-content\/uploads\/2024\/09\/40025.jpg?fit=728%2C410&ssl=1","jetpack_shortlink":"https:\/\/wp.me\/pdP2BO-hLl","jetpack_sharing_enabled":true,"_links":{"self":[{"href":"https:\/\/www.tvnovelas.com.br\/tvnews\/wp-json\/wp\/v2\/posts\/68283","targetHints":{"allow":["GET"]}}],"collection":[{"href":"https:\/\/www.tvnovelas.com.br\/tvnews\/wp-json\/wp\/v2\/posts"}],"about":[{"href":"https:\/\/www.tvnovelas.com.br\/tvnews\/wp-json\/wp\/v2\/types\/post"}],"author":[{"embeddable":true,"href":"https:\/\/www.tvnovelas.com.br\/tvnews\/wp-json\/wp\/v2\/users\/1"}],"replies":[{"embeddable":true,"href":"https:\/\/www.tvnovelas.com.br\/tvnews\/wp-json\/wp\/v2\/comments?post=68283"}],"version-history":[{"count":1,"href":"https:\/\/www.tvnovelas.com.br\/tvnews\/wp-json\/wp\/v2\/posts\/68283\/revisions"}],"predecessor-version":[{"id":68285,"href":"https:\/\/www.tvnovelas.com.br\/tvnews\/wp-json\/wp\/v2\/posts\/68283\/revisions\/68285"}],"wp:featuredmedia":[{"embeddable":true,"href":"https:\/\/www.tvnovelas.com.br\/tvnews\/wp-json\/wp\/v2\/media\/68284"}],"wp:attachment":[{"href":"https:\/\/www.tvnovelas.com.br\/tvnews\/wp-json\/wp\/v2\/media?parent=68283"}],"wp:term":[{"taxonomy":"category","embeddable":true,"href":"https:\/\/www.tvnovelas.com.br\/tvnews\/wp-json\/wp\/v2\/categories?post=68283"},{"taxonomy":"post_tag","embeddable":true,"href":"https:\/\/www.tvnovelas.com.br\/tvnews\/wp-json\/wp\/v2\/tags?post=68283"}],"curies":[{"name":"wp","href":"https:\/\/api.w.org\/{rel}","templated":true}]}}