{"id":68336,"date":"2024-09-06T08:53:16","date_gmt":"2024-09-06T11:53:16","guid":{"rendered":"https:\/\/www.tvnovelas.com.br\/tvnews\/?p=68336"},"modified":"2024-09-06T08:53:16","modified_gmt":"2024-09-06T11:53:16","slug":"no-rancho-fundo-marcelo-gouveia-inicia-contrabando-de-pedras-da-gruta-azul","status":"publish","type":"post","link":"https:\/\/www.tvnovelas.com.br\/tvnews\/no-rancho-fundo-marcelo-gouveia-inicia-contrabando-de-pedras-da-gruta-azul\/","title":{"rendered":"No Rancho Fundo: Marcelo Gouveia inicia contrabando de pedras da Gruta Azul"},"content":{"rendered":"<p><em>Em No Rancho Fundo: Marcelo Gouveia<\/em><br \/>\n<figure id=\"attachment_68337\" aria-describedby=\"caption-attachment-68337\" style=\"width: 728px\" class=\"wp-caption alignnone\"><img data-recalc-dims=\"1\" decoding=\"async\" class=\"wp-image-68337 size-full\" title=\"(Foto: TV Globo\/No Rancho Fundo)\" src=\"https:\/\/i0.wp.com\/www.tvnovelas.com.br\/tvnews\/wp-content\/uploads\/2024\/09\/40036.jpg?resize=728%2C410&#038;ssl=1\" alt=\"Foto em No Rancho Fundo: Marcelo Gouveia\" width=\"728\" height=\"410\" \/><figcaption id=\"caption-attachment-68337\" class=\"wp-caption-text\">No Rancho Fundo: Marcelo Gouveia<\/figcaption><\/figure><\/p>\n<p>Em No Rancho Fundo, Marcelo Gouveia (Jos\u00e9 Loreto) t\u00e1 decidido a lucrar \u00e0s custas dos problemas que assolam a fam\u00edlia Leonel. Ele aproveitar\u00e1 a interdi\u00e7\u00e3o da Gruta Azul para iniciar um esquema de contrabando de pedras roubadas das terras com Jord\u00e3o Nic\u00e1cio (Alejandro Claveaux).<\/p>\n<p>Em um bar da cidade, os dois se encontram e Marcelo pergunta:<\/p>\n<p>&#8220;E ent\u00e3o? Trouxe a encomenda?&#8221;<\/p>\n<p>Na espreita, Jord\u00e3o passa um pacote para Marcelo Gouveia, que corre para o hotel para abrir. Em cima da cama, ele desembrulha a encomenda e reage, desapontado:<\/p>\n<p>&#8220;S\u00f3 farelo de ouro e turmalina verde&#8230; Paci\u00eancia, Marcelo Gouveia&#8230; teu c\u00e9u azul de turmalina h\u00e1 de abrir mais dia, menos dia&#8230;&#8221;<br \/>\n<!--FIM--><\/p>\n<h3>Coment\u00e1rios em No Rancho Fundo: Marcelo Gouveia&#8230;<\/h3>\n<div class=\"fb-comments\" data-width=\"100%\" data-order-by=\"reverse_time\" data-numposts=\"5\"><\/div>\n<h2>\u00daltimas publica\u00e7\u00f5es de No Rancho Fundo<\/h2>\n<p><div class=\"pt-cv-wrapper\"><div class=\"pt-cv-view pt-cv-grid pt-cv-colsys\" id=\"pt-cv-view-1b948bbbtz\"><div data-id=\"pt-cv-page-1\" class=\"pt-cv-page\" data-cvc=\"1\"><div class=\"col-md-12 col-sm-12 col-xs-12 pt-cv-content-item pt-cv-1-col\" ><div class='pt-cv-ifield'><h4 class=\"pt-cv-title\"><a href=\"https:\/\/www.tvnovelas.com.br\/tvnews\/no-rancho-fundo-deodora-atira-em-ariosto-por-magoa-e-ciume\/\" class=\"_blank\" target=\"_blank\" >No Rancho Fundo: Deodora atira em Ariosto por m\u00e1goa e ci\u00fame<\/a><\/h4><\/div><\/div>\n<div class=\"col-md-12 col-sm-12 col-xs-12 pt-cv-content-item pt-cv-1-col\" ><div class='pt-cv-ifield'><h4 class=\"pt-cv-title\"><a href=\"https:\/\/www.tvnovelas.com.br\/tvnews\/no-rancho-fundo-romera-desbloqueada-entre-os-podres-de-saba-bodo\/\" class=\"_blank\" target=\"_blank\" >No Rancho Fundo: Romera desbloqueada entre os podres de Sab\u00e1 Bod\u00f3<\/a><\/h4><\/div><\/div>\n<div class=\"col-md-12 col-sm-12 col-xs-12 pt-cv-content-item pt-cv-1-col\" ><div class='pt-cv-ifield'><h4 class=\"pt-cv-title\"><a href=\"https:\/\/www.tvnovelas.com.br\/tvnews\/no-rancho-fundo-jordao-e-preso-por-tentar-matar-primo-cicero\/\" class=\"_blank\" target=\"_blank\" >No Rancho Fundo: Jord\u00e3o \u00e9 preso por tentar matar Primo C\u00edcero<\/a><\/h4><\/div><\/div>\n<div class=\"col-md-12 col-sm-12 col-xs-12 pt-cv-content-item pt-cv-1-col\" ><div class='pt-cv-ifield'><h4 class=\"pt-cv-title\"><a href=\"https:\/\/www.tvnovelas.com.br\/tvnews\/no-rancho-fundo-artur-confronta-elias-e-descobre-quem-ele-e\/\" class=\"_blank\" target=\"_blank\" >No Rancho Fundo:  Artur confronta Elias e descobre quem ele \u00e9<\/a><\/h4><\/div><\/div>\n<div class=\"col-md-12 col-sm-12 col-xs-12 pt-cv-content-item pt-cv-1-col\" ><div class='pt-cv-ifield'><h4 class=\"pt-cv-title\"><a href=\"https:\/\/www.tvnovelas.com.br\/tvnews\/no-rancho-fundo-elias-espalha-dinamites-na-gruta-azul-a-mando-de-ariosto\/\" class=\"_blank\" target=\"_blank\" >No Rancho Fundo: Elias espalha dinamites na Gruta Azul a mando de Ariosto<\/a><\/h4><\/div><\/div><\/div><\/div><\/div><br \/>\n<a href=\"https:\/\/wp.me\/pfspD2-OO\" target=\"_blank\" rel=\"noopener\">No Rancho Fundo: De Lasca Fogo a Lap\u00e3o da Beirada<\/a><br \/>\n<a href=\"https:\/\/tvnovelas.com.br\/page2\/arquivo\/no-rancho-fundo-trilha-sonora\/\" target=\"_blank\" rel=\"noopener\">No Rancho Fundo: trilha sonora<\/a><br \/>\n<a href=\"https:\/\/pt.wikipedia.org\/wiki\/No_Rancho_Fundo\" target=\"_blank\" rel=\"noopener\">Sobre No Rancho Fundo, na Wikipedia<\/a><br \/>\n<a href=\"https:\/\/tvnovelas.com.br\/filmes\/filmes-na-tv-segunda\/\" target=\"_blank\" rel=\"noopener\">Confira a programa\u00e7\u00e3o de filmes na TV aberta<\/a><br \/>\n<a href=\"https:\/\/www.tvnovelas.com.br\/tvnews\/\">\u00daltimas not\u00edcias de todas as novelas<\/a><\/p>\n","protected":false},"excerpt":{"rendered":"<p>No Rancho Fundo: Marcelo Gouveia&#8230;  Marcelo Gouveia (Jos\u00e9 Loreto) t\u00e1 decidido a lucrar \u00e0s custas dos problemas que assolam a fam\u00edlia Leonel. Ele aproveitar\u00e1 a interdi\u00e7\u00e3o&#8230;<\/p>\n","protected":false},"author":1,"featured_media":68337,"comment_status":"closed","ping_status":"closed","sticky":false,"template":"","format":"standard","meta":{"_uf_show_specific_survey":0,"_uf_disable_surveys":false,"_jetpack_memberships_contains_paid_content":false,"footnotes":"","_wp_rev_ctl_limit":""},"categories":[763],"tags":[5,764,64],"class_list":["post-68336","post","type-post","status-publish","format-standard","has-post-thumbnail","hentry","category-no-rancho-fundo","tag-globo","tag-no-rancho-fundo","tag-novelas","wpcat-763-id"],"aioseo_notices":[],"jetpack_featured_media_url":"https:\/\/i0.wp.com\/www.tvnovelas.com.br\/tvnews\/wp-content\/uploads\/2024\/09\/40036.jpg?fit=728%2C410&ssl=1","jetpack_shortlink":"https:\/\/wp.me\/pdP2BO-hMc","jetpack_sharing_enabled":true,"_links":{"self":[{"href":"https:\/\/www.tvnovelas.com.br\/tvnews\/wp-json\/wp\/v2\/posts\/68336","targetHints":{"allow":["GET"]}}],"collection":[{"href":"https:\/\/www.tvnovelas.com.br\/tvnews\/wp-json\/wp\/v2\/posts"}],"about":[{"href":"https:\/\/www.tvnovelas.com.br\/tvnews\/wp-json\/wp\/v2\/types\/post"}],"author":[{"embeddable":true,"href":"https:\/\/www.tvnovelas.com.br\/tvnews\/wp-json\/wp\/v2\/users\/1"}],"replies":[{"embeddable":true,"href":"https:\/\/www.tvnovelas.com.br\/tvnews\/wp-json\/wp\/v2\/comments?post=68336"}],"version-history":[{"count":2,"href":"https:\/\/www.tvnovelas.com.br\/tvnews\/wp-json\/wp\/v2\/posts\/68336\/revisions"}],"predecessor-version":[{"id":68340,"href":"https:\/\/www.tvnovelas.com.br\/tvnews\/wp-json\/wp\/v2\/posts\/68336\/revisions\/68340"}],"wp:featuredmedia":[{"embeddable":true,"href":"https:\/\/www.tvnovelas.com.br\/tvnews\/wp-json\/wp\/v2\/media\/68337"}],"wp:attachment":[{"href":"https:\/\/www.tvnovelas.com.br\/tvnews\/wp-json\/wp\/v2\/media?parent=68336"}],"wp:term":[{"taxonomy":"category","embeddable":true,"href":"https:\/\/www.tvnovelas.com.br\/tvnews\/wp-json\/wp\/v2\/categories?post=68336"},{"taxonomy":"post_tag","embeddable":true,"href":"https:\/\/www.tvnovelas.com.br\/tvnews\/wp-json\/wp\/v2\/tags?post=68336"}],"curies":[{"name":"wp","href":"https:\/\/api.w.org\/{rel}","templated":true}]}}