{"id":68365,"date":"2024-09-07T08:19:49","date_gmt":"2024-09-07T11:19:49","guid":{"rendered":"https:\/\/www.tvnovelas.com.br\/tvnews\/?p=68365"},"modified":"2024-09-07T08:19:49","modified_gmt":"2024-09-07T11:19:49","slug":"no-rancho-fundo-primo-cicero-decide-de-brigar-com-zefa-por-causa-de-terras","status":"publish","type":"post","link":"https:\/\/www.tvnovelas.com.br\/tvnews\/no-rancho-fundo-primo-cicero-decide-de-brigar-com-zefa-por-causa-de-terras\/","title":{"rendered":"No Rancho Fundo: Primo C\u00edcero decide de brigar com Zefa  por causa de terras"},"content":{"rendered":"<p><em>Em No Rancho Fundo: Primo C\u00edcero&#8230;<\/em><br \/>\n<figure id=\"attachment_68366\" aria-describedby=\"caption-attachment-68366\" style=\"width: 728px\" class=\"wp-caption alignnone\"><img data-recalc-dims=\"1\" decoding=\"async\" class=\"wp-image-68366 size-full\" title=\"(Foto: TV Globo\/No Rancho Fundo)\" src=\"https:\/\/i0.wp.com\/www.tvnovelas.com.br\/tvnews\/wp-content\/uploads\/2024\/09\/40042.jpg?resize=728%2C416&#038;ssl=1\" alt=\"Foto em No Rancho Fundo: Primo C\u00edcero...\" width=\"728\" height=\"416\" \/><figcaption id=\"caption-attachment-68366\" class=\"wp-caption-text\">No Rancho Fundo: Primo C\u00edcero&#8230;<\/figcaption><\/figure><\/p>\n<p>Em No Rancho Fundo, Zefa Leonel (Andrea Beltr\u00e3o) est\u00e1 indignada com a insist\u00eancia de Primo C\u00edcero (Haroldo Guimar\u00e3es) de querer parte das terras da Gruta Azul. Disposta a tirar satisfa\u00e7\u00f5es com o seu parente, ela faz uma visitinha a ele e o coloca contra a parede. Agora, essa conversa ser\u00e1 definitiva.<\/p>\n<p>Sem avisar previamente, Zefa aparece na casa de Primo C\u00edcero e avisa que deseja falar sobre a Gruta Azul. Ent\u00e3o, ela lembra o parente que eles se conhecem h\u00e1 muitos anos, e ele concorda.<\/p>\n<p>&#8220;Ent\u00e3o por que raio \u00e9 que agora tu deu pra querer pleitear uma terra que tu sempre soube que era nossa, desde nossos antepassado?&#8221;, questiona a mulher.<\/p>\n<p>&#8220;N\u00e3o \u00e9&#8230; vontade minha&#8221;, revela Primo C\u00edcero.<\/p>\n<p>Ent\u00e3o, ele confessa que tem o dedo de Quintilha (Ju Colombo) nessa hist\u00f3ria.<\/p>\n<p>&#8220;Zefa Leonel&#8230; \u00e9 que eu preciso dar um dote \u00e0 minha noiva.&#8221;<\/p>\n<p>Al\u00e9m disso, Primo C\u00edcero diz que est\u00e1 pensando no futuro das suas filhas. Por\u00e9m, Zefa mostra que entendeu tudo:<\/p>\n<p>&#8220;Futuro pras tuas filha&#8230; ou um futuro pra Quintilha?&#8221;<\/p>\n<p>O vi\u00favo se cala, envergonhado, e Zefa aproveita para aconselhar o parente:<\/p>\n<p>&#8220;Primo C\u00edcero&#8230; pelo respeito que temo um pelo outro&#8230; pelo tempo que a gente se conhece&#8230; e pelas hist\u00f3ria que nossas fam\u00edlia compartilha&#8230; tome ten\u00eancia&#8230; Cuidado com as pessoa que lhe cercam, que lhe enchem os ouvido.&#8221;<\/p>\n<p>Os dois come\u00e7am a conversar amigavelmente e C\u00edcero encara a prima para fazer uma promessa:<\/p>\n<p>&#8220;Fique tranquila, Zefa Leonel&#8230; As terras s\u00e3o de voc\u00eas&#8230; sempre foram&#8230; n\u00e3o quero um palmo que seja. Se Quintilha me ama, ela vai me aceitar como o comerciante que eu sou&#8230; simples e digno.&#8221;<br \/>\n<!--FIM--><\/p>\n<h3>Coment\u00e1rios em No Rancho Fundo: Artur&#8230;<\/h3>\n<div class=\"fb-comments\" data-width=\"100%\" data-order-by=\"reverse_time\" data-numposts=\"5\"><\/div>\n<h2>\u00daltimas publica\u00e7\u00f5es de No Rancho Fundo: Primo C\u00edcero&#8230;<\/h2>\n<p><div class=\"pt-cv-wrapper\"><div class=\"pt-cv-view pt-cv-grid pt-cv-colsys\" id=\"pt-cv-view-1b948bbbtz\"><div data-id=\"pt-cv-page-1\" class=\"pt-cv-page\" data-cvc=\"1\"><div class=\"col-md-12 col-sm-12 col-xs-12 pt-cv-content-item pt-cv-1-col\" ><div class='pt-cv-ifield'><h4 class=\"pt-cv-title\"><a href=\"https:\/\/www.tvnovelas.com.br\/tvnews\/no-rancho-fundo-deodora-atira-em-ariosto-por-magoa-e-ciume\/\" class=\"_blank\" target=\"_blank\" >No Rancho Fundo: Deodora atira em Ariosto por m\u00e1goa e ci\u00fame<\/a><\/h4><\/div><\/div>\n<div class=\"col-md-12 col-sm-12 col-xs-12 pt-cv-content-item pt-cv-1-col\" ><div class='pt-cv-ifield'><h4 class=\"pt-cv-title\"><a href=\"https:\/\/www.tvnovelas.com.br\/tvnews\/no-rancho-fundo-romera-desbloqueada-entre-os-podres-de-saba-bodo\/\" class=\"_blank\" target=\"_blank\" >No Rancho Fundo: Romera desbloqueada entre os podres de Sab\u00e1 Bod\u00f3<\/a><\/h4><\/div><\/div>\n<div class=\"col-md-12 col-sm-12 col-xs-12 pt-cv-content-item pt-cv-1-col\" ><div class='pt-cv-ifield'><h4 class=\"pt-cv-title\"><a href=\"https:\/\/www.tvnovelas.com.br\/tvnews\/no-rancho-fundo-jordao-e-preso-por-tentar-matar-primo-cicero\/\" class=\"_blank\" target=\"_blank\" >No Rancho Fundo: Jord\u00e3o \u00e9 preso por tentar matar Primo C\u00edcero<\/a><\/h4><\/div><\/div>\n<div class=\"col-md-12 col-sm-12 col-xs-12 pt-cv-content-item pt-cv-1-col\" ><div class='pt-cv-ifield'><h4 class=\"pt-cv-title\"><a href=\"https:\/\/www.tvnovelas.com.br\/tvnews\/no-rancho-fundo-artur-confronta-elias-e-descobre-quem-ele-e\/\" class=\"_blank\" target=\"_blank\" >No Rancho Fundo:  Artur confronta Elias e descobre quem ele \u00e9<\/a><\/h4><\/div><\/div>\n<div class=\"col-md-12 col-sm-12 col-xs-12 pt-cv-content-item pt-cv-1-col\" ><div class='pt-cv-ifield'><h4 class=\"pt-cv-title\"><a href=\"https:\/\/www.tvnovelas.com.br\/tvnews\/no-rancho-fundo-elias-espalha-dinamites-na-gruta-azul-a-mando-de-ariosto\/\" class=\"_blank\" target=\"_blank\" >No Rancho Fundo: Elias espalha dinamites na Gruta Azul a mando de Ariosto<\/a><\/h4><\/div><\/div><\/div><\/div><\/div><br \/>\n<a href=\"https:\/\/wp.me\/pfspD2-OO\" target=\"_blank\" rel=\"noopener\">No Rancho Fundo: De Lasca Fogo a Lap\u00e3o da Beirada<\/a><br \/>\n<a href=\"https:\/\/tvnovelas.com.br\/page2\/arquivo\/no-rancho-fundo-trilha-sonora\/\" target=\"_blank\" rel=\"noopener\">No Rancho Fundo: trilha sonora<\/a><br \/>\n<a href=\"https:\/\/pt.wikipedia.org\/wiki\/No_Rancho_Fundo\" target=\"_blank\" rel=\"noopener\">Sobre No Rancho Fundo, na Wikipedia<\/a><br \/>\n<a href=\"https:\/\/tvnovelas.com.br\/filmes\/filmes-na-tv-segunda\/\" target=\"_blank\" rel=\"noopener\">Confira a programa\u00e7\u00e3o de filmes na TV aberta<\/a><br \/>\n<a href=\"https:\/\/www.tvnovelas.com.br\/tvnews\/\">\u00daltimas not\u00edcias de todas as novelas<\/a><\/p>\n","protected":false},"excerpt":{"rendered":"<p>No Rancho Fundo: Primo C\u00edcero&#8230; Zefa Leonel (Andrea Beltr\u00e3o) est\u00e1 indignada com a insist\u00eancia de Primo C\u00edcero (Haroldo Guimar\u00e3es) de querer parte das terras&#8230;.<\/p>\n","protected":false},"author":1,"featured_media":68366,"comment_status":"closed","ping_status":"closed","sticky":false,"template":"","format":"standard","meta":{"_uf_show_specific_survey":0,"_uf_disable_surveys":false,"_jetpack_memberships_contains_paid_content":false,"footnotes":"","_wp_rev_ctl_limit":""},"categories":[353,763],"tags":[5,764,64],"class_list":["post-68365","post","type-post","status-publish","format-standard","has-post-thumbnail","hentry","category-resumos-de-novelas","category-no-rancho-fundo","tag-globo","tag-no-rancho-fundo","tag-novelas","wpcat-353-id","wpcat-763-id"],"aioseo_notices":[],"jetpack_featured_media_url":"https:\/\/i0.wp.com\/www.tvnovelas.com.br\/tvnews\/wp-content\/uploads\/2024\/09\/40042.jpg?fit=728%2C416&ssl=1","jetpack_shortlink":"https:\/\/wp.me\/pdP2BO-hMF","jetpack_sharing_enabled":true,"_links":{"self":[{"href":"https:\/\/www.tvnovelas.com.br\/tvnews\/wp-json\/wp\/v2\/posts\/68365","targetHints":{"allow":["GET"]}}],"collection":[{"href":"https:\/\/www.tvnovelas.com.br\/tvnews\/wp-json\/wp\/v2\/posts"}],"about":[{"href":"https:\/\/www.tvnovelas.com.br\/tvnews\/wp-json\/wp\/v2\/types\/post"}],"author":[{"embeddable":true,"href":"https:\/\/www.tvnovelas.com.br\/tvnews\/wp-json\/wp\/v2\/users\/1"}],"replies":[{"embeddable":true,"href":"https:\/\/www.tvnovelas.com.br\/tvnews\/wp-json\/wp\/v2\/comments?post=68365"}],"version-history":[{"count":2,"href":"https:\/\/www.tvnovelas.com.br\/tvnews\/wp-json\/wp\/v2\/posts\/68365\/revisions"}],"predecessor-version":[{"id":68369,"href":"https:\/\/www.tvnovelas.com.br\/tvnews\/wp-json\/wp\/v2\/posts\/68365\/revisions\/68369"}],"wp:featuredmedia":[{"embeddable":true,"href":"https:\/\/www.tvnovelas.com.br\/tvnews\/wp-json\/wp\/v2\/media\/68366"}],"wp:attachment":[{"href":"https:\/\/www.tvnovelas.com.br\/tvnews\/wp-json\/wp\/v2\/media?parent=68365"}],"wp:term":[{"taxonomy":"category","embeddable":true,"href":"https:\/\/www.tvnovelas.com.br\/tvnews\/wp-json\/wp\/v2\/categories?post=68365"},{"taxonomy":"post_tag","embeddable":true,"href":"https:\/\/www.tvnovelas.com.br\/tvnews\/wp-json\/wp\/v2\/tags?post=68365"}],"curies":[{"name":"wp","href":"https:\/\/api.w.org\/{rel}","templated":true}]}}