{"id":68483,"date":"2024-09-11T11:15:27","date_gmt":"2024-09-11T14:15:27","guid":{"rendered":"https:\/\/www.tvnovelas.com.br\/tvnews\/?p=68483"},"modified":"2024-09-11T11:15:27","modified_gmt":"2024-09-11T14:15:27","slug":"cabocla-luis-descobre-que-zuca-e-noiva-de-tobias","status":"publish","type":"post","link":"https:\/\/www.tvnovelas.com.br\/tvnews\/cabocla-luis-descobre-que-zuca-e-noiva-de-tobias\/","title":{"rendered":"Cabocla: Lu\u00eds descobre que Zuca \u00e9 noiva de Tobias"},"content":{"rendered":"<p><em>Em Cabocla: Lu\u00eds descobre<\/em><br \/>\n<figure id=\"attachment_68484\" aria-describedby=\"caption-attachment-68484\" style=\"width: 728px\" class=\"wp-caption alignnone\"><img data-recalc-dims=\"1\" decoding=\"async\" src=\"https:\/\/i0.wp.com\/www.tvnovelas.com.br\/tvnews\/wp-content\/uploads\/2024\/09\/40060.jpg?resize=728%2C413&#038;ssl=1\" alt=\"Foto em Cabocla: Lu\u00eds descobre\" width=\"728\" height=\"413\" class=\"size-full wp-image-68484\" \/><figcaption id=\"caption-attachment-68484\" class=\"wp-caption-text\">Cabocla: Lu\u00eds descobre&#8230;<\/figcaption><\/figure><br \/>\n(Foto: Reprodu\u00e7\u00e3o\/TV Globo\/Cabocla)<br \/>\nNo cap\u00edtulo de Cabocla desta quarta, dia 11, Lu\u00eds fica sem gra\u00e7a ao descobrir que Zuca \u00e9 noiva de Tobias. Confira o resumo completo de hoje:<\/p>\n<h2 style=\"color:#FF4500;\">Resumo de quarta-feira, 11 de setembro<\/h2>\n<p>Emerenciana se preocupa com Ritinha e Belinha, que demoram a voltar. Bina concorda em mandar Zuca para a casa de Boanerges. Belinha e Neco se encontram e Nast\u00e1cio v\u00ea. Zuca fica envergonhada com Lu\u00eds. Nast\u00e1cio afirma para Ritinha que n\u00e3o conta o que viu se ela lhe der um beijo. Ritinha lhe d\u00e1 um tapa. Zuca atira um cravo de longe para Lu\u00eds. Mariquinha revela ao pai que Fel\u00edcio a insultou. Justino fica furioso, mas Neco e Mariquinha o convencem a n\u00e3o fazer nada. A fam\u00edlia de Fel\u00edcio fica preocupada com o que pode acontecer ap\u00f3s ele ter insultado Mariquinha. Lu\u00eds pergunta a Generosa h\u00e1 quanto tempo sua fam\u00edlia est\u00e1 naquelas terras e afirma que eles t\u00eam direito a elas por usucapi\u00e3o. Xex\u00e9u garante a Justino que Boanerges e Lu\u00eds acreditaram no registro falso no cart\u00f3rio. Boanerges manda que Tobias n\u00e3o fa\u00e7a nada contra Justino, pois eles t\u00eam uma chance de resolver tudo de maneira legal. Lu\u00eds fica sem gra\u00e7a ao descobrir que Zuca \u00e9 noiva de Tobias.<br \/>\n<!--FIM--><\/p>\n<h3>Coment\u00e1rios em Cabocla: Lu\u00eds descobre<\/h3>\n<div class=\"fb-comments\" data-width=\"100%\" data-order-by=\"reverse_time\" data-numposts=\"5\"><\/div>\n<p><strong>Saiba mais<\/strong><br \/>\nA segunda vers\u00e3o da obra de Benedito Ruy Barbosa, escrita pelas filhas do autor, Edmara e Edilene Barbosa, gira em torno do amor da cabocla Zuca e do jovem advogado carioca Lu\u00eds Jer\u00f4nimo, entremeada por disputas pol\u00edticas.<br \/>\n<a href=\"https:\/\/wp.me\/pfspD2-2U\" target=\"_blank\" rel=\"noopener\">Cabocla: Uma hist\u00f3ria de um amor imposs\u00edvel (sinopse)<\/a><br \/>\n<a href=\"https:\/\/tvnovelas.com.br\/page2\/arquivo\/cabocla-quem-e-quem\/\">Cabocla: Quem \u00e9 Quem (Personagens)<\/a><\/p>\n<h3>Coment\u00e1rios em Resumos de Cabocla<\/h3>\n<div class=\"fb-comments\" data-href=\"https:\/\/tvnovelas.com.br\/novelas\/resumos-de-cabocla\/\" data-width=\"100%\" data-order_by=\"reverse_time\" data-numposts=\"3\"><\/div>\n<p><a href=\"https:\/\/pt.wikipedia.org\/wiki\/Cabocla_(2004)\" target=\"_blank\" rel=\"noopener\">Sobre Cabocla (2004) na Wikipedia<\/a><br \/>\n<a href=\"https:\/\/www.facebook.com\/tevenovelas\/\">\u00daltimas not\u00edcias do TV Novelas no Facebook<\/a><br \/>\n<a href=\"https:\/\/tvnovelas.com.br\/novelas\/\">Resumos de todas as novelas<\/a><\/p>\n","protected":false},"excerpt":{"rendered":"<p>Cabocla: Lu\u00eds descobre&#8230;No cap\u00edtulo de Cabocla desta quarta, dia 11, Lu\u00eds fica sem gra\u00e7a ao descobrir que Zuca \u00e9 noiva de Tobias. Confira o resumo&#8230;<\/p>\n","protected":false},"author":1,"featured_media":68484,"comment_status":"closed","ping_status":"closed","sticky":false,"template":"","format":"standard","meta":{"_uf_show_specific_survey":0,"_uf_disable_surveys":false,"_jetpack_memberships_contains_paid_content":false,"footnotes":"","_wp_rev_ctl_limit":""},"categories":[236],"tags":[800,5,64],"class_list":["post-68483","post","type-post","status-publish","format-standard","has-post-thumbnail","hentry","category-globo","tag-cabocla","tag-globo","tag-novelas","wpcat-236-id"],"aioseo_notices":[],"jetpack_featured_media_url":"https:\/\/i0.wp.com\/www.tvnovelas.com.br\/tvnews\/wp-content\/uploads\/2024\/09\/40060.jpg?fit=728%2C413&ssl=1","jetpack_shortlink":"https:\/\/wp.me\/pdP2BO-hOz","jetpack_sharing_enabled":true,"_links":{"self":[{"href":"https:\/\/www.tvnovelas.com.br\/tvnews\/wp-json\/wp\/v2\/posts\/68483","targetHints":{"allow":["GET"]}}],"collection":[{"href":"https:\/\/www.tvnovelas.com.br\/tvnews\/wp-json\/wp\/v2\/posts"}],"about":[{"href":"https:\/\/www.tvnovelas.com.br\/tvnews\/wp-json\/wp\/v2\/types\/post"}],"author":[{"embeddable":true,"href":"https:\/\/www.tvnovelas.com.br\/tvnews\/wp-json\/wp\/v2\/users\/1"}],"replies":[{"embeddable":true,"href":"https:\/\/www.tvnovelas.com.br\/tvnews\/wp-json\/wp\/v2\/comments?post=68483"}],"version-history":[{"count":1,"href":"https:\/\/www.tvnovelas.com.br\/tvnews\/wp-json\/wp\/v2\/posts\/68483\/revisions"}],"predecessor-version":[{"id":68485,"href":"https:\/\/www.tvnovelas.com.br\/tvnews\/wp-json\/wp\/v2\/posts\/68483\/revisions\/68485"}],"wp:featuredmedia":[{"embeddable":true,"href":"https:\/\/www.tvnovelas.com.br\/tvnews\/wp-json\/wp\/v2\/media\/68484"}],"wp:attachment":[{"href":"https:\/\/www.tvnovelas.com.br\/tvnews\/wp-json\/wp\/v2\/media?parent=68483"}],"wp:term":[{"taxonomy":"category","embeddable":true,"href":"https:\/\/www.tvnovelas.com.br\/tvnews\/wp-json\/wp\/v2\/categories?post=68483"},{"taxonomy":"post_tag","embeddable":true,"href":"https:\/\/www.tvnovelas.com.br\/tvnews\/wp-json\/wp\/v2\/tags?post=68483"}],"curies":[{"name":"wp","href":"https:\/\/api.w.org\/{rel}","templated":true}]}}