{"id":68535,"date":"2024-09-13T09:11:09","date_gmt":"2024-09-13T12:11:09","guid":{"rendered":"https:\/\/www.tvnovelas.com.br\/tvnews\/?p=68535"},"modified":"2024-09-13T09:11:09","modified_gmt":"2024-09-13T12:11:09","slug":"no-rancho-fundo-aldenor-desconfia-de-romera-a-assistente-virtual","status":"publish","type":"post","link":"https:\/\/www.tvnovelas.com.br\/tvnews\/no-rancho-fundo-aldenor-desconfia-de-romera-a-assistente-virtual\/","title":{"rendered":"No Rancho Fundo: Aldenor desconfia de  Romera, a assistente virtual"},"content":{"rendered":"<p><em>Em No Rancho Fundo: Aldenor&#8230;<\/em><br \/>\n<figure id=\"attachment_68536\" aria-describedby=\"caption-attachment-68536\" style=\"width: 728px\" class=\"wp-caption alignnone\"><img data-recalc-dims=\"1\" decoding=\"async\" class=\"wp-image-68536 size-full\" title=\"(Foto: TV Globo\/No Rancho Fundo)\" src=\"https:\/\/i0.wp.com\/www.tvnovelas.com.br\/tvnews\/wp-content\/uploads\/2024\/09\/40067.jpg?resize=728%2C410&#038;ssl=1\" alt=\"Foto em No Rancho Fundo: Aldenor\" width=\"728\" height=\"410\" \/><figcaption id=\"caption-attachment-68536\" class=\"wp-caption-text\">No Rancho Fundo: Aldenor<\/figcaption><\/figure><\/p>\n<p>Em No Rancho Fundo, Aldenor (Igor Jansen) ouviu uma conversa bastante suspeita entre Sab\u00e1 Bod\u00f3 (Welder Rodrigues) e Romera. Escondido na casa do prefeito, o rapaz o ouviu perguntar \u00e0 voz feminina se existe um jeito de as terras da fam\u00edlia Leonel irem para o munic\u00edpio. E esse assunto vai render uma grande confus\u00e3o!<\/p>\n<p>Sem imaginar que Romera \u00e9 uma assistente virtual, Z\u00e9 Beltino conclui que a &#8220;mulher&#8221; est\u00e1 querendo prejudicar Zefa Leonel (Andrea Beltr\u00e3o).<\/p>\n<p>Decidido a investigar essa hist\u00f3ria, Aldenor se encontra com Nast\u00e1cio (Guthierry Sotero) para pedir um favor:<\/p>\n<p>&#8220;Tu vai me ajudar a encontrar a grande mente criminosa&#8230; que t\u00e1 por tr\u00e1s de toda essa persegui\u00e7\u00e3o a madrinha.&#8221;<\/p>\n<p>&#8220;\u00d4xi, macho! Mas \u00e9 claro que ajudo. E \u00e9 quem?&#8221;, responde Nast\u00e1cio.<\/p>\n<p>&#8220;N\u00f3s vai atr\u00e1s de uma tal de: Romera. [&#8230;] Ela \u00e9 quem t\u00e1 por tr\u00e1s de todas as artimanha de Sab\u00e1 Bod\u00f3 contra madrinha e padrinho&#8230; Romera&#8230; parece nome de gringa, n\u00e9ra?&#8221;, diz Aldenor, acreditando realmente que esse seja o nome de uma mulher, de carne e osso.<br \/>\n<!--FIM--><\/p>\n<h3>Coment\u00e1rios em No Rancho Fundo: Aldenor&#8230;<\/h3>\n<div class=\"fb-comments\" data-width=\"100%\" data-order-by=\"reverse_time\" data-numposts=\"5\"><\/div>\n<h2>\u00daltimas publica\u00e7\u00f5es de No Rancho Fundo<\/h2>\n<p><div class=\"pt-cv-wrapper\"><div class=\"pt-cv-view pt-cv-grid pt-cv-colsys\" id=\"pt-cv-view-1b948bbbtz\"><div data-id=\"pt-cv-page-1\" class=\"pt-cv-page\" data-cvc=\"1\"><div class=\"col-md-12 col-sm-12 col-xs-12 pt-cv-content-item pt-cv-1-col\" ><div class='pt-cv-ifield'><h4 class=\"pt-cv-title\"><a href=\"https:\/\/www.tvnovelas.com.br\/tvnews\/no-rancho-fundo-deodora-atira-em-ariosto-por-magoa-e-ciume\/\" class=\"_blank\" target=\"_blank\" >No Rancho Fundo: Deodora atira em Ariosto por m\u00e1goa e ci\u00fame<\/a><\/h4><\/div><\/div>\n<div class=\"col-md-12 col-sm-12 col-xs-12 pt-cv-content-item pt-cv-1-col\" ><div class='pt-cv-ifield'><h4 class=\"pt-cv-title\"><a href=\"https:\/\/www.tvnovelas.com.br\/tvnews\/no-rancho-fundo-romera-desbloqueada-entre-os-podres-de-saba-bodo\/\" class=\"_blank\" target=\"_blank\" >No Rancho Fundo: Romera desbloqueada entre os podres de Sab\u00e1 Bod\u00f3<\/a><\/h4><\/div><\/div>\n<div class=\"col-md-12 col-sm-12 col-xs-12 pt-cv-content-item pt-cv-1-col\" ><div class='pt-cv-ifield'><h4 class=\"pt-cv-title\"><a href=\"https:\/\/www.tvnovelas.com.br\/tvnews\/no-rancho-fundo-jordao-e-preso-por-tentar-matar-primo-cicero\/\" class=\"_blank\" target=\"_blank\" >No Rancho Fundo: Jord\u00e3o \u00e9 preso por tentar matar Primo C\u00edcero<\/a><\/h4><\/div><\/div>\n<div class=\"col-md-12 col-sm-12 col-xs-12 pt-cv-content-item pt-cv-1-col\" ><div class='pt-cv-ifield'><h4 class=\"pt-cv-title\"><a href=\"https:\/\/www.tvnovelas.com.br\/tvnews\/no-rancho-fundo-artur-confronta-elias-e-descobre-quem-ele-e\/\" class=\"_blank\" target=\"_blank\" >No Rancho Fundo:  Artur confronta Elias e descobre quem ele \u00e9<\/a><\/h4><\/div><\/div>\n<div class=\"col-md-12 col-sm-12 col-xs-12 pt-cv-content-item pt-cv-1-col\" ><div class='pt-cv-ifield'><h4 class=\"pt-cv-title\"><a href=\"https:\/\/www.tvnovelas.com.br\/tvnews\/no-rancho-fundo-elias-espalha-dinamites-na-gruta-azul-a-mando-de-ariosto\/\" class=\"_blank\" target=\"_blank\" >No Rancho Fundo: Elias espalha dinamites na Gruta Azul a mando de Ariosto<\/a><\/h4><\/div><\/div><\/div><\/div><\/div><br \/>\n<a href=\"https:\/\/wp.me\/pfspD2-OO\" target=\"_blank\" rel=\"noopener\">No Rancho Fundo: De Lasca Fogo a Lap\u00e3o da Beirada<\/a><br \/>\n<a href=\"https:\/\/tvnovelas.com.br\/page2\/arquivo\/no-rancho-fundo-trilha-sonora\/\" target=\"_blank\" rel=\"noopener\">No Rancho Fundo: trilha sonora<\/a><br \/>\n<a href=\"https:\/\/pt.wikipedia.org\/wiki\/No_Rancho_Fundo\" target=\"_blank\" rel=\"noopener\">Sobre No Rancho Fundo, na Wikipedia<\/a><br \/>\n<a href=\"https:\/\/tvnovelas.com.br\/filmes\/filmes-na-tv-segunda\/\" target=\"_blank\" rel=\"noopener\">Confira a programa\u00e7\u00e3o de filmes na TV aberta<\/a><br \/>\n<a href=\"https:\/\/www.tvnovelas.com.br\/tvnews\/\">\u00daltimas not\u00edcias de todas as novelas<\/a><\/p>\n","protected":false},"excerpt":{"rendered":"<p>No Rancho Fundo: Aldenor&#8230;  Aldenor (Igor Jansen) ouviu uma conversa bastante suspeita entre Sab\u00e1 Bod\u00f3 (Welder Rodrigues) e Romera. Escondido na casa do prefeito&#8230;<\/p>\n","protected":false},"author":1,"featured_media":68536,"comment_status":"closed","ping_status":"closed","sticky":false,"template":"","format":"standard","meta":{"_uf_show_specific_survey":0,"_uf_disable_surveys":false,"_jetpack_memberships_contains_paid_content":false,"footnotes":"","_wp_rev_ctl_limit":""},"categories":[763],"tags":[5,764,64],"class_list":["post-68535","post","type-post","status-publish","format-standard","has-post-thumbnail","hentry","category-no-rancho-fundo","tag-globo","tag-no-rancho-fundo","tag-novelas","wpcat-763-id"],"aioseo_notices":[],"jetpack_featured_media_url":"https:\/\/i0.wp.com\/www.tvnovelas.com.br\/tvnews\/wp-content\/uploads\/2024\/09\/40067.jpg?fit=728%2C410&ssl=1","jetpack_shortlink":"https:\/\/wp.me\/pdP2BO-hPp","jetpack_sharing_enabled":true,"_links":{"self":[{"href":"https:\/\/www.tvnovelas.com.br\/tvnews\/wp-json\/wp\/v2\/posts\/68535","targetHints":{"allow":["GET"]}}],"collection":[{"href":"https:\/\/www.tvnovelas.com.br\/tvnews\/wp-json\/wp\/v2\/posts"}],"about":[{"href":"https:\/\/www.tvnovelas.com.br\/tvnews\/wp-json\/wp\/v2\/types\/post"}],"author":[{"embeddable":true,"href":"https:\/\/www.tvnovelas.com.br\/tvnews\/wp-json\/wp\/v2\/users\/1"}],"replies":[{"embeddable":true,"href":"https:\/\/www.tvnovelas.com.br\/tvnews\/wp-json\/wp\/v2\/comments?post=68535"}],"version-history":[{"count":1,"href":"https:\/\/www.tvnovelas.com.br\/tvnews\/wp-json\/wp\/v2\/posts\/68535\/revisions"}],"predecessor-version":[{"id":68537,"href":"https:\/\/www.tvnovelas.com.br\/tvnews\/wp-json\/wp\/v2\/posts\/68535\/revisions\/68537"}],"wp:featuredmedia":[{"embeddable":true,"href":"https:\/\/www.tvnovelas.com.br\/tvnews\/wp-json\/wp\/v2\/media\/68536"}],"wp:attachment":[{"href":"https:\/\/www.tvnovelas.com.br\/tvnews\/wp-json\/wp\/v2\/media?parent=68535"}],"wp:term":[{"taxonomy":"category","embeddable":true,"href":"https:\/\/www.tvnovelas.com.br\/tvnews\/wp-json\/wp\/v2\/categories?post=68535"},{"taxonomy":"post_tag","embeddable":true,"href":"https:\/\/www.tvnovelas.com.br\/tvnews\/wp-json\/wp\/v2\/tags?post=68535"}],"curies":[{"name":"wp","href":"https:\/\/api.w.org\/{rel}","templated":true}]}}