{"id":68553,"date":"2024-09-14T08:58:00","date_gmt":"2024-09-14T11:58:00","guid":{"rendered":"https:\/\/www.tvnovelas.com.br\/tvnews\/?p=68553"},"modified":"2024-09-14T08:58:00","modified_gmt":"2024-09-14T11:58:00","slug":"familia-e-tudo-venus-livra-leo-netuno-da-prisao","status":"publish","type":"post","link":"https:\/\/www.tvnovelas.com.br\/tvnews\/familia-e-tudo-venus-livra-leo-netuno-da-prisao\/","title":{"rendered":"Fam\u00edlia \u00e9 Tudo:  V\u00eanus livra L\u00e9o\/Netuno da pris\u00e3o"},"content":{"rendered":"<p><em>Em Fam\u00edlia \u00e9 Tudo: V\u00eanus livra&#8230;<\/em><br \/>\n<figure id=\"attachment_68554\" aria-describedby=\"caption-attachment-68554\" style=\"width: 728px\" class=\"wp-caption alignnone\"><img data-recalc-dims=\"1\" decoding=\"async\" class=\"wp-image-68554 size-full\" title=\"(Foto: TV Globo\/Fam\u00edlia \u00e9 Tudo)\" src=\"https:\/\/i0.wp.com\/www.tvnovelas.com.br\/tvnews\/wp-content\/uploads\/2024\/09\/40072.jpg?resize=728%2C408&#038;ssl=1\" alt=\"Foto em Fam\u00edlia \u00e9 Tudo: V\u00eanus livra...\" width=\"728\" height=\"408\" \/><figcaption id=\"caption-attachment-68554\" class=\"wp-caption-text\">Fam\u00edlia \u00e9 Tudo: V\u00eanus livra<\/figcaption><\/figure><\/p>\n<p>Em Fam\u00edlia \u00e9 Tudo, ap\u00f3s o atentado de Otto (M\u00e1rcio Vito) e Brenda (Alexandra Richter), L\u00e9o\/Netuno (Paulo Lessa) decidiu se livrar do seu passado como bandido e se entregar \u00e0 pol\u00edcia. Mesmo tendo mudado de vida ap\u00f3s ser atropelado e perder a mem\u00f3ria, o chef quer viver uma vida em paz, sem nenhuma &#8216;conta&#8217; a pagar. Sorte a dele que uma pessoa em especial chegar\u00e1 para resolver tudo: V\u00eanus (Nathalia Dill).<\/p>\n<p>Ap\u00f3s uma conversa com \u00c9neas (Conrado Caputo), a Mancini percebe que L\u00e9o era apenas uma v\u00edtima das manipula\u00e7\u00f5es constantes de sua m\u00e3e. Com isso, ao descobrir que ele pretende se entregar \u00e0 pol\u00edcia por tudo que havia feito contra ela no passado, decide agir. Ela corre at\u00e9 a delegacia e interrompe o chef no momento em que ele estava prestes a confessar seu segredo do passado.<\/p>\n<p>&#8220;Desculpa interromper, mas eu precisava falar com o L\u00e9o!&#8221;, diz V\u00eanus ao delegado.<\/p>\n<p>&#8220;Ele est\u00e1 depondo sobre o assassinato do seu pai&#8230; \u00c9 um testemunho que pode ser fundamental pra reabertura do caso!&#8221;, responde.<\/p>\n<p>&#8220;Eu vou contar toda a verdade pro delegado&#8230;&#8221;, diz L\u00e9o.<\/p>\n<p>&#8220;N\u00e3o precisa, eu mesma conto!&#8221;, garante.<\/p>\n<p>&#8220;V\u00eanus, o que voc\u00ea t\u00e1 fazendo? Eu t\u00f4 pra contar que a Brenda mandou te matar! Do crime que eu cometi!&#8221;, reage ele.<\/p>\n<p>&#8220;Exato, crime de omiss\u00e3o! O L\u00e9o ficou sabendo pela m\u00e3e, depois que recuperou a mem\u00f3ria, que ela mandou um bandido invadir a minha Funda\u00e7\u00e3o pra me matar&#8221;, diz ela, antes que o chef possa dizer qualquer coisa.<br \/>\n<!--END--><\/p>\n<div class=\"fb-comments\" data-width=\"100%\" data-order-by=\"reverse_time\" data-numposts=\"5\"><\/div>\n<p><a href=\"https:\/\/tvnovelas.com.br\/novelas\/resumos-de-familia-e-tudo\/\" target=\"_blank\" rel=\"noopener\">Confira os resumos da semana de Fam\u00edlia \u00e9 Tudo<\/a><\/br>\r\n<strong style=\"font-size: 120%;\">\u00daltimas not\u00edcias de Fam\u00edlia \u00e9 Tudo<\/strong>\r\n<div class=\"pt-cv-wrapper\"><div class=\"pt-cv-view pt-cv-grid pt-cv-colsys\" id=\"pt-cv-view-f4ab296jpv\"><div data-id=\"pt-cv-page-1\" class=\"pt-cv-page\" data-cvc=\"1\"><div class=\"col-md-12 col-sm-12 col-xs-12 pt-cv-content-item pt-cv-1-col\" ><div class='pt-cv-ifield'><h4 class=\"pt-cv-title\"><a href=\"https:\/\/www.tvnovelas.com.br\/tvnews\/familia-e-tudo-electra-vai-ate-a-prisao-e-humilha-jessica\/\" class=\"_blank\" target=\"_blank\" >Fam\u00edlia \u00e9 Tudo: Electra vai at\u00e9 a pris\u00e3o e humilha J\u00e9ssica<\/a><\/h4><\/div><\/div>\n<div class=\"col-md-12 col-sm-12 col-xs-12 pt-cv-content-item pt-cv-1-col\" ><div class='pt-cv-ifield'><h4 class=\"pt-cv-title\"><a href=\"https:\/\/www.tvnovelas.com.br\/tvnews\/familia-e-tudo-guto-e-jupiter-tentam-conquitar-lupita\/\" class=\"_blank\" target=\"_blank\" >Fam\u00edlia \u00e9 Tudo: Guto e J\u00fapiter tentam conquitar Lupita<\/a><\/h4><\/div><\/div>\n<div class=\"col-md-12 col-sm-12 col-xs-12 pt-cv-content-item pt-cv-1-col\" ><div class='pt-cv-ifield'><h4 class=\"pt-cv-title\"><a href=\"https:\/\/www.tvnovelas.com.br\/tvnews\/familia-e-tudo-tom-adota-eva-e-pede-venus-em-casamento\/\" class=\"_blank\" target=\"_blank\" >Fam\u00edlia \u00e9 Tudo: Tom adota Eva e pede V\u00eanus em casamento<\/a><\/h4><\/div><\/div>\n<div class=\"col-md-12 col-sm-12 col-xs-12 pt-cv-content-item pt-cv-1-col\" ><div class='pt-cv-ifield'><h4 class=\"pt-cv-title\"><a href=\"https:\/\/www.tvnovelas.com.br\/tvnews\/familia-e-tudo-lupita-e-guto-se-beijam-apos-banho-de-beleza\/\" class=\"_blank\" target=\"_blank\" >Fam\u00edlia \u00e9 Tudo: Lupita e Guto se beijam ap\u00f3s Banho de Beleza<\/a><\/h4><\/div><\/div>\n<div class=\"col-md-12 col-sm-12 col-xs-12 pt-cv-content-item pt-cv-1-col\" ><div class='pt-cv-ifield'><h4 class=\"pt-cv-title\"><a href=\"https:\/\/www.tvnovelas.com.br\/tvnews\/familia-e-tudo-luca-decide-ir-para-dubai-com-maya\/\" class=\"_blank\" target=\"_blank\" >Fam\u00edlia \u00e9 Tudo: Luca decide ir para Dubai com Maya<\/a><\/h4><\/div><\/div>\n<div class=\"col-md-12 col-sm-12 col-xs-12 pt-cv-content-item pt-cv-1-col\" ><div class='pt-cv-ifield'><h4 class=\"pt-cv-title\"><a href=\"https:\/\/www.tvnovelas.com.br\/tvnews\/familia-e-tudo-catarina-pede-perdao-a-frida\/\" class=\"_blank\" target=\"_blank\" >Fam\u00edlia \u00e9 Tudo: Catarina pede perd\u00e3o a Frida<\/a><\/h4><\/div><\/div>\n<div class=\"col-md-12 col-sm-12 col-xs-12 pt-cv-content-item pt-cv-1-col\" ><div class='pt-cv-ifield'><h4 class=\"pt-cv-title\"><a href=\"https:\/\/www.tvnovelas.com.br\/tvnews\/familia-e-tudo-frida-se-revela-a-venus\/\" class=\"_blank\" target=\"_blank\" >Fam\u00edlia \u00e9 Tudo: Frida se revela \u00e0 V\u00eanus<\/a><\/h4><\/div><\/div>\n<div class=\"col-md-12 col-sm-12 col-xs-12 pt-cv-content-item pt-cv-1-col\" ><div class='pt-cv-ifield'><h4 class=\"pt-cv-title\"><a href=\"https:\/\/www.tvnovelas.com.br\/tvnews\/familia-e-tudo-maya-pede-que-tom-nao-perca-venus\/\" class=\"_blank\" target=\"_blank\" >Fam\u00edlia \u00e9 Tudo: Maya pede que Tom n\u00e3o perca V\u00eanus<\/a><\/h4><\/div><\/div>\n<div class=\"col-md-12 col-sm-12 col-xs-12 pt-cv-content-item pt-cv-1-col\" ><div class='pt-cv-ifield'><h4 class=\"pt-cv-title\"><a href=\"https:\/\/www.tvnovelas.com.br\/tvnews\/familia-e-tudo-chantal-se-interessa-por-leo-netuno\/\" class=\"_blank\" target=\"_blank\" >Fam\u00edlia \u00e9 Tudo: Chantal se interessa por L\u00e9o\/Netuno<\/a><\/h4><\/div><\/div>\n<div class=\"col-md-12 col-sm-12 col-xs-12 pt-cv-content-item pt-cv-1-col\" ><div class='pt-cv-ifield'><h4 class=\"pt-cv-title\"><a href=\"https:\/\/www.tvnovelas.com.br\/tvnews\/familia-e-tudo-hans-se-confunde-e-joga-a-propria-mae-no-mar\/\" class=\"_blank\" target=\"_blank\" >Fam\u00edlia \u00e9 Tudo: Hans se confunde e joga a pr\u00f3pria m\u00e3e no mar<\/a><\/h4><\/div><\/div><\/div><\/div><\/div>\r\n<strong style=\"font-size: 120%;\">\u00daltimas not\u00edcias deste site:<\/strong>\r\n<div class=\"pt-cv-wrapper\"><div class=\"pt-cv-view pt-cv-grid pt-cv-colsys\" id=\"pt-cv-view-90991035b3\"><div data-id=\"pt-cv-page-1\" class=\"pt-cv-page\" data-cvc=\"1\"><div class=\"col-md-12 col-sm-12 col-xs-12 pt-cv-content-item pt-cv-1-col\" ><div class='pt-cv-ifield'><h4 class=\"pt-cv-title\"><a href=\"https:\/\/www.tvnovelas.com.br\/tvnews\/coracao-de-mae-irmak-inicia-jogo-arriscado-contra-adnan\/\" class=\"_self\" target=\"_self\" >Cora\u00e7\u00e3o de M\u00e3e: Irmak inicia jogo arriscado contra Adnan<\/a><\/h4><\/div><\/div>\n<div class=\"col-md-12 col-sm-12 col-xs-12 pt-cv-content-item pt-cv-1-col\" ><div class='pt-cv-ifield'><h4 class=\"pt-cv-title\"><a href=\"https:\/\/www.tvnovelas.com.br\/tvnews\/guerra-das-rosas-omer-chama-gulru-vestida-de-noiva-para-fugir\/\" class=\"_self\" target=\"_self\" >Guerra das Rosas: Omer chama Gulru vestida de noiva para fugir<\/a><\/h4><\/div><\/div>\n<div class=\"col-md-12 col-sm-12 col-xs-12 pt-cv-content-item pt-cv-1-col\" ><div class='pt-cv-ifield'><h4 class=\"pt-cv-title\"><a href=\"https:\/\/www.tvnovelas.com.br\/tvnews\/coracao-de-mae-reha-sai-para-jantar-com-selvi\/\" class=\"_self\" target=\"_self\" >Cora\u00e7\u00e3o de M\u00e3e: Reha sai para jantar com Selvi<\/a><\/h4><\/div><\/div>\n<div class=\"col-md-12 col-sm-12 col-xs-12 pt-cv-content-item pt-cv-1-col\" ><div class='pt-cv-ifield'><h4 class=\"pt-cv-title\"><a href=\"https:\/\/www.tvnovelas.com.br\/tvnews\/coracao-acelerado-zila-se-preocupa-com-sua-situacao-apos-separacao\/\" class=\"_self\" target=\"_self\" >Cora\u00e7\u00e3o Acelerado: Zil\u00e1 se preocupa com sua situa\u00e7\u00e3o ap\u00f3s separa\u00e7\u00e3o<\/a><\/h4><\/div><\/div>\n<div class=\"col-md-12 col-sm-12 col-xs-12 pt-cv-content-item pt-cv-1-col\" ><div class='pt-cv-ifield'><h4 class=\"pt-cv-title\"><a href=\"https:\/\/www.tvnovelas.com.br\/tvnews\/a-nobreza-do-amor-tonho-nao-se-curva-diante-de-mirinho\/\" class=\"_self\" target=\"_self\" >A Nobreza do Amor: Tonho n\u00e3o se curva diante de Mirinho<\/a><\/h4><\/div><\/div>\n<div class=\"col-md-12 col-sm-12 col-xs-12 pt-cv-content-item pt-cv-1-col\" ><div class='pt-cv-ifield'><h4 class=\"pt-cv-title\"><a href=\"https:\/\/www.tvnovelas.com.br\/tvnews\/tres-gracas-arminda-surta-ao-confirmar-que-ferette-e-pai-de-raul\/\" class=\"_self\" target=\"_self\" >Tr\u00eas Gra\u00e7as:  Arminda surta ao confirmar que Ferette \u00e9 pai de Raul<\/a><\/h4><\/div><\/div>\n<div class=\"col-md-12 col-sm-12 col-xs-12 pt-cv-content-item pt-cv-1-col\" ><div class='pt-cv-ifield'><h4 class=\"pt-cv-title\"><a href=\"https:\/\/www.tvnovelas.com.br\/tvnews\/coracao-de-mae-atilla-confronta-hasan-e-exige-o-divorcio-de-lale\/\" class=\"_self\" target=\"_self\" >Cora\u00e7\u00e3o de M\u00e3e: Atilla confronta Hasan e exige o div\u00f3rcio de Lale<\/a><\/h4><\/div><\/div>\n<div class=\"col-md-12 col-sm-12 col-xs-12 pt-cv-content-item pt-cv-1-col\" ><div class='pt-cv-ifield'><h4 class=\"pt-cv-title\"><a href=\"https:\/\/www.tvnovelas.com.br\/tvnews\/guerra-das-rosas-gulfem-coloca-gulru-contra-a-parede\/\" class=\"_self\" target=\"_self\" >Guerra das Rosas: Gulfem coloca Gulru contra a parede<\/a><\/h4><\/div><\/div>\n<div class=\"col-md-12 col-sm-12 col-xs-12 pt-cv-content-item pt-cv-1-col\" ><div class='pt-cv-ifield'><h4 class=\"pt-cv-title\"><a href=\"https:\/\/www.tvnovelas.com.br\/tvnews\/coracao-de-mae-atilla-diz-a-lale-que-quer-o-divorcio\/\" class=\"_self\" target=\"_self\" >Cora\u00e7\u00e3o de M\u00e3e: Atilla diz a Lale que quer o div\u00f3rcio<\/a><\/h4><\/div><\/div>\n<div class=\"col-md-12 col-sm-12 col-xs-12 pt-cv-content-item pt-cv-1-col\" ><div class='pt-cv-ifield'><h4 class=\"pt-cv-title\"><a href=\"https:\/\/www.tvnovelas.com.br\/tvnews\/a-nobreza-do-amor-mirinho-garante-noivado-com-virginia-para-atrair-sogro-a-negocio\/\" class=\"_self\" target=\"_self\" >A Nobreza do Amor: Mirinho garante noivado com Virg\u00ednia para atrair sogro a neg\u00f3cio<\/a><\/h4><\/div><\/div><\/div><\/div><\/div>\r\n<a href=\"https:\/\/www.tvnovelas.com.br\/novelas\/\"><strong>Confira os resumos da semana de todas novelas<\/strong><\/a>\r\n<h3>Confira tamb\u00e9m<\/h3>\r\n<a href=\"https:\/\/www.tvnovelas.com.br\/filmes\/\" target=\"_blank\" rel=\"noopener noreferrer\"><strong>Programa\u00e7\u00e3o de filmes na TV aberta<\/strong><\/a><\/br>\r\n<a href=\"https:\/\/caetenews.com.br\/semana\/filmes-da-globo-na-sessao-da-tarde-desta-semana\/\" target=\"_blank\" rel=\"noopener\"><strong>Confira os filmes da semana na Sess\u00e3o da Tarde<\/strong><\/a><\/br>\r\n<a href=\"https:\/\/www.tvnovelas.com.br\/novelas\/\" target=\"_blank\" rel=\"noopener noreferrer\"><strong>Resumos de novelas<\/strong><\/a><br \/>\n<a href=\"https:\/\/tvnovelas.com.br\/filmes\/filmes-na-tv-segunda\/\" target=\"_blank\" rel=\"noopener\">Confira a Progrma\u00e7\u00e3o de Filmes na TV aberta<\/a><br \/>\n<a href=\"https:\/\/pt.wikipedia.org\/wiki\/Fam\u00edlia_\u00c9_Tudo\" target=\"_blank\" rel=\"noopener\">Sobre Fam\u00edlia \u00e9 Tudo na Wikipedia<\/a><br \/>\n<a href=\"https:\/\/www.tvnovelas.com.br\/tvnews\/\" target=\"_blank\" rel=\"noopener\">\u00daltimas not\u00edcias das novelas<\/a><\/p>\n","protected":false},"excerpt":{"rendered":"<p>Fam\u00edlia \u00e9 Tudo:  V\u00eanus livra&#8230; Ap\u00f3s o atentado de Otto (M\u00e1rcio Vito) e Brenda (Alexandra Richter), L\u00e9o\/Netuno (Paulo Lessa) decidiu se livrar&#8230;<\/p>\n","protected":false},"author":1,"featured_media":68554,"comment_status":"closed","ping_status":"closed","sticky":false,"template":"","format":"standard","meta":{"_uf_show_specific_survey":0,"_uf_disable_surveys":false,"_jetpack_memberships_contains_paid_content":false,"footnotes":"","_wp_rev_ctl_limit":""},"categories":[353,689],"tags":[690,5,64],"class_list":["post-68553","post","type-post","status-publish","format-standard","has-post-thumbnail","hentry","category-resumos-de-novelas","category-familia-e-tudo","tag-familia-e-tudo","tag-globo","tag-novelas","wpcat-353-id","wpcat-689-id"],"aioseo_notices":[],"jetpack_featured_media_url":"https:\/\/i0.wp.com\/www.tvnovelas.com.br\/tvnews\/wp-content\/uploads\/2024\/09\/40072.jpg?fit=728%2C408&ssl=1","jetpack_shortlink":"https:\/\/wp.me\/pdP2BO-hPH","jetpack_sharing_enabled":true,"_links":{"self":[{"href":"https:\/\/www.tvnovelas.com.br\/tvnews\/wp-json\/wp\/v2\/posts\/68553","targetHints":{"allow":["GET"]}}],"collection":[{"href":"https:\/\/www.tvnovelas.com.br\/tvnews\/wp-json\/wp\/v2\/posts"}],"about":[{"href":"https:\/\/www.tvnovelas.com.br\/tvnews\/wp-json\/wp\/v2\/types\/post"}],"author":[{"embeddable":true,"href":"https:\/\/www.tvnovelas.com.br\/tvnews\/wp-json\/wp\/v2\/users\/1"}],"replies":[{"embeddable":true,"href":"https:\/\/www.tvnovelas.com.br\/tvnews\/wp-json\/wp\/v2\/comments?post=68553"}],"version-history":[{"count":2,"href":"https:\/\/www.tvnovelas.com.br\/tvnews\/wp-json\/wp\/v2\/posts\/68553\/revisions"}],"predecessor-version":[{"id":68556,"href":"https:\/\/www.tvnovelas.com.br\/tvnews\/wp-json\/wp\/v2\/posts\/68553\/revisions\/68556"}],"wp:featuredmedia":[{"embeddable":true,"href":"https:\/\/www.tvnovelas.com.br\/tvnews\/wp-json\/wp\/v2\/media\/68554"}],"wp:attachment":[{"href":"https:\/\/www.tvnovelas.com.br\/tvnews\/wp-json\/wp\/v2\/media?parent=68553"}],"wp:term":[{"taxonomy":"category","embeddable":true,"href":"https:\/\/www.tvnovelas.com.br\/tvnews\/wp-json\/wp\/v2\/categories?post=68553"},{"taxonomy":"post_tag","embeddable":true,"href":"https:\/\/www.tvnovelas.com.br\/tvnews\/wp-json\/wp\/v2\/tags?post=68553"}],"curies":[{"name":"wp","href":"https:\/\/api.w.org\/{rel}","templated":true}]}}