{"id":68558,"date":"2024-09-14T09:06:05","date_gmt":"2024-09-14T12:06:05","guid":{"rendered":"https:\/\/www.tvnovelas.com.br\/tvnews\/?p=68558"},"modified":"2024-09-14T09:16:04","modified_gmt":"2024-09-14T12:16:04","slug":"68558-2","status":"publish","type":"post","link":"https:\/\/www.tvnovelas.com.br\/tvnews\/68558-2\/","title":{"rendered":"No Rancho Fundo: Tico Leonel quase entrega segredo para  Margaridinha"},"content":{"rendered":"<p><em>Em No No Rancho Fundo: Tico<\/em><br \/>\n<figure id=\"attachment_68562\" aria-describedby=\"caption-attachment-68562\" style=\"width: 728px\" class=\"wp-caption alignnone\"><img data-recalc-dims=\"1\" decoding=\"async\" class=\"wp-image-68562 size-full\" title=\"(Foto: TV Globo\/No Rancho Fundo)\" src=\"https:\/\/i0.wp.com\/www.tvnovelas.com.br\/tvnews\/wp-content\/uploads\/2024\/09\/40073.jpg?resize=728%2C410&#038;ssl=1\" alt=\"Foto em No Rancho Fundo: Tico...\" width=\"728\" height=\"410\" \/><figcaption id=\"caption-attachment-68562\" class=\"wp-caption-text\">No Rancho Fundo: Tico&#8230;<\/figcaption><\/figure><\/p>\n<p>Em No Rancho Fundo, Seu Tico Leonel (Alexandre Nero) ficou arrasado ao descobrir que Margaridinha (Heloisa Honein), a sua querida afilhada, est\u00e1 trabalhando no cabar\u00e9. Wle vai at\u00e9 o local e tentar\u00e1 convencer a mo\u00e7a a sair de l\u00e1.<\/p>\n<p>Assim que chega ao cabar\u00e9, Seu Tico encontra Margaridinha e os dois conversam a s\u00f3s:<\/p>\n<p>&#8220;Onde j\u00e1 se viu! Uma menina feito tu, filha minha, trabalhando num lugar desse! Num cabar\u00e9, um antro de perdi\u00e7\u00e3o, de gente sem-vergonha e safada! Lugar onde n\u00e3o se v\u00ea um pingo de dec\u00eancia! Vamos embora pra casa&#8230;&#8221;<\/p>\n<p>Por\u00e9m, para sua surpresa, Margaridinha diz que n\u00e3o vai a lugar algum. E ela usa um discurso empoderado para se explicar:<\/p>\n<p>&#8220;Por que todo mundo que diz se importar comigo, nunca t\u00e1 disposto a me ouvir? S\u00f3 quer falar, dar ideia, dizer o que tenho que fazer da vida&#8230; As pessoa n\u00e3o t\u00e3o nem a\u00ed pro que eu penso. S\u00f3 querem que eu siga um modelo, um padr\u00e3o, como se eu n\u00e3o tivesse vontade pr\u00f3pria&#8230; Eu n\u00e3o quero viver a vida que escolheram pra mim, padrinho&#8230; Eu quero viver a minha pr\u00f3pria vida, fazer minhas escolha, acertar e errar por mim mesma.&#8221;<\/p>\n<p>Amoroso, seu Tico pergunta o que Margaridinha quer fazer da vida, e ela responde:<\/p>\n<p>&#8220;Eu quero ser livre!&#8221;<\/p>\n<p>Margaridinha explica que trabalha na contabilidade, mas seu Tico insiste que tem muito trabalho melhor por a\u00ed. Nesse momento, ele quase comete o erro de dizer o que Salete (Mariana Lima) \u00e9 da menina:<\/p>\n<p>&#8220;Por que tu n\u00e3o vai trabalhar com tua&#8230;&#8221;<\/p>\n<p>Mas logo ele se corrige:<\/p>\n<p>&#8220;&#8230; Com tia Salete! Ela agora tem uma loja.&#8221;<\/p>\n<p>Mas esse assunto volta quando seu Tico pergunta o que a m\u00e3e da Margaridinha vai achar disso. Sem entender, ela reage:<\/p>\n<p>&#8220;Eu n\u00e3o tenho m\u00e3e&#8230;&#8221;<\/p>\n<p>&#8220;Tu tem sim!&#8221;<\/p>\n<p>&#8220;De quem tu t\u00e1 falando, padrinho?&#8221;<br \/>\n<!--FIM--><\/p>\n<h3>Coment\u00e1rios em No Rancho Fundo: Tico&#8230;.<\/h3>\n<div class=\"fb-comments\" data-width=\"100%\" data-order-by=\"reverse_time\" data-numposts=\"5\"><\/div>\n<h2>\u00daltimas publica\u00e7\u00f5es de No Rancho Fundo<\/h2>\n<p><div class=\"pt-cv-wrapper\"><div class=\"pt-cv-view pt-cv-grid pt-cv-colsys\" id=\"pt-cv-view-1b948bbbtz\"><div data-id=\"pt-cv-page-1\" class=\"pt-cv-page\" data-cvc=\"1\"><div class=\"col-md-12 col-sm-12 col-xs-12 pt-cv-content-item pt-cv-1-col\" ><div class='pt-cv-ifield'><h4 class=\"pt-cv-title\"><a href=\"https:\/\/www.tvnovelas.com.br\/tvnews\/no-rancho-fundo-deodora-atira-em-ariosto-por-magoa-e-ciume\/\" class=\"_blank\" target=\"_blank\" >No Rancho Fundo: Deodora atira em Ariosto por m\u00e1goa e ci\u00fame<\/a><\/h4><\/div><\/div>\n<div class=\"col-md-12 col-sm-12 col-xs-12 pt-cv-content-item pt-cv-1-col\" ><div class='pt-cv-ifield'><h4 class=\"pt-cv-title\"><a href=\"https:\/\/www.tvnovelas.com.br\/tvnews\/no-rancho-fundo-romera-desbloqueada-entre-os-podres-de-saba-bodo\/\" class=\"_blank\" target=\"_blank\" >No Rancho Fundo: Romera desbloqueada entre os podres de Sab\u00e1 Bod\u00f3<\/a><\/h4><\/div><\/div>\n<div class=\"col-md-12 col-sm-12 col-xs-12 pt-cv-content-item pt-cv-1-col\" ><div class='pt-cv-ifield'><h4 class=\"pt-cv-title\"><a href=\"https:\/\/www.tvnovelas.com.br\/tvnews\/no-rancho-fundo-jordao-e-preso-por-tentar-matar-primo-cicero\/\" class=\"_blank\" target=\"_blank\" >No Rancho Fundo: Jord\u00e3o \u00e9 preso por tentar matar Primo C\u00edcero<\/a><\/h4><\/div><\/div>\n<div class=\"col-md-12 col-sm-12 col-xs-12 pt-cv-content-item pt-cv-1-col\" ><div class='pt-cv-ifield'><h4 class=\"pt-cv-title\"><a href=\"https:\/\/www.tvnovelas.com.br\/tvnews\/no-rancho-fundo-artur-confronta-elias-e-descobre-quem-ele-e\/\" class=\"_blank\" target=\"_blank\" >No Rancho Fundo:  Artur confronta Elias e descobre quem ele \u00e9<\/a><\/h4><\/div><\/div>\n<div class=\"col-md-12 col-sm-12 col-xs-12 pt-cv-content-item pt-cv-1-col\" ><div class='pt-cv-ifield'><h4 class=\"pt-cv-title\"><a href=\"https:\/\/www.tvnovelas.com.br\/tvnews\/no-rancho-fundo-elias-espalha-dinamites-na-gruta-azul-a-mando-de-ariosto\/\" class=\"_blank\" target=\"_blank\" >No Rancho Fundo: Elias espalha dinamites na Gruta Azul a mando de Ariosto<\/a><\/h4><\/div><\/div><\/div><\/div><\/div><br \/>\n<a href=\"https:\/\/wp.me\/pfspD2-OO\" target=\"_blank\" rel=\"noopener\">No Rancho Fundo: De Lasca Fogo a Lap\u00e3o da Beirada<\/a><br \/>\n<a href=\"https:\/\/tvnovelas.com.br\/page2\/arquivo\/no-rancho-fundo-trilha-sonora\/\" target=\"_blank\" rel=\"noopener\">No Rancho Fundo: trilha sonora<\/a><br \/>\n<a href=\"https:\/\/pt.wikipedia.org\/wiki\/No_Rancho_Fundo\" target=\"_blank\" rel=\"noopener\">Sobre No Rancho Fundo, na Wikipedia<\/a><br \/>\n<a href=\"https:\/\/tvnovelas.com.br\/filmes\/filmes-na-tv-segunda\/\" target=\"_blank\" rel=\"noopener\">Confira a programa\u00e7\u00e3o de filmes na TV aberta<\/a><br \/>\n<a href=\"https:\/\/www.tvnovelas.com.br\/tvnews\/\">\u00daltimas not\u00edcias de todas as novelas<\/a><\/p>\n","protected":false},"excerpt":{"rendered":"<p>No Rancho Fundo: Tico&#8230;. Seu Tico Leonel (Alexandre Nero) ficou arrasado ao descobrir que Margaridinha (Heloisa Honein), a sua querida afilhada, est\u00e1 trabalhando&#8230;<\/p>\n","protected":false},"author":1,"featured_media":68562,"comment_status":"closed","ping_status":"closed","sticky":false,"template":"","format":"standard","meta":{"_uf_show_specific_survey":0,"_uf_disable_surveys":false,"_jetpack_memberships_contains_paid_content":false,"footnotes":"","_wp_rev_ctl_limit":""},"categories":[763],"tags":[5,764,64],"class_list":["post-68558","post","type-post","status-publish","format-standard","has-post-thumbnail","hentry","category-no-rancho-fundo","tag-globo","tag-no-rancho-fundo","tag-novelas","wpcat-763-id"],"aioseo_notices":[],"jetpack_featured_media_url":"https:\/\/i0.wp.com\/www.tvnovelas.com.br\/tvnews\/wp-content\/uploads\/2024\/09\/40073.jpg?fit=728%2C410&ssl=1","jetpack_shortlink":"https:\/\/wp.me\/pdP2BO-hPM","jetpack_sharing_enabled":true,"_links":{"self":[{"href":"https:\/\/www.tvnovelas.com.br\/tvnews\/wp-json\/wp\/v2\/posts\/68558","targetHints":{"allow":["GET"]}}],"collection":[{"href":"https:\/\/www.tvnovelas.com.br\/tvnews\/wp-json\/wp\/v2\/posts"}],"about":[{"href":"https:\/\/www.tvnovelas.com.br\/tvnews\/wp-json\/wp\/v2\/types\/post"}],"author":[{"embeddable":true,"href":"https:\/\/www.tvnovelas.com.br\/tvnews\/wp-json\/wp\/v2\/users\/1"}],"replies":[{"embeddable":true,"href":"https:\/\/www.tvnovelas.com.br\/tvnews\/wp-json\/wp\/v2\/comments?post=68558"}],"version-history":[{"count":5,"href":"https:\/\/www.tvnovelas.com.br\/tvnews\/wp-json\/wp\/v2\/posts\/68558\/revisions"}],"predecessor-version":[{"id":68564,"href":"https:\/\/www.tvnovelas.com.br\/tvnews\/wp-json\/wp\/v2\/posts\/68558\/revisions\/68564"}],"wp:featuredmedia":[{"embeddable":true,"href":"https:\/\/www.tvnovelas.com.br\/tvnews\/wp-json\/wp\/v2\/media\/68562"}],"wp:attachment":[{"href":"https:\/\/www.tvnovelas.com.br\/tvnews\/wp-json\/wp\/v2\/media?parent=68558"}],"wp:term":[{"taxonomy":"category","embeddable":true,"href":"https:\/\/www.tvnovelas.com.br\/tvnews\/wp-json\/wp\/v2\/categories?post=68558"},{"taxonomy":"post_tag","embeddable":true,"href":"https:\/\/www.tvnovelas.com.br\/tvnews\/wp-json\/wp\/v2\/tags?post=68558"}],"curies":[{"name":"wp","href":"https:\/\/api.w.org\/{rel}","templated":true}]}}