{"id":68635,"date":"2024-09-18T09:36:27","date_gmt":"2024-09-18T12:36:27","guid":{"rendered":"https:\/\/www.tvnovelas.com.br\/tvnews\/?p=68635"},"modified":"2024-09-18T09:56:59","modified_gmt":"2024-09-18T12:56:59","slug":"no-rancho-fundo-blandina-se-afasta-de-marcelo-gouveia-e-deixando-o-surpreso","status":"publish","type":"post","link":"https:\/\/www.tvnovelas.com.br\/tvnews\/no-rancho-fundo-blandina-se-afasta-de-marcelo-gouveia-e-deixando-o-surpreso\/","title":{"rendered":"No Rancho Fundo:  Blandina se afasta de Marcelo Gouveia, e deixando-o surpreso"},"content":{"rendered":"<p><em>Em No Rancho Fundo: Blandina<\/em><br \/>\n<figure id=\"attachment_68636\" aria-describedby=\"caption-attachment-68636\" style=\"width: 728px\" class=\"wp-caption alignnone\"><img data-recalc-dims=\"1\" decoding=\"async\" class=\"wp-image-68636 size-full\" title=\"(Foto: TV Globo\/No Rancho Fundo)\" src=\"https:\/\/i0.wp.com\/www.tvnovelas.com.br\/tvnews\/wp-content\/uploads\/2024\/09\/40088.jpg?resize=728%2C410&#038;ssl=1\" alt=\"Foto em No Rancho Fundo: Blandina...\" width=\"728\" height=\"410\" \/><figcaption id=\"caption-attachment-68636\" class=\"wp-caption-text\">No Rancho Fundo: Blandina&#8230;.<\/figcaption><\/figure><\/p>\n<p>Em No Rancho Fundo, Blandina (Luisa Arraes) e Marcelo Gouveia (Jos\u00e9 Loreto) sempre pegam fogo quando est\u00e3o juntos. Mas, apaixonada por Artur (T\u00falio Starling), a vigarista vai colocar um ponto final na intimidade com o comparsa. Blandina vai rejeitar Marcelo e dizer a ele que a rela\u00e7\u00e3o dos dois daqui para frente ser\u00e1 apenas de neg\u00f3cios&#8230;<\/p>\n<p>Como de costume, Marcelo entrar\u00e1 no quarto de Blandina sem avisar e lhe mostrar\u00e1 esmeraldas roubadas da Gruta Azul. Ela pegar\u00e1 as pedras para ela e explicar\u00e1 o motivo.<\/p>\n<p>\u201cIsso \u00e9 um ped\u00e1gio, por tu entrar no meu quarto sem autoriza\u00e7\u00e3o. Ali\u00e1s, \u00e9 bom tu parar de vir aqui\u201d, diz ela.<\/p>\n<p>\u201cMas n\u00f3s somos s\u00f3cios. Mais que s\u00f3cio&#8230; somos c\u00famplices! E temos tanto interesse em comum, tanto assunto pra botar em dia\u201d, reage ele, sedutor.<\/p>\n<p>Marcelo se aproximar\u00e1 para beijar Blandina, que se afastar\u00e1, o deixando surpreso com a primeira rejei\u00e7\u00e3o.<\/p>\n<p>\u201c\u00d4xi! Tu n\u00e3o \u00e9 disso&#8230;\u201d<\/p>\n<p>Blandina, ent\u00e3o, dir\u00e1 a ele que os dois precisam focar nos neg\u00f3cios apenas.<\/p>\n<p>\u201cEst\u00e1 mais que na hora de n\u00f3s dois, s\u00f3cios e c\u00famplices, agirmos com a cabe\u00e7a e parar com essas bobagens. Tu \u00e9 um animal, por acaso?\u201d, alfineta ela, para completar:<\/p>\n<p>\u201cDe agora em diante, vamos usar a raz\u00e3o e s\u00f3 ela.\u201d<\/p>\n<p>Marcelo Gouveia estranhar\u00e1 a atitude da comparsa. &#8230;<br \/>\n<!--END--><\/p>\n<div class=\"fb-comments\" data-width=\"100%\" data-order-by=\"reverse_time\" data-numposts=\"5\"><\/div>\n<h2>\u00daltimas publica\u00e7\u00f5es de No Rancho Fundo<\/h2>\n<p><div class=\"pt-cv-wrapper\"><div class=\"pt-cv-view pt-cv-grid pt-cv-colsys\" id=\"pt-cv-view-1b948bbbtz\"><div data-id=\"pt-cv-page-1\" class=\"pt-cv-page\" data-cvc=\"1\"><div class=\"col-md-12 col-sm-12 col-xs-12 pt-cv-content-item pt-cv-1-col\" ><div class='pt-cv-ifield'><h4 class=\"pt-cv-title\"><a href=\"https:\/\/www.tvnovelas.com.br\/tvnews\/no-rancho-fundo-deodora-atira-em-ariosto-por-magoa-e-ciume\/\" class=\"_blank\" target=\"_blank\" >No Rancho Fundo: Deodora atira em Ariosto por m\u00e1goa e ci\u00fame<\/a><\/h4><\/div><\/div>\n<div class=\"col-md-12 col-sm-12 col-xs-12 pt-cv-content-item pt-cv-1-col\" ><div class='pt-cv-ifield'><h4 class=\"pt-cv-title\"><a href=\"https:\/\/www.tvnovelas.com.br\/tvnews\/no-rancho-fundo-romera-desbloqueada-entre-os-podres-de-saba-bodo\/\" class=\"_blank\" target=\"_blank\" >No Rancho Fundo: Romera desbloqueada entre os podres de Sab\u00e1 Bod\u00f3<\/a><\/h4><\/div><\/div>\n<div class=\"col-md-12 col-sm-12 col-xs-12 pt-cv-content-item pt-cv-1-col\" ><div class='pt-cv-ifield'><h4 class=\"pt-cv-title\"><a href=\"https:\/\/www.tvnovelas.com.br\/tvnews\/no-rancho-fundo-jordao-e-preso-por-tentar-matar-primo-cicero\/\" class=\"_blank\" target=\"_blank\" >No Rancho Fundo: Jord\u00e3o \u00e9 preso por tentar matar Primo C\u00edcero<\/a><\/h4><\/div><\/div>\n<div class=\"col-md-12 col-sm-12 col-xs-12 pt-cv-content-item pt-cv-1-col\" ><div class='pt-cv-ifield'><h4 class=\"pt-cv-title\"><a href=\"https:\/\/www.tvnovelas.com.br\/tvnews\/no-rancho-fundo-artur-confronta-elias-e-descobre-quem-ele-e\/\" class=\"_blank\" target=\"_blank\" >No Rancho Fundo:  Artur confronta Elias e descobre quem ele \u00e9<\/a><\/h4><\/div><\/div>\n<div class=\"col-md-12 col-sm-12 col-xs-12 pt-cv-content-item pt-cv-1-col\" ><div class='pt-cv-ifield'><h4 class=\"pt-cv-title\"><a href=\"https:\/\/www.tvnovelas.com.br\/tvnews\/no-rancho-fundo-elias-espalha-dinamites-na-gruta-azul-a-mando-de-ariosto\/\" class=\"_blank\" target=\"_blank\" >No Rancho Fundo: Elias espalha dinamites na Gruta Azul a mando de Ariosto<\/a><\/h4><\/div><\/div><\/div><\/div><\/div><br \/>\n<a href=\"https:\/\/wp.me\/pfspD2-OO\" target=\"_blank\" rel=\"noopener\">No Rancho Fundo: De Lasca Fogo a Lap\u00e3o da Beirada<\/a><br \/>\n<a href=\"https:\/\/tvnovelas.com.br\/page2\/arquivo\/no-rancho-fundo-trilha-sonora\/\" target=\"_blank\" rel=\"noopener\">No Rancho Fundo: trilha sonora<\/a><br \/>\n<a href=\"https:\/\/pt.wikipedia.org\/wiki\/No_Rancho_Fundo\" target=\"_blank\" rel=\"noopener\">Sobre No Rancho Fundo, na Wikipedia<\/a><br \/>\n<a href=\"https:\/\/tvnovelas.com.br\/filmes\/filmes-na-tv-segunda\/\" target=\"_blank\" rel=\"noopener\">Confira a programa\u00e7\u00e3o de filmes na TV aberta<\/a><br \/>\n<a href=\"https:\/\/www.tvnovelas.com.br\/tvnews\/\">\u00daltimas not\u00edcias de todas as novelas<\/a><\/p>\n","protected":false},"excerpt":{"rendered":"<p>No Rancho Fundo:  Blandina&#8230; Blandina (Luisa Arraes) e Marcelo Gouveia (Jos\u00e9 Loreto) sempre pegam fogo quando est\u00e3o juntos. Mas, apaixonada por Artur&#8230;<\/p>\n","protected":false},"author":1,"featured_media":68636,"comment_status":"closed","ping_status":"closed","sticky":false,"template":"","format":"standard","meta":{"_uf_show_specific_survey":0,"_uf_disable_surveys":false,"_jetpack_memberships_contains_paid_content":false,"footnotes":"","_wp_rev_ctl_limit":""},"categories":[763],"tags":[5,764,64],"class_list":["post-68635","post","type-post","status-publish","format-standard","has-post-thumbnail","hentry","category-no-rancho-fundo","tag-globo","tag-no-rancho-fundo","tag-novelas","wpcat-763-id"],"aioseo_notices":[],"jetpack_featured_media_url":"https:\/\/i0.wp.com\/www.tvnovelas.com.br\/tvnews\/wp-content\/uploads\/2024\/09\/40088.jpg?fit=728%2C410&ssl=1","jetpack_shortlink":"https:\/\/wp.me\/pdP2BO-hR1","jetpack_sharing_enabled":true,"_links":{"self":[{"href":"https:\/\/www.tvnovelas.com.br\/tvnews\/wp-json\/wp\/v2\/posts\/68635","targetHints":{"allow":["GET"]}}],"collection":[{"href":"https:\/\/www.tvnovelas.com.br\/tvnews\/wp-json\/wp\/v2\/posts"}],"about":[{"href":"https:\/\/www.tvnovelas.com.br\/tvnews\/wp-json\/wp\/v2\/types\/post"}],"author":[{"embeddable":true,"href":"https:\/\/www.tvnovelas.com.br\/tvnews\/wp-json\/wp\/v2\/users\/1"}],"replies":[{"embeddable":true,"href":"https:\/\/www.tvnovelas.com.br\/tvnews\/wp-json\/wp\/v2\/comments?post=68635"}],"version-history":[{"count":2,"href":"https:\/\/www.tvnovelas.com.br\/tvnews\/wp-json\/wp\/v2\/posts\/68635\/revisions"}],"predecessor-version":[{"id":68639,"href":"https:\/\/www.tvnovelas.com.br\/tvnews\/wp-json\/wp\/v2\/posts\/68635\/revisions\/68639"}],"wp:featuredmedia":[{"embeddable":true,"href":"https:\/\/www.tvnovelas.com.br\/tvnews\/wp-json\/wp\/v2\/media\/68636"}],"wp:attachment":[{"href":"https:\/\/www.tvnovelas.com.br\/tvnews\/wp-json\/wp\/v2\/media?parent=68635"}],"wp:term":[{"taxonomy":"category","embeddable":true,"href":"https:\/\/www.tvnovelas.com.br\/tvnews\/wp-json\/wp\/v2\/categories?post=68635"},{"taxonomy":"post_tag","embeddable":true,"href":"https:\/\/www.tvnovelas.com.br\/tvnews\/wp-json\/wp\/v2\/tags?post=68635"}],"curies":[{"name":"wp","href":"https:\/\/api.w.org\/{rel}","templated":true}]}}