{"id":68732,"date":"2024-09-21T09:39:44","date_gmt":"2024-09-21T12:39:44","guid":{"rendered":"https:\/\/www.tvnovelas.com.br\/tvnews\/?p=68732"},"modified":"2024-09-21T09:40:58","modified_gmt":"2024-09-21T12:40:58","slug":"no-rancho-fundo-dracena-tenta-transar-com-ze-beltino","status":"publish","type":"post","link":"https:\/\/www.tvnovelas.com.br\/tvnews\/no-rancho-fundo-dracena-tenta-transar-com-ze-beltino\/","title":{"rendered":"No Rancho Fundo:  Dracena tenta transar com Z\u00e9 Beltino"},"content":{"rendered":"<p><em>Em No Rancho Fundo:<\/em><br \/>\n<figure id=\"attachment_68733\" aria-describedby=\"caption-attachment-68733\" style=\"width: 728px\" class=\"wp-caption alignnone\"><img data-recalc-dims=\"1\" decoding=\"async\" class=\"wp-image-68733 size-full\" title=\"(Foto: TV Globo\/No Rancho Fundo)\" src=\"https:\/\/i0.wp.com\/www.tvnovelas.com.br\/tvnews\/wp-content\/uploads\/2024\/09\/40103.jpg?resize=728%2C410&#038;ssl=1\" alt=\"Foto em No Rancho Fundo\" width=\"728\" height=\"410\" \/><figcaption id=\"caption-attachment-68733\" class=\"wp-caption-text\">No Rancho Fundo<\/figcaption><\/figure><\/p>\n<p>Em No Rancho Fundo, Dracena (Nina Tomsic) e Z\u00e9 Beltino (Igor Fortunato) est\u00e3o cada vez mais pr\u00f3ximos E eles ir\u00e3o ao restaurante do hotel e l\u00e1 o filho de Zefa Leonel (Andrea Beltr\u00e3o) ser\u00e1 salvo pela mocinha.<\/p>\n<p>Z\u00e9 Beltino come um p\u00e3ozinho no restaurante at\u00e9 que se engasga com o alimento. Dracena usa os seus conhecimentos e consegue usar uma manobra para salvar a vida do rapaz. Grato pelo gesto da mo\u00e7a, Z\u00e9 Beltino sobre at\u00e9 o quarto dela e fala:<\/p>\n<p>&#8220;Mais uma vez obrigado, por ter salvado minha vida&#8230; \u00c9 verdade&#8230; Pra ser honesto&#8230; tu me que salva minha vida todo dia&#8230; s\u00f3 com tua presen\u00e7a.&#8221;<\/p>\n<p>Nesse instante, pinta o maior clima entre os dois e um quase beijo acontece. Por\u00e9m, ele interrompe o momento e volta a falar:<\/p>\n<p>&#8220;Tu tem um bom gosto, viu? Eu que sou bruto, consigo ver que tem um toque teu em cada cantinho aqui&#8230; \u00c9 um lugar bem aconchegante, formoso que nem tu&#8230; [&#8230;] Tem at\u00e9&#8230; o teu cheirim.&#8221;<\/p>\n<p>&#8220;Como tu sabe?&#8221;, reage Dracena, surpresa.<\/p>\n<p>&#8220;Eu j\u00e1 senti teu perfume&#8230; n\u00f3s trabalhando aquela noite todinha l\u00e1 na loja de tia Salete&#8230; Pensei que o cheiro era das flor, mas ele vinha de ti.&#8221;<\/p>\n<p>Apaixonada pelas palavras de Z\u00e9 Beltino, Dracena pergunta se ele gostaria de sentir o seu perfume mais de perto. Ele se aproxima do pesco\u00e7o dela e senti o cheirinho que tanto gosta. Depois, os dois se rendem \u00e0 paix\u00e3o e se beijam.<\/p>\n<p>Dracena desabotoa a camisa de Z\u00e9 Beltino, que avisa:<\/p>\n<p>&#8220;Eu nunca&#8230;&#8221;<\/p>\n<p>&#8220;Eu sei&#8230;&#8221;, diz Dracena, dando a ele toda seguran\u00e7a necess\u00e1ria para o momento.<\/p>\n<p>Os dois deitam na cama e o clima esquenta. Por\u00e9m, ele se envergonha por n\u00e3o conseguir relaxar. Dracena o puxa e o aninha entre seus bra\u00e7os:<\/p>\n<p>&#8220;Eu t\u00f4 aqui com voc\u00ea&#8230; A gente tem todo o tempo do mundo.&#8221;<br \/>\n<!--END--><\/p>\n<div class=\"fb-comments\" data-width=\"100%\" data-order-by=\"reverse_time\" data-numposts=\"5\"><\/div>\n<h2>\u00daltimas publica\u00e7\u00f5es de No Rancho Fundo<\/h2>\n<p><div class=\"pt-cv-wrapper\"><div class=\"pt-cv-view pt-cv-grid pt-cv-colsys\" id=\"pt-cv-view-1b948bbbtz\"><div data-id=\"pt-cv-page-1\" class=\"pt-cv-page\" data-cvc=\"1\"><div class=\"col-md-12 col-sm-12 col-xs-12 pt-cv-content-item pt-cv-1-col\" ><div class='pt-cv-ifield'><h4 class=\"pt-cv-title\"><a href=\"https:\/\/www.tvnovelas.com.br\/tvnews\/no-rancho-fundo-deodora-atira-em-ariosto-por-magoa-e-ciume\/\" class=\"_blank\" target=\"_blank\" >No Rancho Fundo: Deodora atira em Ariosto por m\u00e1goa e ci\u00fame<\/a><\/h4><\/div><\/div>\n<div class=\"col-md-12 col-sm-12 col-xs-12 pt-cv-content-item pt-cv-1-col\" ><div class='pt-cv-ifield'><h4 class=\"pt-cv-title\"><a href=\"https:\/\/www.tvnovelas.com.br\/tvnews\/no-rancho-fundo-romera-desbloqueada-entre-os-podres-de-saba-bodo\/\" class=\"_blank\" target=\"_blank\" >No Rancho Fundo: Romera desbloqueada entre os podres de Sab\u00e1 Bod\u00f3<\/a><\/h4><\/div><\/div>\n<div class=\"col-md-12 col-sm-12 col-xs-12 pt-cv-content-item pt-cv-1-col\" ><div class='pt-cv-ifield'><h4 class=\"pt-cv-title\"><a href=\"https:\/\/www.tvnovelas.com.br\/tvnews\/no-rancho-fundo-jordao-e-preso-por-tentar-matar-primo-cicero\/\" class=\"_blank\" target=\"_blank\" >No Rancho Fundo: Jord\u00e3o \u00e9 preso por tentar matar Primo C\u00edcero<\/a><\/h4><\/div><\/div>\n<div class=\"col-md-12 col-sm-12 col-xs-12 pt-cv-content-item pt-cv-1-col\" ><div class='pt-cv-ifield'><h4 class=\"pt-cv-title\"><a href=\"https:\/\/www.tvnovelas.com.br\/tvnews\/no-rancho-fundo-artur-confronta-elias-e-descobre-quem-ele-e\/\" class=\"_blank\" target=\"_blank\" >No Rancho Fundo:  Artur confronta Elias e descobre quem ele \u00e9<\/a><\/h4><\/div><\/div>\n<div class=\"col-md-12 col-sm-12 col-xs-12 pt-cv-content-item pt-cv-1-col\" ><div class='pt-cv-ifield'><h4 class=\"pt-cv-title\"><a href=\"https:\/\/www.tvnovelas.com.br\/tvnews\/no-rancho-fundo-elias-espalha-dinamites-na-gruta-azul-a-mando-de-ariosto\/\" class=\"_blank\" target=\"_blank\" >No Rancho Fundo: Elias espalha dinamites na Gruta Azul a mando de Ariosto<\/a><\/h4><\/div><\/div><\/div><\/div><\/div><br \/>\n<a href=\"https:\/\/wp.me\/pfspD2-OO\" target=\"_blank\" rel=\"noopener\">No Rancho Fundo: De Lasca Fogo a Lap\u00e3o da Beirada<\/a><br \/>\n<a href=\"https:\/\/tvnovelas.com.br\/page2\/arquivo\/no-rancho-fundo-trilha-sonora\/\" target=\"_blank\" rel=\"noopener\">No Rancho Fundo: trilha sonora<\/a><br \/>\n<a href=\"https:\/\/pt.wikipedia.org\/wiki\/No_Rancho_Fundo\" target=\"_blank\" rel=\"noopener\">Sobre No Rancho Fundo, na Wikipedia<\/a><br \/>\n<a href=\"https:\/\/tvnovelas.com.br\/filmes\/filmes-na-tv-segunda\/\" target=\"_blank\" rel=\"noopener\">Confira a programa\u00e7\u00e3o de filmes na TV aberta<\/a><br \/>\n<a href=\"https:\/\/www.tvnovelas.com.br\/tvnews\/\">\u00daltimas not\u00edcias de todas as novelas<\/a><\/p>\n","protected":false},"excerpt":{"rendered":"<p>Em No Rancho Fundo, Dracena (Nina Tomsic) e Z\u00e9 Beltino (Igor Fortunato) est\u00e3o cada vez mais pr&#8230;<\/p>\n","protected":false},"author":1,"featured_media":68733,"comment_status":"closed","ping_status":"closed","sticky":false,"template":"","format":"standard","meta":{"_uf_show_specific_survey":0,"_uf_disable_surveys":false,"_jetpack_memberships_contains_paid_content":false,"footnotes":"","_wp_rev_ctl_limit":""},"categories":[763],"tags":[5,764,64],"class_list":["post-68732","post","type-post","status-publish","format-standard","has-post-thumbnail","hentry","category-no-rancho-fundo","tag-globo","tag-no-rancho-fundo","tag-novelas","wpcat-763-id"],"aioseo_notices":[],"jetpack_featured_media_url":"https:\/\/i0.wp.com\/www.tvnovelas.com.br\/tvnews\/wp-content\/uploads\/2024\/09\/40103.jpg?fit=728%2C410&ssl=1","jetpack_shortlink":"https:\/\/wp.me\/pdP2BO-hSA","jetpack_sharing_enabled":true,"_links":{"self":[{"href":"https:\/\/www.tvnovelas.com.br\/tvnews\/wp-json\/wp\/v2\/posts\/68732","targetHints":{"allow":["GET"]}}],"collection":[{"href":"https:\/\/www.tvnovelas.com.br\/tvnews\/wp-json\/wp\/v2\/posts"}],"about":[{"href":"https:\/\/www.tvnovelas.com.br\/tvnews\/wp-json\/wp\/v2\/types\/post"}],"author":[{"embeddable":true,"href":"https:\/\/www.tvnovelas.com.br\/tvnews\/wp-json\/wp\/v2\/users\/1"}],"replies":[{"embeddable":true,"href":"https:\/\/www.tvnovelas.com.br\/tvnews\/wp-json\/wp\/v2\/comments?post=68732"}],"version-history":[{"count":2,"href":"https:\/\/www.tvnovelas.com.br\/tvnews\/wp-json\/wp\/v2\/posts\/68732\/revisions"}],"predecessor-version":[{"id":68735,"href":"https:\/\/www.tvnovelas.com.br\/tvnews\/wp-json\/wp\/v2\/posts\/68732\/revisions\/68735"}],"wp:featuredmedia":[{"embeddable":true,"href":"https:\/\/www.tvnovelas.com.br\/tvnews\/wp-json\/wp\/v2\/media\/68733"}],"wp:attachment":[{"href":"https:\/\/www.tvnovelas.com.br\/tvnews\/wp-json\/wp\/v2\/media?parent=68732"}],"wp:term":[{"taxonomy":"category","embeddable":true,"href":"https:\/\/www.tvnovelas.com.br\/tvnews\/wp-json\/wp\/v2\/categories?post=68732"},{"taxonomy":"post_tag","embeddable":true,"href":"https:\/\/www.tvnovelas.com.br\/tvnews\/wp-json\/wp\/v2\/tags?post=68732"}],"curies":[{"name":"wp","href":"https:\/\/api.w.org\/{rel}","templated":true}]}}