{"id":68875,"date":"2024-09-26T09:15:04","date_gmt":"2024-09-26T12:15:04","guid":{"rendered":"https:\/\/www.tvnovelas.com.br\/tvnews\/?p=68875"},"modified":"2024-09-26T09:15:04","modified_gmt":"2024-09-26T12:15:04","slug":"no-rancho-fundo-blandina-inclui-artur-no-preco-do-acordo-com-ariosto","status":"publish","type":"post","link":"https:\/\/www.tvnovelas.com.br\/tvnews\/no-rancho-fundo-blandina-inclui-artur-no-preco-do-acordo-com-ariosto\/","title":{"rendered":"No Rancho Fundo:  Blandina inclui Artur no pre\u00e7o do acordo com Ariosto"},"content":{"rendered":"<p><em>Em No Rancho Fundo: Blandina<\/em><br \/>\n<figure id=\"attachment_68876\" aria-describedby=\"caption-attachment-68876\" style=\"width: 728px\" class=\"wp-caption alignnone\"><img data-recalc-dims=\"1\" decoding=\"async\" class=\"wp-image-68876 size-full\" title=\"(Foto: TV Globo\/No Rancho Fundo)\" src=\"https:\/\/i0.wp.com\/www.tvnovelas.com.br\/tvnews\/wp-content\/uploads\/2024\/09\/10220.jpg?resize=728%2C410&#038;ssl=1\" alt=\"Foto em No Rancho Fundo: Blandina...\" width=\"728\" height=\"410\" \/><figcaption id=\"caption-attachment-68876\" class=\"wp-caption-text\">No Rancho Fundo: Blandina&#8230;<\/figcaption><\/figure><\/p>\n<p>Em No Rancho Fundo, Ariosto (Eduardo Moscovis) e Deodora (Debora Bloch) querem usar Blandina (Luisa Arraes) para assumirem o controle da Gruta Azul e da extra\u00e7\u00e3o de pedras preciosas na mina dos Leonel. Mas, a vigarista vai impor a sua condi\u00e7\u00e3o para fazer o que os vil\u00f5es querem. E essa condi\u00e7\u00e3o n\u00e3o \u00e9 financeira. Blandina vai pedir que Ariosto lhe d\u00ea a b\u00ean\u00e7\u00e3o para que ela se case com seu filho adotivo, Artur (T\u00falio Starling).<\/p>\n<p>Na casa de Ariosto, Blandina anunciar\u00e1 a sua decis\u00e3o.<\/p>\n<p>\u201cVim anunciar que pensei muito na proposta que voc\u00eas me fizeram. E, na qualidade de dona da parte de Gruta Azul que um dia j\u00e1 foi de Z\u00e9 Beltino, vou entrar na Justi\u00e7a para assumir o controle da mina\u201d, afirma ela.<\/p>\n<p>Deodora ficar\u00e1 radiante, mas, ao estender a m\u00e3o para selar o acordo com Blandina, ouvir\u00e1 a condi\u00e7\u00e3o dela.<\/p>\n<p>\u201cMas esse acordo tem que ser nos meus termos. Senhor Ariosto, eu quero a sua b\u00ean\u00e7\u00e3o para que eu me case com Artur\u201d, diz ela.<\/p>\n<p>Deodora ficar\u00e1 irritada e reagir\u00e1.<\/p>\n<p>\u201cQue patacoada \u00e9 essa!? Tu vai dar seu filho de m\u00e3o beijada pra essa pistoleira, \u00e9?\u201d, questiona a dona do cabar\u00e9.<br \/>\nMas Ariosto aceitar\u00e1 os termos de Blandina sem pensar duas vezes.<\/p>\n<p>\u201cTu tem minha b\u00ean\u00e7\u00e3o\u201d, responde Ariosto.<\/p>\n<p>Resta saber o que Artur pensa disso&#8230;.<br \/>\n<!--END--><\/p>\n<div class=\"fb-comments\" data-width=\"100%\" data-order-by=\"reverse_time\" data-numposts=\"5\"><\/div>\n<h2>\u00daltimas publica\u00e7\u00f5es de No Rancho Fundo<\/h2>\n<p><div class=\"pt-cv-wrapper\"><div class=\"pt-cv-view pt-cv-grid pt-cv-colsys\" id=\"pt-cv-view-1b948bbbtz\"><div data-id=\"pt-cv-page-1\" class=\"pt-cv-page\" data-cvc=\"1\"><div class=\"col-md-12 col-sm-12 col-xs-12 pt-cv-content-item pt-cv-1-col\" ><div class='pt-cv-ifield'><h4 class=\"pt-cv-title\"><a href=\"https:\/\/www.tvnovelas.com.br\/tvnews\/no-rancho-fundo-deodora-atira-em-ariosto-por-magoa-e-ciume\/\" class=\"_blank\" target=\"_blank\" >No Rancho Fundo: Deodora atira em Ariosto por m\u00e1goa e ci\u00fame<\/a><\/h4><\/div><\/div>\n<div class=\"col-md-12 col-sm-12 col-xs-12 pt-cv-content-item pt-cv-1-col\" ><div class='pt-cv-ifield'><h4 class=\"pt-cv-title\"><a href=\"https:\/\/www.tvnovelas.com.br\/tvnews\/no-rancho-fundo-romera-desbloqueada-entre-os-podres-de-saba-bodo\/\" class=\"_blank\" target=\"_blank\" >No Rancho Fundo: Romera desbloqueada entre os podres de Sab\u00e1 Bod\u00f3<\/a><\/h4><\/div><\/div>\n<div class=\"col-md-12 col-sm-12 col-xs-12 pt-cv-content-item pt-cv-1-col\" ><div class='pt-cv-ifield'><h4 class=\"pt-cv-title\"><a href=\"https:\/\/www.tvnovelas.com.br\/tvnews\/no-rancho-fundo-jordao-e-preso-por-tentar-matar-primo-cicero\/\" class=\"_blank\" target=\"_blank\" >No Rancho Fundo: Jord\u00e3o \u00e9 preso por tentar matar Primo C\u00edcero<\/a><\/h4><\/div><\/div>\n<div class=\"col-md-12 col-sm-12 col-xs-12 pt-cv-content-item pt-cv-1-col\" ><div class='pt-cv-ifield'><h4 class=\"pt-cv-title\"><a href=\"https:\/\/www.tvnovelas.com.br\/tvnews\/no-rancho-fundo-artur-confronta-elias-e-descobre-quem-ele-e\/\" class=\"_blank\" target=\"_blank\" >No Rancho Fundo:  Artur confronta Elias e descobre quem ele \u00e9<\/a><\/h4><\/div><\/div>\n<div class=\"col-md-12 col-sm-12 col-xs-12 pt-cv-content-item pt-cv-1-col\" ><div class='pt-cv-ifield'><h4 class=\"pt-cv-title\"><a href=\"https:\/\/www.tvnovelas.com.br\/tvnews\/no-rancho-fundo-elias-espalha-dinamites-na-gruta-azul-a-mando-de-ariosto\/\" class=\"_blank\" target=\"_blank\" >No Rancho Fundo: Elias espalha dinamites na Gruta Azul a mando de Ariosto<\/a><\/h4><\/div><\/div><\/div><\/div><\/div><br \/>\n<a href=\"https:\/\/wp.me\/pfspD2-OO\" target=\"_blank\" rel=\"noopener\">No Rancho Fundo: De Lasca Fogo a Lap\u00e3o da Beirada<\/a><br \/>\n<a href=\"https:\/\/tvnovelas.com.br\/page2\/arquivo\/no-rancho-fundo-trilha-sonora\/\" target=\"_blank\" rel=\"noopener\">No Rancho Fundo: trilha sonora<\/a><br \/>\n<a href=\"https:\/\/pt.wikipedia.org\/wiki\/No_Rancho_Fundo\" target=\"_blank\" rel=\"noopener\">Sobre No Rancho Fundo, na Wikipedia<\/a><br \/>\n<a href=\"https:\/\/tvnovelas.com.br\/filmes\/filmes-na-tv-segunda\/\" target=\"_blank\" rel=\"noopener\">Confira a programa\u00e7\u00e3o de filmes na TV aberta<\/a><br \/>\n<a href=\"https:\/\/www.tvnovelas.com.br\/tvnews\/\">\u00daltimas not\u00edcias de todas as novelas<\/a><\/p>\n","protected":false},"excerpt":{"rendered":"<p>No Rancho Fundo:  Blandina&#8230;. Ariosto (Eduardo Moscovis) e Deodora (Debora Bloch) querem usar Blandina (Luisa Arraes) para assumirem o controle&#8230;<\/p>\n","protected":false},"author":1,"featured_media":68876,"comment_status":"closed","ping_status":"closed","sticky":false,"template":"","format":"standard","meta":{"_uf_show_specific_survey":0,"_uf_disable_surveys":false,"_jetpack_memberships_contains_paid_content":false,"footnotes":"","_wp_rev_ctl_limit":""},"categories":[763],"tags":[5,764,64],"class_list":["post-68875","post","type-post","status-publish","format-standard","has-post-thumbnail","hentry","category-no-rancho-fundo","tag-globo","tag-no-rancho-fundo","tag-novelas","wpcat-763-id"],"aioseo_notices":[],"jetpack_featured_media_url":"https:\/\/i0.wp.com\/www.tvnovelas.com.br\/tvnews\/wp-content\/uploads\/2024\/09\/10220.jpg?fit=728%2C410&ssl=1","jetpack_shortlink":"https:\/\/wp.me\/pdP2BO-hUT","jetpack_sharing_enabled":true,"_links":{"self":[{"href":"https:\/\/www.tvnovelas.com.br\/tvnews\/wp-json\/wp\/v2\/posts\/68875","targetHints":{"allow":["GET"]}}],"collection":[{"href":"https:\/\/www.tvnovelas.com.br\/tvnews\/wp-json\/wp\/v2\/posts"}],"about":[{"href":"https:\/\/www.tvnovelas.com.br\/tvnews\/wp-json\/wp\/v2\/types\/post"}],"author":[{"embeddable":true,"href":"https:\/\/www.tvnovelas.com.br\/tvnews\/wp-json\/wp\/v2\/users\/1"}],"replies":[{"embeddable":true,"href":"https:\/\/www.tvnovelas.com.br\/tvnews\/wp-json\/wp\/v2\/comments?post=68875"}],"version-history":[{"count":1,"href":"https:\/\/www.tvnovelas.com.br\/tvnews\/wp-json\/wp\/v2\/posts\/68875\/revisions"}],"predecessor-version":[{"id":68877,"href":"https:\/\/www.tvnovelas.com.br\/tvnews\/wp-json\/wp\/v2\/posts\/68875\/revisions\/68877"}],"wp:featuredmedia":[{"embeddable":true,"href":"https:\/\/www.tvnovelas.com.br\/tvnews\/wp-json\/wp\/v2\/media\/68876"}],"wp:attachment":[{"href":"https:\/\/www.tvnovelas.com.br\/tvnews\/wp-json\/wp\/v2\/media?parent=68875"}],"wp:term":[{"taxonomy":"category","embeddable":true,"href":"https:\/\/www.tvnovelas.com.br\/tvnews\/wp-json\/wp\/v2\/categories?post=68875"},{"taxonomy":"post_tag","embeddable":true,"href":"https:\/\/www.tvnovelas.com.br\/tvnews\/wp-json\/wp\/v2\/tags?post=68875"}],"curies":[{"name":"wp","href":"https:\/\/api.w.org\/{rel}","templated":true}]}}