{"id":68937,"date":"2024-09-28T08:45:19","date_gmt":"2024-09-28T11:45:19","guid":{"rendered":"https:\/\/www.tvnovelas.com.br\/tvnews\/?p=68937"},"modified":"2024-09-28T08:45:19","modified_gmt":"2024-09-28T11:45:19","slug":"no-rancho-fundo-tia-salete-ouve-conversa-sobre-margaridinha","status":"publish","type":"post","link":"https:\/\/www.tvnovelas.com.br\/tvnews\/no-rancho-fundo-tia-salete-ouve-conversa-sobre-margaridinha\/","title":{"rendered":"No Rancho Fundo:  Tia Salete ouve conversa sobre Margaridinha"},"content":{"rendered":"<p><em>Em No Rancho Fundo: Tia Salete&#8230;<\/em><br \/>\n<figure id=\"attachment_68939\" aria-describedby=\"caption-attachment-68939\" style=\"width: 728px\" class=\"wp-caption alignnone\"><img data-recalc-dims=\"1\" decoding=\"async\" class=\"wp-image-68939 size-full\" title=\"(Foto: TV Globo\/No Rancho Fundo)\" src=\"https:\/\/i0.wp.com\/www.tvnovelas.com.br\/tvnews\/wp-content\/uploads\/2024\/09\/40147-1.jpg?resize=728%2C410&#038;ssl=1\" alt=\"Foto em No Rancho Fundo: Tia Salete...\" width=\"728\" height=\"410\" \/><figcaption id=\"caption-attachment-68939\" class=\"wp-caption-text\">No Rancho Fundo: Tia Salete&#8230;<\/figcaption><\/figure><\/p>\n<p>Em No Rancho Fundo, o fim de um grande mist\u00e9rio se aproxima em No Rancho Fundo. No cap\u00edtulo deste s\u00e1bado (28), Tia Salete (Mariana Lima) vai ouvir uma conversa entre Zefa Leonel (Andrea Beltr\u00e3o) e Seu Tico Leonel (Alexandre Nero) e ficar em choque. Tia Salete vai escutar que Vespertino (Thardelly Lima) \u00e9 o pai de Margaridinha (Heloisa Honein). Ou seja, Tia Salete vai concluir que se o homem que a abandonou no passado \u00e9 o pai da \u201csobrinha\u201d, a m\u00e3e s\u00f3 pode ser ela mesma&#8230;<\/p>\n<p>\u201cTantos anos depois do acontecido com Salete, l\u00e1 em Juazeiro do Norte, La\u00e9rcio Oliveira est\u00e1 de novo amea\u00e7ando a paz de minha irm\u00e3&#8230;\u201d, comenta Zefa, preocupada, se referindo a Vespertino.<\/p>\n<p>\u201cOs dois parecem aqueles \u00edm\u00e3s, que atraem o metal. Margaridinha tamb\u00e9m, parece que tem uma for\u00e7a puxando por ela pra esse passado, pra essa verdade. Tanto lugar para essa menina ir trabalhar, foi escolher o cabar\u00e9 de La\u00e9rcio Oliveira\u201d, afirma Seu Tico.<\/p>\n<p>\u201cSe n\u00f3s n\u00e3o tiv\u00e9ssemos mudado pra cidade, nada disso tinha acontecido! Mas n\u00e3o d\u00e1 para prever os acontecimentos. Como que n\u00f3s ir\u00edamos imaginar que Margaridinha ia trabalhar justo com o pai?!\u201d, acrescenta Zefa.<\/p>\n<p>E ser\u00e1 neste momento da fala de Zefa, em que ela cita a palavra \u201cpai\u201d, que Tia Salete entrar\u00e1 pela sala carregando um balde de leite. Assustada, ela deixar\u00e1 o l\u00edquido cair no ch\u00e3o e ficar\u00e1 paralisada.<br \/>\n<!--END--><\/p>\n<div class=\"fb-comments\" data-width=\"100%\" data-order-by=\"reverse_time\" data-numposts=\"5\"><\/div>\n<h2>\u00daltimas publica\u00e7\u00f5es de No Rancho Fundo<\/h2>\n<p><div class=\"pt-cv-wrapper\"><div class=\"pt-cv-view pt-cv-grid pt-cv-colsys\" id=\"pt-cv-view-1b948bbbtz\"><div data-id=\"pt-cv-page-1\" class=\"pt-cv-page\" data-cvc=\"1\"><div class=\"col-md-12 col-sm-12 col-xs-12 pt-cv-content-item pt-cv-1-col\" ><div class='pt-cv-ifield'><h4 class=\"pt-cv-title\"><a href=\"https:\/\/www.tvnovelas.com.br\/tvnews\/no-rancho-fundo-deodora-atira-em-ariosto-por-magoa-e-ciume\/\" class=\"_blank\" target=\"_blank\" >No Rancho Fundo: Deodora atira em Ariosto por m\u00e1goa e ci\u00fame<\/a><\/h4><\/div><\/div>\n<div class=\"col-md-12 col-sm-12 col-xs-12 pt-cv-content-item pt-cv-1-col\" ><div class='pt-cv-ifield'><h4 class=\"pt-cv-title\"><a href=\"https:\/\/www.tvnovelas.com.br\/tvnews\/no-rancho-fundo-romera-desbloqueada-entre-os-podres-de-saba-bodo\/\" class=\"_blank\" target=\"_blank\" >No Rancho Fundo: Romera desbloqueada entre os podres de Sab\u00e1 Bod\u00f3<\/a><\/h4><\/div><\/div>\n<div class=\"col-md-12 col-sm-12 col-xs-12 pt-cv-content-item pt-cv-1-col\" ><div class='pt-cv-ifield'><h4 class=\"pt-cv-title\"><a href=\"https:\/\/www.tvnovelas.com.br\/tvnews\/no-rancho-fundo-jordao-e-preso-por-tentar-matar-primo-cicero\/\" class=\"_blank\" target=\"_blank\" >No Rancho Fundo: Jord\u00e3o \u00e9 preso por tentar matar Primo C\u00edcero<\/a><\/h4><\/div><\/div>\n<div class=\"col-md-12 col-sm-12 col-xs-12 pt-cv-content-item pt-cv-1-col\" ><div class='pt-cv-ifield'><h4 class=\"pt-cv-title\"><a href=\"https:\/\/www.tvnovelas.com.br\/tvnews\/no-rancho-fundo-artur-confronta-elias-e-descobre-quem-ele-e\/\" class=\"_blank\" target=\"_blank\" >No Rancho Fundo:  Artur confronta Elias e descobre quem ele \u00e9<\/a><\/h4><\/div><\/div>\n<div class=\"col-md-12 col-sm-12 col-xs-12 pt-cv-content-item pt-cv-1-col\" ><div class='pt-cv-ifield'><h4 class=\"pt-cv-title\"><a href=\"https:\/\/www.tvnovelas.com.br\/tvnews\/no-rancho-fundo-elias-espalha-dinamites-na-gruta-azul-a-mando-de-ariosto\/\" class=\"_blank\" target=\"_blank\" >No Rancho Fundo: Elias espalha dinamites na Gruta Azul a mando de Ariosto<\/a><\/h4><\/div><\/div><\/div><\/div><\/div><br \/>\n<a href=\"https:\/\/wp.me\/pfspD2-OO\" target=\"_blank\" rel=\"noopener\">No Rancho Fundo: De Lasca Fogo a Lap\u00e3o da Beirada<\/a><br \/>\n<a href=\"https:\/\/tvnovelas.com.br\/page2\/arquivo\/no-rancho-fundo-trilha-sonora\/\" target=\"_blank\" rel=\"noopener\">No Rancho Fundo: trilha sonora<\/a><br \/>\n<a href=\"https:\/\/pt.wikipedia.org\/wiki\/No_Rancho_Fundo\" target=\"_blank\" rel=\"noopener\">Sobre No Rancho Fundo, na Wikipedia<\/a><br \/>\n<a href=\"https:\/\/tvnovelas.com.br\/filmes\/filmes-na-tv-segunda\/\" target=\"_blank\" rel=\"noopener\">Confira a programa\u00e7\u00e3o de filmes na TV aberta<\/a><br \/>\n<a href=\"https:\/\/www.tvnovelas.com.br\/tvnews\/\">\u00daltimas not\u00edcias de todas as novelas<\/a><\/p>\n","protected":false},"excerpt":{"rendered":"<p>No Rancho Fundo:  Tia Salete&#8230;. Em No Rancho Fundo, o fim de um grande mist\u00e9rio se aproxima em No Rancho Fundo. No cap\u00edtulo deste s\u00e1bado (28), Tia Salete&#8230;<\/p>\n","protected":false},"author":1,"featured_media":68939,"comment_status":"closed","ping_status":"closed","sticky":false,"template":"","format":"standard","meta":{"_uf_show_specific_survey":0,"_uf_disable_surveys":false,"_jetpack_memberships_contains_paid_content":false,"footnotes":"","_wp_rev_ctl_limit":""},"categories":[763],"tags":[5,764,64],"class_list":["post-68937","post","type-post","status-publish","format-standard","has-post-thumbnail","hentry","category-no-rancho-fundo","tag-globo","tag-no-rancho-fundo","tag-novelas","wpcat-763-id"],"aioseo_notices":[],"jetpack_featured_media_url":"https:\/\/i0.wp.com\/www.tvnovelas.com.br\/tvnews\/wp-content\/uploads\/2024\/09\/40147-1.jpg?fit=728%2C410&ssl=1","jetpack_shortlink":"https:\/\/wp.me\/pdP2BO-hVT","jetpack_sharing_enabled":true,"_links":{"self":[{"href":"https:\/\/www.tvnovelas.com.br\/tvnews\/wp-json\/wp\/v2\/posts\/68937","targetHints":{"allow":["GET"]}}],"collection":[{"href":"https:\/\/www.tvnovelas.com.br\/tvnews\/wp-json\/wp\/v2\/posts"}],"about":[{"href":"https:\/\/www.tvnovelas.com.br\/tvnews\/wp-json\/wp\/v2\/types\/post"}],"author":[{"embeddable":true,"href":"https:\/\/www.tvnovelas.com.br\/tvnews\/wp-json\/wp\/v2\/users\/1"}],"replies":[{"embeddable":true,"href":"https:\/\/www.tvnovelas.com.br\/tvnews\/wp-json\/wp\/v2\/comments?post=68937"}],"version-history":[{"count":2,"href":"https:\/\/www.tvnovelas.com.br\/tvnews\/wp-json\/wp\/v2\/posts\/68937\/revisions"}],"predecessor-version":[{"id":68941,"href":"https:\/\/www.tvnovelas.com.br\/tvnews\/wp-json\/wp\/v2\/posts\/68937\/revisions\/68941"}],"wp:featuredmedia":[{"embeddable":true,"href":"https:\/\/www.tvnovelas.com.br\/tvnews\/wp-json\/wp\/v2\/media\/68939"}],"wp:attachment":[{"href":"https:\/\/www.tvnovelas.com.br\/tvnews\/wp-json\/wp\/v2\/media?parent=68937"}],"wp:term":[{"taxonomy":"category","embeddable":true,"href":"https:\/\/www.tvnovelas.com.br\/tvnews\/wp-json\/wp\/v2\/categories?post=68937"},{"taxonomy":"post_tag","embeddable":true,"href":"https:\/\/www.tvnovelas.com.br\/tvnews\/wp-json\/wp\/v2\/tags?post=68937"}],"curies":[{"name":"wp","href":"https:\/\/api.w.org\/{rel}","templated":true}]}}