{"id":69070,"date":"2024-10-02T21:19:35","date_gmt":"2024-10-03T00:19:35","guid":{"rendered":"https:\/\/www.tvnovelas.com.br\/tvnews\/?p=69070"},"modified":"2024-10-02T17:35:46","modified_gmt":"2024-10-02T20:35:46","slug":"forca-de-mulher-arif-chora-nos-bracos-de-bahar","status":"publish","type":"post","link":"https:\/\/www.tvnovelas.com.br\/tvnews\/forca-de-mulher-arif-chora-nos-bracos-de-bahar\/","title":{"rendered":"For\u00e7a de Mulher: Arif chora nos bra\u00e7os de Bahar"},"content":{"rendered":"<p><em>For\u00e7a de Mulher: Arif chora&#8230;<\/em><br \/>\n<figure id=\"attachment_69071\" aria-describedby=\"caption-attachment-69071\" style=\"width: 728px\" class=\"wp-caption alignnone\"><img data-recalc-dims=\"1\" decoding=\"async\" class=\"wp-image-69071 size-full\" title=\"Foto: Reprodu\u00e7\u00e3o\/Record\/For\u00e7a de Mulher)\" src=\"https:\/\/i0.wp.com\/www.tvnovelas.com.br\/tvnews\/wp-content\/uploads\/2024\/10\/40179.jpg?resize=728%2C415&#038;ssl=1\" alt=\"Foto em For\u00e7a de Mulher: Arif chora\" width=\"728\" height=\"415\" \/><figcaption id=\"caption-attachment-69071\" class=\"wp-caption-text\">For\u00e7a de Mulher: Arif chora&#8230;<\/figcaption><\/figure><\/p>\n<p>No cap\u00edtulo de For\u00e7a de Mulher nesta quinta, dia 03, Arif chora nos bra\u00e7os de Bahar e Bersan v\u00ea a cena. Arif leva Bahar para casa e faz elogios a ela. O rapaz tenta disfar\u00e7ar o amor que sente pela vi\u00fava. Confira o cap\u00edtulo do dia:<\/p>\n<h2 style=\"color: #9400d3;\">Resumo de quinta-feira, 03 de outubro<\/h2>\n<p>Enver e Hatice levam as crian\u00e7as ao parque e, desolados, conversam sobre Sirin. Hatice diz temer que a filha ca\u00e7ula tente se suicidar novamente. Sirin volta a aprontar e diz aos sobrinhos que Bahar pode morrer. Yeliz pede o n\u00famero de celular de Sirin na frente de Bahar. Sirin provoca Yeliz. Arif chora nos bra\u00e7os de Bahar e Bersan v\u00ea a cena. Arif leva Bahar para casa e faz elogios a ela. O rapaz tenta disfar\u00e7ar o amor que sente pela vi\u00fava. Ceyda consola Bersan, que lamenta os erros que cometeu no passado com Arif.<\/p>\n<h2>Saiba mais:<\/h2>\n<p><a href=\"https:\/\/tvnovelas.com.br\/novelas\/resumos-de-forca-de-mulher\/\" target=\"_blank\" rel=\"noopener\">Resumos da semana de For\u00e7a de Mulher<\/a><br \/>\n<a href=\"https:\/\/tvnovelas.com.br\/page2\/arquivo\/forca-de-mulher-as-lutas-de-bahar\/\" target=\"_blank\" rel=\"noopener\">For\u00e7a de Mulher: As lutas de Bahar (Sinopse)<\/a><br \/>\n<a href=\"https:\/\/pt.wikipedia.org\/wiki\/Kad%C4%B1n\" target=\"_blank\" rel=\"noopener\">Sobre For\u00e7a de Mulher na Wikipedia<\/a><br \/>\n<a href=\"https:\/\/www.facebook.com\/tevenovelas\/\">\u00daltimas not\u00edcias do TV Novelas no Facebook<\/a><br \/>\n<a href=\"https:\/\/tvnovelas.com.br\/novelas\/\">Resumos de todas as novelas<\/a><br \/>\n<strong>Coment\u00e1rios em Resumos de For\u00e7a de mulher<\/strong><\/p>\n<div class=\"fb-comments\" data-href=\"https:\/\/tvnovelas.com.br\/page2\/arquivo\/forca-de-mulher-as-lutas-de-bahar\/\" data-width=\"100%\" data-order_by=\"reverse_time\" data-numposts=\"3\"><\/div>\n<h2>\u00daltimas not\u00edcias das novelas<\/h2>\n<p>[wp-rss-aggregator feeds=&#8221;todas&#8221;]<\/p>\n","protected":false},"excerpt":{"rendered":"<p>For\u00e7a de Mulher: Arif chora&#8230; No cap\u00edtulo de For\u00e7a de Mulher nesta quinta, dia 03, Arif chora nos bra\u00e7os de Bahar e Bersan v\u00ea a cena,&#8230; Confira o cap\u00edtulo do dia:<\/p>\n","protected":false},"author":1,"featured_media":69071,"comment_status":"closed","ping_status":"closed","sticky":false,"template":"","format":"standard","meta":{"_uf_show_specific_survey":0,"_uf_disable_surveys":false,"_jetpack_memberships_contains_paid_content":false,"footnotes":"","_wp_rev_ctl_limit":""},"categories":[803],"tags":[805,64,14],"class_list":["post-69070","post","type-post","status-publish","format-standard","has-post-thumbnail","hentry","category-forca-de-mulher","tag-forca-de-mulher","tag-novelas","tag-record","wpcat-803-id"],"aioseo_notices":[],"jetpack_featured_media_url":"https:\/\/i0.wp.com\/www.tvnovelas.com.br\/tvnews\/wp-content\/uploads\/2024\/10\/40179.jpg?fit=728%2C415&ssl=1","jetpack_shortlink":"https:\/\/wp.me\/pdP2BO-hY2","jetpack_sharing_enabled":true,"_links":{"self":[{"href":"https:\/\/www.tvnovelas.com.br\/tvnews\/wp-json\/wp\/v2\/posts\/69070","targetHints":{"allow":["GET"]}}],"collection":[{"href":"https:\/\/www.tvnovelas.com.br\/tvnews\/wp-json\/wp\/v2\/posts"}],"about":[{"href":"https:\/\/www.tvnovelas.com.br\/tvnews\/wp-json\/wp\/v2\/types\/post"}],"author":[{"embeddable":true,"href":"https:\/\/www.tvnovelas.com.br\/tvnews\/wp-json\/wp\/v2\/users\/1"}],"replies":[{"embeddable":true,"href":"https:\/\/www.tvnovelas.com.br\/tvnews\/wp-json\/wp\/v2\/comments?post=69070"}],"version-history":[{"count":2,"href":"https:\/\/www.tvnovelas.com.br\/tvnews\/wp-json\/wp\/v2\/posts\/69070\/revisions"}],"predecessor-version":[{"id":69092,"href":"https:\/\/www.tvnovelas.com.br\/tvnews\/wp-json\/wp\/v2\/posts\/69070\/revisions\/69092"}],"wp:featuredmedia":[{"embeddable":true,"href":"https:\/\/www.tvnovelas.com.br\/tvnews\/wp-json\/wp\/v2\/media\/69071"}],"wp:attachment":[{"href":"https:\/\/www.tvnovelas.com.br\/tvnews\/wp-json\/wp\/v2\/media?parent=69070"}],"wp:term":[{"taxonomy":"category","embeddable":true,"href":"https:\/\/www.tvnovelas.com.br\/tvnews\/wp-json\/wp\/v2\/categories?post=69070"},{"taxonomy":"post_tag","embeddable":true,"href":"https:\/\/www.tvnovelas.com.br\/tvnews\/wp-json\/wp\/v2\/tags?post=69070"}],"curies":[{"name":"wp","href":"https:\/\/api.w.org\/{rel}","templated":true}]}}