{"id":69202,"date":"2024-10-07T19:00:35","date_gmt":"2024-10-07T22:00:35","guid":{"rendered":"https:\/\/www.tvnovelas.com.br\/tvnews\/?p=69202"},"modified":"2024-10-07T16:55:44","modified_gmt":"2024-10-07T19:55:44","slug":"alma-gemea-debora-manda-ivan-tirar-rafael-do-caminho-de-cristina","status":"publish","type":"post","link":"https:\/\/www.tvnovelas.com.br\/tvnews\/alma-gemea-debora-manda-ivan-tirar-rafael-do-caminho-de-cristina\/","title":{"rendered":"Alma G\u00eamea: D\u00e9bora manda Ivan tirar Rafael do caminho de Cristina"},"content":{"rendered":"<p><em>Alma G\u00eamea: D\u00e9bora&#8230;<\/em><br \/>\n<figure id=\"attachment_69203\" aria-describedby=\"caption-attachment-69203\" style=\"width: 728px\" class=\"wp-caption alignnone\"><img data-recalc-dims=\"1\" decoding=\"async\" class=\"wp-image-69203 size-full\" title=\"(Foto: Reprodu\u00e7\u00e3o\/TV Globo\/Alma G\u00eamea)\" src=\"https:\/\/i0.wp.com\/www.tvnovelas.com.br\/tvnews\/wp-content\/uploads\/2024\/10\/40205.jpg?resize=728%2C408&#038;ssl=1\" alt=\"Foto em Alma G\u00eamea: D\u00e9bora\" width=\"728\" height=\"408\" \/><figcaption id=\"caption-attachment-69203\" class=\"wp-caption-text\">Alma G\u00eamea: D\u00e9bora&#8230;<\/figcaption><\/figure><\/p>\n<p>No cap\u00edtulo de \ud835\udd38\ud835\udd5d\ud835\udd5e\ud835\udd52 \ud835\udd3e\u00ea\ud835\udd5e\ud835\udd56\ud835\udd52 desta ter\u00e7a, dia 08, D\u00e9bora ordena que Ivan tire Rafael do caminho de Cristina, pois assim sua filha ficaria com a fortuna dele&#8230;. Confira o resumo desta ter; na \u00edntegra:<\/p>\n<h2 style=\"color: #ff8c00;\">Resumo de ter\u00e7a-feira, 08 de outubro<\/h2>\n<p>Serena fica inerte no rio e Ter\u00ea corre para buscar ajuda. Jos\u00e9 Aristides socorre Serena e Ivan, disfar\u00e7ado, foge. Ter\u00ea implora para Serena n\u00e3o partir e Luna guia o esp\u00edrito dela de volta ao corpo. Serena acorda e recupera os sentidos. Raul diz a Rafael que vai pedir mais veneno para as formigas, mas n\u00e3o coloca o pedido no correio. D\u00e9bora fica furiosa ao saber que Cristina quis matar Serena, pois sabe que a suspeita do atentado cair\u00e1 sobre ela. Ela ordena que Ivan tire Rafael do caminho de Cristina, pois assim sua filha ficaria com a fortuna dele.<\/p>\n<p>Serena pede que n\u00e3o contem nada a Rafael sobre o atentado at\u00e9 ela ter certeza do culpado. Ol\u00edvia recebe a intima\u00e7\u00e3o para a segunda audi\u00eancia. Ela diz a Ab\u00edlio que vai pegar dinheiro emprestado com Rafael e quitar as d\u00edvidas antes da audi\u00eancia, e Jorge ouve a conversa. K\u00e1tia exige que Jorge namore s\u00e9rio com ela, e deixa claro que pretende se casar. Guto mostra a Alexandra onde as joias est\u00e3o escondidas, mas ela n\u00e3o reconhece o lugar. Adelaide fica incomodada com os segredos de Serena. Ela conta a Ciro que tentaram afog\u00e1-la. Serena conta a H\u00e9lio do ataque que sofreu. Rafael concorda em emprestar o dinheiro a Ol\u00edvia. Ela alerta Rafael sobre o car\u00e1ter de Raul. Julian inicia a sess\u00e3o de regress\u00e3o com Serena, e pede que ela se concentre em Cristina. Serena se lembra do momento em que Luna ganhou as joias, e percebe que Cristina sempre teve inveja de Luna.<\/p>\n<p>Conformada que Rafael descobriu tudo, D\u00e9bora aconselha Cristina a fazer um acordo de div\u00f3rcio. Ela decide pedir uma fortuna. Jorge conta para Raul que Ol\u00edvia pretende pagar as d\u00edvidas antes da audi\u00eancia. Santos pergunta a Cristina quanto ela quer para assinar o div\u00f3rcio, e ela exige uma fortuna. Sabina explica para H\u00e9lio que gosta dele, mas que s\u00f3 recusar\u00e1 o pedido de casamento do ex-noivo se souber quais s\u00e3o suas inten\u00e7\u00f5es. H\u00e9lio n\u00e3o sabe o que fazer, pois n\u00e3o acha que poder\u00e1 sustentar uma fam\u00edlia. O advogado conta a Rafael o valor absurdo que Cristina pediu e ele a confronta. Jorge diz a K\u00e1tia que n\u00e3o est\u00e1 interessado nela e ela fica arrasada. Cristina diz a Rafael que, se ele vender o roseiral, poder\u00e1 levantar o dinheiro que ela exige. Rafael se recusa. Cristina pede que Rafael fique com ela mais uma noite e afirma que, assim, esquecer\u00e1 sua vingan\u00e7a. Rafael lembra que nunca passou a noite com Cristina. Ele manda que Cristina se afaste e ela fica furiosa. Serena conta a Ciro que \u201clembrou-se&#8221; que Cristina ficou furiosa quando Luna ganhou as joias. Serena explica que Cristina quer v\u00ea-la fora do seu caminho, assim como quis com Luna.<br \/>\n<!--FIM DO POST--><\/p>\n<div class=\"fb-comments\" data-width=\"100%\" data-order-by=\"reverse_time\" data-numposts=\"5\"><\/div>\n<p><strong style=\"font-size: 120%;\">\u00daltimas not\u00edcias deste canal:<\/strong>\r\n<div class=\"pt-cv-wrapper\"><div class=\"pt-cv-view pt-cv-grid pt-cv-colsys\" id=\"pt-cv-view-90991035b3\"><div data-id=\"pt-cv-page-1\" class=\"pt-cv-page\" data-cvc=\"1\"><div class=\"col-md-12 col-sm-12 col-xs-12 pt-cv-content-item pt-cv-1-col\" ><div class='pt-cv-ifield'><h4 class=\"pt-cv-title\"><a href=\"https:\/\/www.tvnovelas.com.br\/tvnews\/coracao-de-mae-irmak-inicia-jogo-arriscado-contra-adnan\/\" class=\"_self\" target=\"_self\" >Cora\u00e7\u00e3o de M\u00e3e: Irmak inicia jogo arriscado contra Adnan<\/a><\/h4><\/div><\/div>\n<div class=\"col-md-12 col-sm-12 col-xs-12 pt-cv-content-item pt-cv-1-col\" ><div class='pt-cv-ifield'><h4 class=\"pt-cv-title\"><a href=\"https:\/\/www.tvnovelas.com.br\/tvnews\/guerra-das-rosas-omer-chama-gulru-vestida-de-noiva-para-fugir\/\" class=\"_self\" target=\"_self\" >Guerra das Rosas: Omer chama Gulru vestida de noiva para fugir<\/a><\/h4><\/div><\/div>\n<div class=\"col-md-12 col-sm-12 col-xs-12 pt-cv-content-item pt-cv-1-col\" ><div class='pt-cv-ifield'><h4 class=\"pt-cv-title\"><a href=\"https:\/\/www.tvnovelas.com.br\/tvnews\/coracao-de-mae-reha-sai-para-jantar-com-selvi\/\" class=\"_self\" target=\"_self\" >Cora\u00e7\u00e3o de M\u00e3e: Reha sai para jantar com Selvi<\/a><\/h4><\/div><\/div>\n<div class=\"col-md-12 col-sm-12 col-xs-12 pt-cv-content-item pt-cv-1-col\" ><div class='pt-cv-ifield'><h4 class=\"pt-cv-title\"><a href=\"https:\/\/www.tvnovelas.com.br\/tvnews\/coracao-acelerado-zila-se-preocupa-com-sua-situacao-apos-separacao\/\" class=\"_self\" target=\"_self\" >Cora\u00e7\u00e3o Acelerado: Zil\u00e1 se preocupa com sua situa\u00e7\u00e3o ap\u00f3s separa\u00e7\u00e3o<\/a><\/h4><\/div><\/div>\n<div class=\"col-md-12 col-sm-12 col-xs-12 pt-cv-content-item pt-cv-1-col\" ><div class='pt-cv-ifield'><h4 class=\"pt-cv-title\"><a href=\"https:\/\/www.tvnovelas.com.br\/tvnews\/a-nobreza-do-amor-tonho-nao-se-curva-diante-de-mirinho\/\" class=\"_self\" target=\"_self\" >A Nobreza do Amor: Tonho n\u00e3o se curva diante de Mirinho<\/a><\/h4><\/div><\/div>\n<div class=\"col-md-12 col-sm-12 col-xs-12 pt-cv-content-item pt-cv-1-col\" ><div class='pt-cv-ifield'><h4 class=\"pt-cv-title\"><a href=\"https:\/\/www.tvnovelas.com.br\/tvnews\/tres-gracas-arminda-surta-ao-confirmar-que-ferette-e-pai-de-raul\/\" class=\"_self\" target=\"_self\" >Tr\u00eas Gra\u00e7as:  Arminda surta ao confirmar que Ferette \u00e9 pai de Raul<\/a><\/h4><\/div><\/div>\n<div class=\"col-md-12 col-sm-12 col-xs-12 pt-cv-content-item pt-cv-1-col\" ><div class='pt-cv-ifield'><h4 class=\"pt-cv-title\"><a href=\"https:\/\/www.tvnovelas.com.br\/tvnews\/coracao-de-mae-atilla-confronta-hasan-e-exige-o-divorcio-de-lale\/\" class=\"_self\" target=\"_self\" >Cora\u00e7\u00e3o de M\u00e3e: Atilla confronta Hasan e exige o div\u00f3rcio de Lale<\/a><\/h4><\/div><\/div>\n<div class=\"col-md-12 col-sm-12 col-xs-12 pt-cv-content-item pt-cv-1-col\" ><div class='pt-cv-ifield'><h4 class=\"pt-cv-title\"><a href=\"https:\/\/www.tvnovelas.com.br\/tvnews\/guerra-das-rosas-gulfem-coloca-gulru-contra-a-parede\/\" class=\"_self\" target=\"_self\" >Guerra das Rosas: Gulfem coloca Gulru contra a parede<\/a><\/h4><\/div><\/div>\n<div class=\"col-md-12 col-sm-12 col-xs-12 pt-cv-content-item pt-cv-1-col\" ><div class='pt-cv-ifield'><h4 class=\"pt-cv-title\"><a href=\"https:\/\/www.tvnovelas.com.br\/tvnews\/coracao-de-mae-atilla-diz-a-lale-que-quer-o-divorcio\/\" class=\"_self\" target=\"_self\" >Cora\u00e7\u00e3o de M\u00e3e: Atilla diz a Lale que quer o div\u00f3rcio<\/a><\/h4><\/div><\/div>\n<div class=\"col-md-12 col-sm-12 col-xs-12 pt-cv-content-item pt-cv-1-col\" ><div class='pt-cv-ifield'><h4 class=\"pt-cv-title\"><a href=\"https:\/\/www.tvnovelas.com.br\/tvnews\/a-nobreza-do-amor-mirinho-garante-noivado-com-virginia-para-atrair-sogro-a-negocio\/\" class=\"_self\" target=\"_self\" >A Nobreza do Amor: Mirinho garante noivado com Virg\u00ednia para atrair sogro a neg\u00f3cio<\/a><\/h4><\/div><\/div><\/div><\/div><\/div>\r\n<a href=\"https:\/\/www.tvnovelas.com.br\/novelas\/\"><strong>Confira os resumos da semana de todas novelas<\/strong><\/a><\/br>\r\n<h3>Confira tamb\u00e9m<\/h3>\r\n<a href=\"https:\/\/www.tvnovelas.com.br\/filmes\/\" target=\"_blank\" rel=\"noopener noreferrer\"><strong>Programa\u00e7\u00e3o de filmes na TV aberta<\/strong><\/a><\/br>\r\n<a href=\"https:\/\/caetenews.com.br\/semana\/filmes-da-globo-na-sessao-da-tarde-desta-semana\/\" target=\"_blank\" rel=\"noopener\"><strong>Confira os filmes da semana na Sess\u00e3o da Tarde<\/strong><\/a><\/br>\r\n<a href=\"https:\/\/www.tvnovelas.com.br\/novelas\/\" target=\"_blank\" rel=\"noopener noreferrer\"><strong>Resumos de novelas<\/strong><\/a><\/br>\r\n<a href=\"https:\/\/tvnovelas.com.br\/news\/mundo\/\" rel=\"noopener\" target=\"_blank\"><strong>News: Turismo, Cultura, Lazer e Entretenimento<\/strong><\/a><br \/>\n<a href=\"https:\/\/wp.me\/pfspD2-5Y\">Alma G\u00eamea: Um amor eterno<\/a><br \/>\n<a href=\"https:\/\/tvnovelas.com.br\/page2\/arquivo\/alma-gemea-quem-e-quem\/\">Alma G\u00eamea: Principais personagens<\/a><br \/>\n<a href=\"https:\/\/pt.wikipedia.org\/wiki\/Alma_G\u00eamea\" target=\"_blank\" rel=\"noopener\">Sobre Alma G\u00eamea na Wikipedia<\/a><br \/>\n<a href=\"https:\/\/www.facebook.com\/tevenovelas\/\">\u00daltimas not\u00edcias do TV Novelas no Facebook<\/a><br \/>\n<a href=\"https:\/\/tvnovelas.com.br\/novelas\/\">Resumos de todas as novelas<\/a><\/p>\n","protected":false},"excerpt":{"rendered":"<p>Alma G\u00eamea: D\u00e9bora&#8230; No cap\u00edtulo de \ud835\udd38\ud835\udd5d\ud835\udd5e\ud835\udd52 \ud835\udd3e\u00ea\ud835\udd5e\ud835\udd56\ud835\udd52 desta ter\u00e7a, dia 08, D\u00e9bora ordena que Ivan tire Rafael do caminho de Cristina&#8230;.<\/p>\n","protected":false},"author":1,"featured_media":69203,"comment_status":"closed","ping_status":"closed","sticky":false,"template":"","format":"standard","meta":{"_uf_show_specific_survey":0,"_uf_disable_surveys":false,"_jetpack_memberships_contains_paid_content":false,"footnotes":"","_wp_rev_ctl_limit":""},"categories":[236],"tags":[768,5,64],"class_list":["post-69202","post","type-post","status-publish","format-standard","has-post-thumbnail","hentry","category-globo","tag-alma-gemea","tag-globo","tag-novelas","wpcat-236-id"],"aioseo_notices":[],"jetpack_featured_media_url":"https:\/\/i0.wp.com\/www.tvnovelas.com.br\/tvnews\/wp-content\/uploads\/2024\/10\/40205.jpg?fit=728%2C408&ssl=1","jetpack_shortlink":"https:\/\/wp.me\/pdP2BO-i0a","jetpack_sharing_enabled":true,"_links":{"self":[{"href":"https:\/\/www.tvnovelas.com.br\/tvnews\/wp-json\/wp\/v2\/posts\/69202","targetHints":{"allow":["GET"]}}],"collection":[{"href":"https:\/\/www.tvnovelas.com.br\/tvnews\/wp-json\/wp\/v2\/posts"}],"about":[{"href":"https:\/\/www.tvnovelas.com.br\/tvnews\/wp-json\/wp\/v2\/types\/post"}],"author":[{"embeddable":true,"href":"https:\/\/www.tvnovelas.com.br\/tvnews\/wp-json\/wp\/v2\/users\/1"}],"replies":[{"embeddable":true,"href":"https:\/\/www.tvnovelas.com.br\/tvnews\/wp-json\/wp\/v2\/comments?post=69202"}],"version-history":[{"count":2,"href":"https:\/\/www.tvnovelas.com.br\/tvnews\/wp-json\/wp\/v2\/posts\/69202\/revisions"}],"predecessor-version":[{"id":69224,"href":"https:\/\/www.tvnovelas.com.br\/tvnews\/wp-json\/wp\/v2\/posts\/69202\/revisions\/69224"}],"wp:featuredmedia":[{"embeddable":true,"href":"https:\/\/www.tvnovelas.com.br\/tvnews\/wp-json\/wp\/v2\/media\/69203"}],"wp:attachment":[{"href":"https:\/\/www.tvnovelas.com.br\/tvnews\/wp-json\/wp\/v2\/media?parent=69202"}],"wp:term":[{"taxonomy":"category","embeddable":true,"href":"https:\/\/www.tvnovelas.com.br\/tvnews\/wp-json\/wp\/v2\/categories?post=69202"},{"taxonomy":"post_tag","embeddable":true,"href":"https:\/\/www.tvnovelas.com.br\/tvnews\/wp-json\/wp\/v2\/tags?post=69202"}],"curies":[{"name":"wp","href":"https:\/\/api.w.org\/{rel}","templated":true}]}}