{"id":69206,"date":"2024-10-07T17:12:54","date_gmt":"2024-10-07T20:12:54","guid":{"rendered":"https:\/\/www.tvnovelas.com.br\/tvnews\/?p=69206"},"modified":"2024-10-07T17:12:54","modified_gmt":"2024-10-07T20:12:54","slug":"no-rancho-fundo-margaridinha-diz-a-vespertino-que-tem-vergonha-de-te-lo-como-pai","status":"publish","type":"post","link":"https:\/\/www.tvnovelas.com.br\/tvnews\/no-rancho-fundo-margaridinha-diz-a-vespertino-que-tem-vergonha-de-te-lo-como-pai\/","title":{"rendered":"No Rancho Fundo: Margaridinha diz a Vespertino que tem vergonha de t\u00ea-lo como pai"},"content":{"rendered":"<p><em>Em No Rancho Fundo: Margaridinha&#8230;<\/em><br \/>\n<figure id=\"attachment_69207\" aria-describedby=\"caption-attachment-69207\" style=\"width: 728px\" class=\"wp-caption alignnone\"><img data-recalc-dims=\"1\" decoding=\"async\" class=\"wp-image-69207 size-full\" title=\"(Foto: TV Globo\/No Rancho Fundo)\" src=\"https:\/\/i0.wp.com\/www.tvnovelas.com.br\/tvnews\/wp-content\/uploads\/2024\/10\/40206.jpg?resize=728%2C410&#038;ssl=1\" alt=\"Foto em No Rancho Fundo: Margaridinha \" width=\"728\" height=\"410\" \/><figcaption id=\"caption-attachment-69207\" class=\"wp-caption-text\">No Rancho Fundo: Margaridinha<\/figcaption><\/figure><\/p>\n<p>Em No Rancho Fundo, ap\u00f3s se descobrirem filha e pai, Margaridinha (Heloisa Honein) e Vespertino (Thardelly Lima) v\u00e3o ter mais uma conversa dif\u00edcil. Enquanto o dono do cabar\u00e9 estar\u00e1 todo empolgado com a novidade, a menina vai dizer a ele que tem vergonha de t\u00ea-lo com pai&#8230;<\/p>\n<p>Vespertino receber\u00e1 Margaridinha no escrit\u00f3rio dela no cabar\u00e9 com um vasinho de flores e a chamar\u00e1 de filha pela primeira vez.<\/p>\n<p>\u201cOlhe, as flores que tu gosta. Tu estava certa, traz uma alegria pro ambiente mesmo\u201d, comenta ele.<\/p>\n<p>\u201cN\u00e3o vim falar de flor\u201d, reage ela.<\/p>\n<p>&#8220;Claro&#8230; Acho que temos outros assuntos para tratar&#8230; Filha\u201d, diz ele, cauteloso.<\/p>\n<p>\u201cN\u00e3o me chame assim. \u00c9 Margaridinha. Ali\u00e1s, para voc\u00ea \u00e9 Maria Margarida Graciliana da Paix\u00e3o&#8230; Leonel, agora\u201d, afirma ela, dura.<\/p>\n<p>Vespertino continuar\u00e1 tentando se aproximar e ir\u00e1 dizer que poderia ter agido diferente caso soubesse que tinha uma filha.<\/p>\n<p>\u201cEu preciso te dizer, se eu soubesse que eu tinha uma filha&#8230;\u201d, diz ele.<\/p>\n<p>\u201cTu ia fazer o qu\u00ea? Tu vai dizer que ia vir atr\u00e1s de mim? Ser um bom pai? Me ensinar a tabuada? Por que eu vou acreditar que um homem que largou a mulher que ele dizia que amava, ia se dignar em ser um pai decente?!\u201d, reage ela.<\/p>\n<p>Vespertino ficar\u00e1 triste, mas se mostrar\u00e1 disposto a ser uma pessoa diferente de agora em diante.<\/p>\n<p>\u201cE se eu te disser que eu n\u00e3o quero ser esse homem hoje? O que eu fa\u00e7o pra tu acreditar?\u201d, pergunta ele, sincero.<\/p>\n<p>Margaridinha, ent\u00e3o, ter\u00e1 uma ideia para fazer o pai compensar por tudo o que fez \u00e0 Tia Salete (Mariana Lima).<\/p>\n<p>\u201cTu vai pagar uma pens\u00e3o&#8230; N\u00e3o \u00e9 pra mim. Pra minha m\u00e3e. Vai pagar retroativo de todos esses anos em que tu foi ausente, desgra\u00e7a!\u201d, diz ela.<\/p>\n<p>\u201cEu pago. Cada centavo. Fa\u00e7a as contas que eu pago\u201d, responde ele.<\/p>\n<p>Vespertino ainda tentar\u00e1 uma chance de conversar melhor com a filha rec\u00e9m-descoberta e sua funcion\u00e1ria na contabilidade do cabar\u00e9. Mas ela ser\u00e1 dura com ele.<\/p>\n<p>\u201cEu tenho vergonha de ter voc\u00ea como pai, mas vou continuar trabalhando aqui. V\u00e1. Saia de meu escrit\u00f3rio!\u201d<br \/>\n<!--END--><\/p>\n<div class=\"fb-comments\" data-width=\"100%\" data-order-by=\"reverse_time\" data-numposts=\"5\"><\/div>\n<h2>\u00daltimas publica\u00e7\u00f5es de No Rancho Fundo<\/h2>\n<p><div class=\"pt-cv-wrapper\"><div class=\"pt-cv-view pt-cv-grid pt-cv-colsys\" id=\"pt-cv-view-1b948bbbtz\"><div data-id=\"pt-cv-page-1\" class=\"pt-cv-page\" data-cvc=\"1\"><div class=\"col-md-12 col-sm-12 col-xs-12 pt-cv-content-item pt-cv-1-col\" ><div class='pt-cv-ifield'><h4 class=\"pt-cv-title\"><a href=\"https:\/\/www.tvnovelas.com.br\/tvnews\/no-rancho-fundo-deodora-atira-em-ariosto-por-magoa-e-ciume\/\" class=\"_blank\" target=\"_blank\" >No Rancho Fundo: Deodora atira em Ariosto por m\u00e1goa e ci\u00fame<\/a><\/h4><\/div><\/div>\n<div class=\"col-md-12 col-sm-12 col-xs-12 pt-cv-content-item pt-cv-1-col\" ><div class='pt-cv-ifield'><h4 class=\"pt-cv-title\"><a href=\"https:\/\/www.tvnovelas.com.br\/tvnews\/no-rancho-fundo-romera-desbloqueada-entre-os-podres-de-saba-bodo\/\" class=\"_blank\" target=\"_blank\" >No Rancho Fundo: Romera desbloqueada entre os podres de Sab\u00e1 Bod\u00f3<\/a><\/h4><\/div><\/div>\n<div class=\"col-md-12 col-sm-12 col-xs-12 pt-cv-content-item pt-cv-1-col\" ><div class='pt-cv-ifield'><h4 class=\"pt-cv-title\"><a href=\"https:\/\/www.tvnovelas.com.br\/tvnews\/no-rancho-fundo-jordao-e-preso-por-tentar-matar-primo-cicero\/\" class=\"_blank\" target=\"_blank\" >No Rancho Fundo: Jord\u00e3o \u00e9 preso por tentar matar Primo C\u00edcero<\/a><\/h4><\/div><\/div>\n<div class=\"col-md-12 col-sm-12 col-xs-12 pt-cv-content-item pt-cv-1-col\" ><div class='pt-cv-ifield'><h4 class=\"pt-cv-title\"><a href=\"https:\/\/www.tvnovelas.com.br\/tvnews\/no-rancho-fundo-artur-confronta-elias-e-descobre-quem-ele-e\/\" class=\"_blank\" target=\"_blank\" >No Rancho Fundo:  Artur confronta Elias e descobre quem ele \u00e9<\/a><\/h4><\/div><\/div>\n<div class=\"col-md-12 col-sm-12 col-xs-12 pt-cv-content-item pt-cv-1-col\" ><div class='pt-cv-ifield'><h4 class=\"pt-cv-title\"><a href=\"https:\/\/www.tvnovelas.com.br\/tvnews\/no-rancho-fundo-elias-espalha-dinamites-na-gruta-azul-a-mando-de-ariosto\/\" class=\"_blank\" target=\"_blank\" >No Rancho Fundo: Elias espalha dinamites na Gruta Azul a mando de Ariosto<\/a><\/h4><\/div><\/div><\/div><\/div><\/div><br \/>\n<a href=\"https:\/\/wp.me\/pfspD2-OO\" target=\"_blank\" rel=\"noopener\">No Rancho Fundo: De Lasca Fogo a Lap\u00e3o da Beirada<\/a><br \/>\n<a href=\"https:\/\/tvnovelas.com.br\/page2\/arquivo\/no-rancho-fundo-trilha-sonora\/\" target=\"_blank\" rel=\"noopener\">No Rancho Fundo: trilha sonora<\/a><br \/>\n<a href=\"https:\/\/pt.wikipedia.org\/wiki\/No_Rancho_Fundo\" target=\"_blank\" rel=\"noopener\">Sobre No Rancho Fundo, na Wikipedia<\/a><br \/>\n<a href=\"https:\/\/tvnovelas.com.br\/filmes\/filmes-na-tv-segunda\/\" target=\"_blank\" rel=\"noopener\">Confira a programa\u00e7\u00e3o de filmes na TV aberta<\/a><br \/>\n<a href=\"https:\/\/www.tvnovelas.com.br\/tvnews\/\">\u00daltimas not\u00edcias de todas as novelas<\/a><\/p>\n","protected":false},"excerpt":{"rendered":"<p>No Rancho Fundo: Margaridinha &#8230; Em No Rancho Fundo, ap\u00f3s se descobrirem filha e pai, Margaridinha (Heloisa Honein) e Vespertino&#8230;<\/p>\n","protected":false},"author":1,"featured_media":69207,"comment_status":"closed","ping_status":"closed","sticky":false,"template":"","format":"standard","meta":{"_uf_show_specific_survey":0,"_uf_disable_surveys":false,"_jetpack_memberships_contains_paid_content":false,"footnotes":"","_wp_rev_ctl_limit":""},"categories":[763],"tags":[5,764,64],"class_list":["post-69206","post","type-post","status-publish","format-standard","has-post-thumbnail","hentry","category-no-rancho-fundo","tag-globo","tag-no-rancho-fundo","tag-novelas","wpcat-763-id"],"aioseo_notices":[],"jetpack_featured_media_url":"https:\/\/i0.wp.com\/www.tvnovelas.com.br\/tvnews\/wp-content\/uploads\/2024\/10\/40206.jpg?fit=728%2C410&ssl=1","jetpack_shortlink":"https:\/\/wp.me\/pdP2BO-i0e","jetpack_sharing_enabled":true,"_links":{"self":[{"href":"https:\/\/www.tvnovelas.com.br\/tvnews\/wp-json\/wp\/v2\/posts\/69206","targetHints":{"allow":["GET"]}}],"collection":[{"href":"https:\/\/www.tvnovelas.com.br\/tvnews\/wp-json\/wp\/v2\/posts"}],"about":[{"href":"https:\/\/www.tvnovelas.com.br\/tvnews\/wp-json\/wp\/v2\/types\/post"}],"author":[{"embeddable":true,"href":"https:\/\/www.tvnovelas.com.br\/tvnews\/wp-json\/wp\/v2\/users\/1"}],"replies":[{"embeddable":true,"href":"https:\/\/www.tvnovelas.com.br\/tvnews\/wp-json\/wp\/v2\/comments?post=69206"}],"version-history":[{"count":1,"href":"https:\/\/www.tvnovelas.com.br\/tvnews\/wp-json\/wp\/v2\/posts\/69206\/revisions"}],"predecessor-version":[{"id":69208,"href":"https:\/\/www.tvnovelas.com.br\/tvnews\/wp-json\/wp\/v2\/posts\/69206\/revisions\/69208"}],"wp:featuredmedia":[{"embeddable":true,"href":"https:\/\/www.tvnovelas.com.br\/tvnews\/wp-json\/wp\/v2\/media\/69207"}],"wp:attachment":[{"href":"https:\/\/www.tvnovelas.com.br\/tvnews\/wp-json\/wp\/v2\/media?parent=69206"}],"wp:term":[{"taxonomy":"category","embeddable":true,"href":"https:\/\/www.tvnovelas.com.br\/tvnews\/wp-json\/wp\/v2\/categories?post=69206"},{"taxonomy":"post_tag","embeddable":true,"href":"https:\/\/www.tvnovelas.com.br\/tvnews\/wp-json\/wp\/v2\/tags?post=69206"}],"curies":[{"name":"wp","href":"https:\/\/api.w.org\/{rel}","templated":true}]}}