{"id":69217,"date":"2024-10-08T08:32:08","date_gmt":"2024-10-08T11:32:08","guid":{"rendered":"https:\/\/www.tvnovelas.com.br\/tvnews\/?p=69217"},"modified":"2024-10-08T08:32:08","modified_gmt":"2024-10-08T11:32:08","slug":"volta-por-cima-mada-recebe-flores-de-jao-e-deixa-chico-mordido","status":"publish","type":"post","link":"https:\/\/www.tvnovelas.com.br\/tvnews\/volta-por-cima-mada-recebe-flores-de-jao-e-deixa-chico-mordido\/","title":{"rendered":"Volta Por Cima: Mad\u00e1 recebe flores de J\u00e3o e deixa Chico mordido"},"content":{"rendered":"<p><em>Em Volta Por Cima: Mad\u00e1 recebe&#8230;.<\/em><br \/>\n<figure id=\"attachment_69218\" aria-describedby=\"caption-attachment-69218\" style=\"width: 728px\" class=\"wp-caption alignnone\"><img data-recalc-dims=\"1\" decoding=\"async\" class=\"wp-image-69218 size-full\" title=\"(Foto: TV Globo\/Volta por Cima)\" src=\"https:\/\/i0.wp.com\/www.tvnovelas.com.br\/tvnews\/wp-content\/uploads\/2024\/10\/40208.jpg?resize=728%2C405&#038;ssl=1\" alt=\"Foto em Volta Por Cima: Mad\u00e1 recebe...\" width=\"728\" height=\"405\" \/><figcaption id=\"caption-attachment-69218\" class=\"wp-caption-text\">Volta Por Cima: Mad\u00e1 recebe&#8230;<\/figcaption><\/figure><\/p>\n<p>Em Volta por Cima, Chico (Amaury Lorenzo) \u00e9 noivo de Mad\u00e1 (J\u00e9ssica Ellen) e amante de Roxelle (Isadora Cruz), sem que Mad\u00e1 nem sequer imagine sobre a vida dupla do rapaz. Mas foi ele saber que a mocinha recebeu flores de J\u00e3o (Fabr\u00edcio Boliveira) pro caldo entornar.<\/p>\n<p>Cupido de J\u00e3o e Mad\u00e1, Cida (Juliana Alves) sugere que o fiscal de \u00f4nibus mande flores \u00e0 filha de Lindomar (MV Bill) como mais um agradecimento por ela ter intercedido por ele junto a Edson (Ailton Gra\u00e7a) e ter conseguido o emprego de volta na Via\u00e7\u00e3o Formosa.<\/p>\n<p>J\u00e3o, bem interessado em Mad\u00e1, adora a ideia da amiga.<\/p>\n<p>&#8220;Flores&#8230;? Por isso que te acho incr\u00edvel, Cida! Como \u00e9 que eu n\u00e3o pensei nisso?&#8221;, reflete o fiscal.<\/p>\n<p>E ele segue direitinho o conselho da motorista e compra as mais lindas flores, que manda entregar na casa de Mad\u00e1.<\/p>\n<p>A mocinha, que voltou a ter um lampejo de paix\u00e3o pelo jornaleiro, justamente pra tirar J\u00e3o da cabe\u00e7a, acredita que o presente seja do noivo e se atira sobre ele, dizendo que amou as flores. No que ele diz que n\u00e3o mandou nada.<\/p>\n<p>&#8220;Ent\u00e3o quem&#8230;?! Foi o J\u00e3o que mandou&#8221;, diz Mad\u00e1, surpreendida ao ler o cart\u00e3o.<\/p>\n<p>Chico se enerva e quer saber o que o fiscal quer com a noiva. Mad\u00e1 conta que foi um gesto de agradecimento de J\u00e3o, e Tati (Bia Miranda) joga lenha na fogueira ao perguntar se o jornaleiro est\u00e1 com ci\u00fames da irm\u00e3. Mad\u00e1 afirma que nunca deu motivos pros ci\u00fames do noivo, que continua nervoso.<\/p>\n<p>&#8220;Voc\u00ea n\u00e3o me respondeu o que voc\u00ea fez pro J\u00e3o&#8221;, sem saber que a noiva conseguiu que ele fosse recontratado na Via\u00e7\u00e3o Formosa.<\/p>\n<p>&#8220;Por que voc\u00ea foi se meter em problema que n\u00e3o \u00e9 seu?&#8221;, questiona, irritado.<br \/>\n<!--FIN--><\/p>\n<div class=\"fb-comments\" data-width=\"100%\" data-order-by=\"reverse_time\" data-numposts=\"5\"><\/div>\n<p><h2>Mais:<\/h2>\r\n<p><a href=\"https:\/\/tvnovelas.com.br\/novelas\/resumos-de-volta-por-cima\/\" target=\"_blank\" rel=\"noopener\">Confira os resumos da semana de Volta por Cima'<\/a><\/p>\r\n<p><a href=\"https:\/\/wp.me\/pfspD2-T5\" target=\"_blank\" rel=\"noopener\">Volta por Cima: Entre os sonhos e a fam\u00edlia<\/a> (Sinopse)<\/p>\r\n<p><a href=\"https:\/\/pt.wikipedia.org\/wiki\/Volta_por_Cima_(telenovela)\" target=\"_blank\" rel=\"noopener\">Sobre Volta por Cima na Wikipedia<\/a><\/p>\r\n<p><a href=\"https:\/\/tvnovelas.com.br\/novelas\/\" target=\"_blank\" rel=\"noopener\">Resumos de todas as novelas<\/a><\/p>\r\n<p><strong style=\"font-size: 120%;\">\u00daltimas not\u00edcias de 'Volta por Cima':<\/strong><\/p>\r\n<div class=\"pt-cv-wrapper\"><div class=\"pt-cv-view pt-cv-grid pt-cv-colsys\" id=\"pt-cv-view-372c3953u7\"><div data-id=\"pt-cv-page-1\" class=\"pt-cv-page\" data-cvc=\"1\"><div class=\"col-md-12 col-sm-12 col-xs-12 pt-cv-content-item pt-cv-1-col\" ><div class='pt-cv-ifield'><h4 class=\"pt-cv-title\"><a href=\"https:\/\/www.tvnovelas.com.br\/tvnews\/volta-por-cima-onibus-de-lindomar-passa-por-outro-acidente-tragico\/\" class=\"_self\" target=\"_self\" >Volta por Cima: \u00d4nibus de Lindomar passa por outro acidente tr\u00e1gico<\/a><\/h4><\/div><\/div>\n<div class=\"col-md-12 col-sm-12 col-xs-12 pt-cv-content-item pt-cv-1-col\" ><div class='pt-cv-ifield'><h4 class=\"pt-cv-title\"><a href=\"https:\/\/www.tvnovelas.com.br\/tvnews\/volta-por-cima-osmar-descobre-que-vivinha-preservou-sua-vida\/\" class=\"_self\" target=\"_self\" >Volta por Cima: Osmar descobre que Vivinha preservou sua vida<\/a><\/h4><\/div><\/div>\n<div class=\"col-md-12 col-sm-12 col-xs-12 pt-cv-content-item pt-cv-1-col\" ><div class='pt-cv-ifield'><h4 class=\"pt-cv-title\"><a href=\"https:\/\/www.tvnovelas.com.br\/tvnews\/volta-por-cima-jao-salva-a-vida-de-nando\/\" class=\"_self\" target=\"_self\" >Volta por Cima: J\u00e3o salva a vida de Nando<\/a><\/h4><\/div><\/div>\n<div class=\"col-md-12 col-sm-12 col-xs-12 pt-cv-content-item pt-cv-1-col\" ><div class='pt-cv-ifield'><h4 class=\"pt-cv-title\"><a href=\"https:\/\/www.tvnovelas.com.br\/tvnews\/volta-por-cima-saia-justa-osmar-chama-joyce-de-vivinha\/\" class=\"_self\" target=\"_self\" >Volta por Cima: Saia justa: Osmar chama Joyce de Vivinha&#8230;<\/a><\/h4><\/div><\/div>\n<div class=\"col-md-12 col-sm-12 col-xs-12 pt-cv-content-item pt-cv-1-col\" ><div class='pt-cv-ifield'><h4 class=\"pt-cv-title\"><a href=\"https:\/\/www.tvnovelas.com.br\/tvnews\/volta-por-cima-doralice-consegue-doador-de-coracao-para-transplante\/\" class=\"_self\" target=\"_self\" >Volta por Cima: Doralice consegue doador de cora\u00e7\u00e3o para transplante<\/a><\/h4><\/div><\/div>\n<div class=\"col-md-12 col-sm-12 col-xs-12 pt-cv-content-item pt-cv-1-col\" ><div class='pt-cv-ifield'><h4 class=\"pt-cv-title\"><a href=\"https:\/\/www.tvnovelas.com.br\/tvnews\/volta-por-cima-violeta-beija-marco-e-aparece-com-ele-na-frente-de-osmar\/\" class=\"_self\" target=\"_self\" >Volta por Cima: Violeta beija Marco e aparece com ele na frente de Osmar<\/a><\/h4><\/div><\/div><\/div><\/div><\/div>\r\n<p><strong style=\"font-size: 120%;\">\u00daltimas not\u00edcias deste site:<\/strong><\/p>\r\n<div class=\"pt-cv-wrapper\"><div class=\"pt-cv-view pt-cv-grid pt-cv-colsys\" id=\"pt-cv-view-90991035b3\"><div data-id=\"pt-cv-page-1\" class=\"pt-cv-page\" data-cvc=\"1\"><div class=\"col-md-12 col-sm-12 col-xs-12 pt-cv-content-item pt-cv-1-col\" ><div class='pt-cv-ifield'><h4 class=\"pt-cv-title\"><a href=\"https:\/\/www.tvnovelas.com.br\/tvnews\/coracao-de-mae-atilla-confronta-hasan-e-exige-o-divorcio-de-lale\/\" class=\"_self\" target=\"_self\" >Cora\u00e7\u00e3o de M\u00e3e: Atilla confronta Hasan e exige o div\u00f3rcio de Lale<\/a><\/h4><\/div><\/div>\n<div class=\"col-md-12 col-sm-12 col-xs-12 pt-cv-content-item pt-cv-1-col\" ><div class='pt-cv-ifield'><h4 class=\"pt-cv-title\"><a href=\"https:\/\/www.tvnovelas.com.br\/tvnews\/guerra-das-rosas-gulfem-coloca-gulru-contra-a-parede\/\" class=\"_self\" target=\"_self\" >Guerra das Rosas: Gulfem coloca Gulru contra a parede<\/a><\/h4><\/div><\/div>\n<div class=\"col-md-12 col-sm-12 col-xs-12 pt-cv-content-item pt-cv-1-col\" ><div class='pt-cv-ifield'><h4 class=\"pt-cv-title\"><a href=\"https:\/\/www.tvnovelas.com.br\/tvnews\/coracao-de-mae-atilla-diz-a-lale-que-quer-o-divorcio\/\" class=\"_self\" target=\"_self\" >Cora\u00e7\u00e3o de M\u00e3e: Atilla diz a Lale que quer o div\u00f3rcio<\/a><\/h4><\/div><\/div>\n<div class=\"col-md-12 col-sm-12 col-xs-12 pt-cv-content-item pt-cv-1-col\" ><div class='pt-cv-ifield'><h4 class=\"pt-cv-title\"><a href=\"https:\/\/www.tvnovelas.com.br\/tvnews\/a-nobreza-do-amor-mirinho-garante-noivado-com-virginia-para-atrair-sogro-a-negocio\/\" class=\"_self\" target=\"_self\" >A Nobreza do Amor: Mirinho garante noivado com Virg\u00ednia para atrair sogro a neg\u00f3cio<\/a><\/h4><\/div><\/div>\n<div class=\"col-md-12 col-sm-12 col-xs-12 pt-cv-content-item pt-cv-1-col\" ><div class='pt-cv-ifield'><h4 class=\"pt-cv-title\"><a href=\"https:\/\/www.tvnovelas.com.br\/tvnews\/tres-gracas-joaquim-propoe-fuga-a-arminda-com-o-dinheiro-das-tres-gracas\/\" class=\"_self\" target=\"_self\" >Tr\u00eas Gra\u00e7as:  Joaquim prop\u00f5e fuga a Arminda com o dinheiro das Tr\u00eas Gra\u00e7as<\/a><\/h4><\/div><\/div>\n<div class=\"col-md-12 col-sm-12 col-xs-12 pt-cv-content-item pt-cv-1-col\" ><div class='pt-cv-ifield'><h4 class=\"pt-cv-title\"><a href=\"https:\/\/www.tvnovelas.com.br\/tvnews\/coracao-de-mae-atilla-decide-abrir-o-jogo-com-karsu\/\" class=\"_self\" target=\"_self\" >Cora\u00e7\u00e3o de M\u00e3e: Atilla decide abrir o jogo com Karsu<\/a><\/h4><\/div><\/div>\n<div class=\"col-md-12 col-sm-12 col-xs-12 pt-cv-content-item pt-cv-1-col\" ><div class='pt-cv-ifield'><h4 class=\"pt-cv-title\"><a href=\"https:\/\/www.tvnovelas.com.br\/tvnews\/coracao-de-mae-adnan-e-preso-apos-denuncia-de-irmak\/\" class=\"_self\" target=\"_self\" >Em Cora\u00e7\u00e3o de M\u00e3e: Adnan \u00e9 preso ap\u00f3s denuncia de Irmak<\/a><\/h4><\/div><\/div>\n<div class=\"col-md-12 col-sm-12 col-xs-12 pt-cv-content-item pt-cv-1-col\" ><div class='pt-cv-ifield'><h4 class=\"pt-cv-title\"><a href=\"https:\/\/www.tvnovelas.com.br\/tvnews\/coracao-de-mae-atilla-forca-karsu-a-ouvir-suas-explicacoes\/\" class=\"_self\" target=\"_self\" >Cora\u00e7\u00e3o de M\u00e3e: Atilla for\u00e7a Karsu a ouvir suas explica\u00e7\u00f5es<\/a><\/h4><\/div><\/div>\n<div class=\"col-md-12 col-sm-12 col-xs-12 pt-cv-content-item pt-cv-1-col\" ><div class='pt-cv-ifield'><h4 class=\"pt-cv-title\"><a href=\"https:\/\/www.tvnovelas.com.br\/tvnews\/coracao-acelerado-mulher-choca-janete-ao-se-apresentar-como-amante-do-palhares\/\" class=\"_self\" target=\"_self\" >Cora\u00e7\u00e3o Acelerado: Mulher choca Janete ao se apresentar como amante do Palhares<\/a><\/h4><\/div><\/div>\n<div class=\"col-md-12 col-sm-12 col-xs-12 pt-cv-content-item pt-cv-1-col\" ><div class='pt-cv-ifield'><h4 class=\"pt-cv-title\"><a href=\"https:\/\/www.tvnovelas.com.br\/tvnews\/a-nobreza-do-amor-jendal-dobra-a-recompensa-por-alika\/\" class=\"_self\" target=\"_self\" >A Nobreza do Amor: Jendal dobra a recompensa por Alika<\/a><\/h4><\/div><\/div><\/div><\/div><\/div>\r\n<h3>Confira tamb\u00e9m<\/h3>\r\n<p><a href=\"https:\/\/www.tvnovelas.com.br\/filmes\/\" target=\"_blank\" rel=\"noopener noreferrer\"><strong>Programa\u00e7\u00e3o de filmes na TV aberta<\/strong><\/a><\/p>\r\n<p><a href=\"https:\/\/caetenews.com.br\/semana\/filmes-da-globo-na-sessao-da-tarde-desta-semana\/\" target=\"_blank\" rel=\"noopener\"><strong>Confira os filmes da semana na Sess\u00e3o da Tarde<\/strong><\/a><\/p>\r\n<p><a href=\"https:\/\/www.tvnovelas.com.br\/novelas\/\"><strong>Confira os resumos da semana de todas novelas<\/strong><\/a><\/p><br \/>\n<a href=\"https:\/\/tvnovelas.com.br\/filmes\/filmes-na-tv-segunda\/\" target=\"_blank\" rel=\"noopener\">Confira a Progrma\u00e7\u00e3o de Filmes na TV aberta<\/a><br \/>\n<a href=\"https:\/\/pt.wikipedia.org\/wiki\/Volta_por_Cima_(telenovela)\" target=\"_blank\" rel=\"noopener\">Sobre Volta por Cima na Wikipedia<\/a><br \/>\n<a href=\"https:\/\/www.tvnovelas.com.br\/tvnews\/\" target=\"_blank\" rel=\"noopener\">\u00daltimas not\u00edcias das novelas<\/a><\/p>\n","protected":false},"excerpt":{"rendered":"<p>Volta Por Cima: Mad\u00e1 recebe&#8230; Em Volta por Cima, Chico (Amaury Lorenzo) \u00e9 noivo de Mad\u00e1 (J\u00e9ssica Ellen) e amante de Roxelle&#8230;<\/p>\n","protected":false},"author":1,"featured_media":69218,"comment_status":"closed","ping_status":"closed","sticky":false,"template":"","format":"standard","meta":{"_uf_show_specific_survey":0,"_uf_disable_surveys":false,"_jetpack_memberships_contains_paid_content":false,"footnotes":"","_wp_rev_ctl_limit":""},"categories":[807],"tags":[5,64,808],"class_list":["post-69217","post","type-post","status-publish","format-standard","has-post-thumbnail","hentry","category-volta-por-cima","tag-globo","tag-novelas","tag-volta-por-cima","wpcat-807-id"],"aioseo_notices":[],"jetpack_featured_media_url":"https:\/\/i0.wp.com\/www.tvnovelas.com.br\/tvnews\/wp-content\/uploads\/2024\/10\/40208.jpg?fit=728%2C405&ssl=1","jetpack_shortlink":"https:\/\/wp.me\/pdP2BO-i0p","jetpack_sharing_enabled":true,"_links":{"self":[{"href":"https:\/\/www.tvnovelas.com.br\/tvnews\/wp-json\/wp\/v2\/posts\/69217","targetHints":{"allow":["GET"]}}],"collection":[{"href":"https:\/\/www.tvnovelas.com.br\/tvnews\/wp-json\/wp\/v2\/posts"}],"about":[{"href":"https:\/\/www.tvnovelas.com.br\/tvnews\/wp-json\/wp\/v2\/types\/post"}],"author":[{"embeddable":true,"href":"https:\/\/www.tvnovelas.com.br\/tvnews\/wp-json\/wp\/v2\/users\/1"}],"replies":[{"embeddable":true,"href":"https:\/\/www.tvnovelas.com.br\/tvnews\/wp-json\/wp\/v2\/comments?post=69217"}],"version-history":[{"count":1,"href":"https:\/\/www.tvnovelas.com.br\/tvnews\/wp-json\/wp\/v2\/posts\/69217\/revisions"}],"predecessor-version":[{"id":69219,"href":"https:\/\/www.tvnovelas.com.br\/tvnews\/wp-json\/wp\/v2\/posts\/69217\/revisions\/69219"}],"wp:featuredmedia":[{"embeddable":true,"href":"https:\/\/www.tvnovelas.com.br\/tvnews\/wp-json\/wp\/v2\/media\/69218"}],"wp:attachment":[{"href":"https:\/\/www.tvnovelas.com.br\/tvnews\/wp-json\/wp\/v2\/media?parent=69217"}],"wp:term":[{"taxonomy":"category","embeddable":true,"href":"https:\/\/www.tvnovelas.com.br\/tvnews\/wp-json\/wp\/v2\/categories?post=69217"},{"taxonomy":"post_tag","embeddable":true,"href":"https:\/\/www.tvnovelas.com.br\/tvnews\/wp-json\/wp\/v2\/tags?post=69217"}],"curies":[{"name":"wp","href":"https:\/\/api.w.org\/{rel}","templated":true}]}}