{"id":69247,"date":"2024-10-08T17:43:50","date_gmt":"2024-10-08T20:43:50","guid":{"rendered":"https:\/\/www.tvnovelas.com.br\/tvnews\/?p=69247"},"modified":"2024-10-09T16:35:15","modified_gmt":"2024-10-09T19:35:15","slug":"alma-gemea-rafael-furioso-parte-para-cima-de-cristina","status":"publish","type":"post","link":"https:\/\/www.tvnovelas.com.br\/tvnews\/alma-gemea-rafael-furioso-parte-para-cima-de-cristina\/","title":{"rendered":"Alma G\u00eamea: Rafael furioso parte para cima de Cristina"},"content":{"rendered":"<p><em>Alma G\u00eamea: Rafael furioso&#8230;<\/em><br \/>\n<figure id=\"attachment_69248\" aria-describedby=\"caption-attachment-69248\" style=\"width: 728px\" class=\"wp-caption alignnone\"><img data-recalc-dims=\"1\" decoding=\"async\" src=\"https:\/\/i0.wp.com\/www.tvnovelas.com.br\/tvnews\/wp-content\/uploads\/2024\/10\/40215.jpg?resize=728%2C410&#038;ssl=1\" alt=\"Foto em Alma G\u00eamea: Rafael furioso...\" width=\"728\" height=\"410\" class=\"size-full wp-image-69248\" \/><figcaption id=\"caption-attachment-69248\" class=\"wp-caption-text\">Alma G\u00eamea: Rafael furioso&#8230;<\/figcaption><\/figure><br \/>\n(Foto: Reprodu\u00e7\u00e3o\/TV Globo\/Alma G\u00eamea)<br \/>\nNo cap\u00edtulo de \ud835\udd38\ud835\udd5d\ud835\udd5e\ud835\udd52 \ud835\udd3e\u00ea\ud835\udd5e\ud835\udd56\ud835\udd52 desta quarta, dia 09, Serena revela a Rafael que tentaram afog\u00e1-la e Cristina queria as joias de Luna. Rafael fica furioso e parte para cima de Cristina. S\u00f3 Felipe consegue controlar o pai. Cristina fica revoltada e coloca fogo no ateli\u00ea. Confira o resumo desta ter\u00e7a na \u00edntegra:<\/p>\n<h2 style=\"color:#FF8C00;\">Resumo de quarta-feira, 09 de outubro<\/h2>\n<p>Ciro diz a Serena que acredita que as joias sempre estiveram com Cristina. Bernardo aborda Rafael sobre o veneno e se preocupa com as rosas. Of\u00e9lia fica muito nervosa ao ver um mendigo. Rafael diz a Raul que quer pagar as d\u00edvidas de Ol\u00edvia. Felipe pede Nina em namoro. Guto assombra Cristina dizendo que encontrar\u00e3o as joias. Raul sugere a Rafael que ele venda o roseiral para conseguir o dinheiro que Cristina quer. <\/p>\n<p>Rafael pergunta a Raul qual o interesse dele em vender o roseiral. Raul explica para Rafael que s\u00f3 estava tentando ajud\u00e1-lo a levantar o dinheiro que precisa. Rafael diz a Raul que vai mandar um profissional examinar os livros-caixa para entender por que seus neg\u00f3cios t\u00eam dado t\u00e3o poucos lucros. Ermelino aconselha Raul a desobedecer \u00e0 ordem de Rafael e n\u00e3o pagar as d\u00edvidas de Ol\u00edvia at\u00e9 depois da audi\u00eancia. Serena visita Vera. Alexandra diz a Nair que v\u00ea uma maleta e fogo. Zulmira entra no quarto de Ivan e acusa Cristina de n\u00e3o ter vergonha. Mirna convida Alaor para ir a sua casa. Zulmira acusa Cristina de estar se aproveitando de Ivan e a manda deix\u00e1-lo em paz. <\/p>\n<p>Serena revela a Rafael que tentaram afog\u00e1-la e Cristina queria as joias de Luna. Rafael fica furioso e parte para cima de Cristina. S\u00f3 Felipe consegue controlar o pai. D\u00e9bora fica com medo de Rafael e diz a Cristina que \u00e9 melhor que elas desistam de tudo e saiam daquela casa. Cristina fica revoltada e coloca fogo no ateli\u00ea. Felipe tenta apagar o fogo, desesperado. Serena pressente que algo est\u00e1 acontecendo com Rafael e corre para a casa dele. Ivan entra no ateli\u00ea e tira Cristina do meio das chamas. Felipe pede que Rafael saia tamb\u00e9m. Rafael \u00e9 atingido por um lustre que despenca e desmaia.<br \/>\n<!--FIM DO POST--><\/p>\n<div class=\"fb-comments\" data-width=\"100%\" data-order-by=\"reverse_time\" data-numposts=\"5\"><\/div>\n<p><strong style=\"font-size: 120%;\">\u00daltimas not\u00edcias deste canal:<\/strong>\r\n<div class=\"pt-cv-wrapper\"><div class=\"pt-cv-view pt-cv-grid pt-cv-colsys\" id=\"pt-cv-view-90991035b3\"><div data-id=\"pt-cv-page-1\" class=\"pt-cv-page\" data-cvc=\"1\"><div class=\"col-md-12 col-sm-12 col-xs-12 pt-cv-content-item pt-cv-1-col\" ><div class='pt-cv-ifield'><h4 class=\"pt-cv-title\"><a href=\"https:\/\/www.tvnovelas.com.br\/tvnews\/coracao-de-mae-irmak-inicia-jogo-arriscado-contra-adnan\/\" class=\"_self\" target=\"_self\" >Cora\u00e7\u00e3o de M\u00e3e: Irmak inicia jogo arriscado contra Adnan<\/a><\/h4><\/div><\/div>\n<div class=\"col-md-12 col-sm-12 col-xs-12 pt-cv-content-item pt-cv-1-col\" ><div class='pt-cv-ifield'><h4 class=\"pt-cv-title\"><a href=\"https:\/\/www.tvnovelas.com.br\/tvnews\/guerra-das-rosas-omer-chama-gulru-vestida-de-noiva-para-fugir\/\" class=\"_self\" target=\"_self\" >Guerra das Rosas: Omer chama Gulru vestida de noiva para fugir<\/a><\/h4><\/div><\/div>\n<div class=\"col-md-12 col-sm-12 col-xs-12 pt-cv-content-item pt-cv-1-col\" ><div class='pt-cv-ifield'><h4 class=\"pt-cv-title\"><a href=\"https:\/\/www.tvnovelas.com.br\/tvnews\/coracao-de-mae-reha-sai-para-jantar-com-selvi\/\" class=\"_self\" target=\"_self\" >Cora\u00e7\u00e3o de M\u00e3e: Reha sai para jantar com Selvi<\/a><\/h4><\/div><\/div>\n<div class=\"col-md-12 col-sm-12 col-xs-12 pt-cv-content-item pt-cv-1-col\" ><div class='pt-cv-ifield'><h4 class=\"pt-cv-title\"><a href=\"https:\/\/www.tvnovelas.com.br\/tvnews\/coracao-acelerado-zila-se-preocupa-com-sua-situacao-apos-separacao\/\" class=\"_self\" target=\"_self\" >Cora\u00e7\u00e3o Acelerado: Zil\u00e1 se preocupa com sua situa\u00e7\u00e3o ap\u00f3s separa\u00e7\u00e3o<\/a><\/h4><\/div><\/div>\n<div class=\"col-md-12 col-sm-12 col-xs-12 pt-cv-content-item pt-cv-1-col\" ><div class='pt-cv-ifield'><h4 class=\"pt-cv-title\"><a href=\"https:\/\/www.tvnovelas.com.br\/tvnews\/a-nobreza-do-amor-tonho-nao-se-curva-diante-de-mirinho\/\" class=\"_self\" target=\"_self\" >A Nobreza do Amor: Tonho n\u00e3o se curva diante de Mirinho<\/a><\/h4><\/div><\/div>\n<div class=\"col-md-12 col-sm-12 col-xs-12 pt-cv-content-item pt-cv-1-col\" ><div class='pt-cv-ifield'><h4 class=\"pt-cv-title\"><a href=\"https:\/\/www.tvnovelas.com.br\/tvnews\/tres-gracas-arminda-surta-ao-confirmar-que-ferette-e-pai-de-raul\/\" class=\"_self\" target=\"_self\" >Tr\u00eas Gra\u00e7as:  Arminda surta ao confirmar que Ferette \u00e9 pai de Raul<\/a><\/h4><\/div><\/div>\n<div class=\"col-md-12 col-sm-12 col-xs-12 pt-cv-content-item pt-cv-1-col\" ><div class='pt-cv-ifield'><h4 class=\"pt-cv-title\"><a href=\"https:\/\/www.tvnovelas.com.br\/tvnews\/coracao-de-mae-atilla-confronta-hasan-e-exige-o-divorcio-de-lale\/\" class=\"_self\" target=\"_self\" >Cora\u00e7\u00e3o de M\u00e3e: Atilla confronta Hasan e exige o div\u00f3rcio de Lale<\/a><\/h4><\/div><\/div>\n<div class=\"col-md-12 col-sm-12 col-xs-12 pt-cv-content-item pt-cv-1-col\" ><div class='pt-cv-ifield'><h4 class=\"pt-cv-title\"><a href=\"https:\/\/www.tvnovelas.com.br\/tvnews\/guerra-das-rosas-gulfem-coloca-gulru-contra-a-parede\/\" class=\"_self\" target=\"_self\" >Guerra das Rosas: Gulfem coloca Gulru contra a parede<\/a><\/h4><\/div><\/div>\n<div class=\"col-md-12 col-sm-12 col-xs-12 pt-cv-content-item pt-cv-1-col\" ><div class='pt-cv-ifield'><h4 class=\"pt-cv-title\"><a href=\"https:\/\/www.tvnovelas.com.br\/tvnews\/coracao-de-mae-atilla-diz-a-lale-que-quer-o-divorcio\/\" class=\"_self\" target=\"_self\" >Cora\u00e7\u00e3o de M\u00e3e: Atilla diz a Lale que quer o div\u00f3rcio<\/a><\/h4><\/div><\/div>\n<div class=\"col-md-12 col-sm-12 col-xs-12 pt-cv-content-item pt-cv-1-col\" ><div class='pt-cv-ifield'><h4 class=\"pt-cv-title\"><a href=\"https:\/\/www.tvnovelas.com.br\/tvnews\/a-nobreza-do-amor-mirinho-garante-noivado-com-virginia-para-atrair-sogro-a-negocio\/\" class=\"_self\" target=\"_self\" >A Nobreza do Amor: Mirinho garante noivado com Virg\u00ednia para atrair sogro a neg\u00f3cio<\/a><\/h4><\/div><\/div><\/div><\/div><\/div>\r\n<a href=\"https:\/\/www.tvnovelas.com.br\/novelas\/\"><strong>Confira os resumos da semana de todas novelas<\/strong><\/a><\/br>\r\n<h3>Confira tamb\u00e9m<\/h3>\r\n<a href=\"https:\/\/www.tvnovelas.com.br\/filmes\/\" target=\"_blank\" rel=\"noopener noreferrer\"><strong>Programa\u00e7\u00e3o de filmes na TV aberta<\/strong><\/a><\/br>\r\n<a href=\"https:\/\/caetenews.com.br\/semana\/filmes-da-globo-na-sessao-da-tarde-desta-semana\/\" target=\"_blank\" rel=\"noopener\"><strong>Confira os filmes da semana na Sess\u00e3o da Tarde<\/strong><\/a><\/br>\r\n<a href=\"https:\/\/www.tvnovelas.com.br\/novelas\/\" target=\"_blank\" rel=\"noopener noreferrer\"><strong>Resumos de novelas<\/strong><\/a><\/br>\r\n<a href=\"https:\/\/tvnovelas.com.br\/news\/mundo\/\" rel=\"noopener\" target=\"_blank\"><strong>News: Turismo, Cultura, Lazer e Entretenimento<\/strong><\/a><br \/>\n<a href=\"https:\/\/wp.me\/pfspD2-5Y\">Alma G\u00eamea: Um amor eterno<\/a><br \/>\n<a href=\"https:\/\/tvnovelas.com.br\/page2\/arquivo\/alma-gemea-quem-e-quem\/\">Alma G\u00eamea: Principais personagens<\/a><br \/>\n<a href=\"https:\/\/pt.wikipedia.org\/wiki\/Alma_G\u00eamea\" target=\"_blank\" rel=\"noopener\">Sobre Alma G\u00eamea na Wikipedia<\/a><br \/>\n<a href=\"https:\/\/www.facebook.com\/tevenovelas\/\">\u00daltimas not\u00edcias do TV Novelas no Facebook<\/a><br \/>\n<a href=\"https:\/\/tvnovelas.com.br\/novelas\/\">Resumos de todas as novelas<\/a><\/p>\n","protected":false},"excerpt":{"rendered":"<p>Alma G\u00eamea: Rafael furioso&#8230; No cap\u00edtulo de \ud835\udd38\ud835\udd5d\ud835\udd5e\ud835\udd52 \ud835\udd3e\u00ea\ud835\udd5e\ud835\udd56\ud835\udd52 desta ter\u00e7a, dia 08, Serena revela a Rafael que tentaram afog\u00e1-la e Cristina&#8230;<\/p>\n","protected":false},"author":1,"featured_media":69248,"comment_status":"closed","ping_status":"closed","sticky":false,"template":"","format":"standard","meta":{"_uf_show_specific_survey":0,"_uf_disable_surveys":false,"_jetpack_memberships_contains_paid_content":false,"footnotes":"","_wp_rev_ctl_limit":""},"categories":[236],"tags":[768,5,64],"class_list":["post-69247","post","type-post","status-publish","format-standard","has-post-thumbnail","hentry","category-globo","tag-alma-gemea","tag-globo","tag-novelas","wpcat-236-id"],"aioseo_notices":[],"jetpack_featured_media_url":"https:\/\/i0.wp.com\/www.tvnovelas.com.br\/tvnews\/wp-content\/uploads\/2024\/10\/40215.jpg?fit=728%2C410&ssl=1","jetpack_shortlink":"https:\/\/wp.me\/pdP2BO-i0T","jetpack_sharing_enabled":true,"_links":{"self":[{"href":"https:\/\/www.tvnovelas.com.br\/tvnews\/wp-json\/wp\/v2\/posts\/69247","targetHints":{"allow":["GET"]}}],"collection":[{"href":"https:\/\/www.tvnovelas.com.br\/tvnews\/wp-json\/wp\/v2\/posts"}],"about":[{"href":"https:\/\/www.tvnovelas.com.br\/tvnews\/wp-json\/wp\/v2\/types\/post"}],"author":[{"embeddable":true,"href":"https:\/\/www.tvnovelas.com.br\/tvnews\/wp-json\/wp\/v2\/users\/1"}],"replies":[{"embeddable":true,"href":"https:\/\/www.tvnovelas.com.br\/tvnews\/wp-json\/wp\/v2\/comments?post=69247"}],"version-history":[{"count":4,"href":"https:\/\/www.tvnovelas.com.br\/tvnews\/wp-json\/wp\/v2\/posts\/69247\/revisions"}],"predecessor-version":[{"id":69290,"href":"https:\/\/www.tvnovelas.com.br\/tvnews\/wp-json\/wp\/v2\/posts\/69247\/revisions\/69290"}],"wp:featuredmedia":[{"embeddable":true,"href":"https:\/\/www.tvnovelas.com.br\/tvnews\/wp-json\/wp\/v2\/media\/69248"}],"wp:attachment":[{"href":"https:\/\/www.tvnovelas.com.br\/tvnews\/wp-json\/wp\/v2\/media?parent=69247"}],"wp:term":[{"taxonomy":"category","embeddable":true,"href":"https:\/\/www.tvnovelas.com.br\/tvnews\/wp-json\/wp\/v2\/categories?post=69247"},{"taxonomy":"post_tag","embeddable":true,"href":"https:\/\/www.tvnovelas.com.br\/tvnews\/wp-json\/wp\/v2\/tags?post=69247"}],"curies":[{"name":"wp","href":"https:\/\/api.w.org\/{rel}","templated":true}]}}