{"id":69292,"date":"2024-10-09T17:03:29","date_gmt":"2024-10-09T20:03:29","guid":{"rendered":"https:\/\/www.tvnovelas.com.br\/tvnews\/?p=69292"},"modified":"2024-10-10T09:28:08","modified_gmt":"2024-10-10T12:28:08","slug":"alma-gemea-rafael-e-hospitalizado","status":"publish","type":"post","link":"https:\/\/www.tvnovelas.com.br\/tvnews\/alma-gemea-rafael-e-hospitalizado\/","title":{"rendered":"Alma G\u00eamea: Rafael \u00e9 hospitalizado"},"content":{"rendered":"<p><em>Alma G\u00eamea: Rafael<\/em><br \/>\n<figure id=\"attachment_69320\" aria-describedby=\"caption-attachment-69320\" style=\"width: 678px\" class=\"wp-caption alignnone\"><img data-recalc-dims=\"1\" decoding=\"async\" src=\"https:\/\/i0.wp.com\/www.tvnovelas.com.br\/tvnews\/wp-content\/uploads\/2024\/10\/10229.jpg?resize=678%2C377&#038;ssl=1\" alt=\"Foto em Alma G\u00eamea: Rafael......\" width=\"678\" height=\"377\" class=\"size-full wp-image-69320\" \/><figcaption id=\"caption-attachment-69320\" class=\"wp-caption-text\">Alma G\u00eamea: Rafael&#8230;&#8230;<\/figcaption><\/figure><br \/>\n(Foto: Reprodu\u00e7\u00e3o\/TV Globo\/Alma G\u00eamea)<br \/>\nNo cap\u00edtulo de \ud835\udd38\ud835\udd5d\ud835\udd5e\ud835\udd52 \ud835\udd3e\u00ea\ud835\udd5e\ud835\udd56\ud835\udd52 desta quinta, dia 10, Rafael \u00e9 hospitalizado. Enquanto isto, Cristina explica para Ivan que vai cuidar dos neg\u00f3cios de Rafael enquanto ele estiver debilitado e far\u00e1 de tudo para prejudicar o marido&#8230; Confira o resumo do dia na \u00edntegra:<\/p>\n<h2 style=\"color:#FF8C00;\">Resumo de quinta-feira, 10 de outubro<\/h2>\n<p>Os policiais e outros apagam o fogo. Eduardo \u00e9 chamado. Adelaide e Ciro se apressam para o local. Serena se desespera ao ver Rafael ferido e pede que n\u00e3o a deixe. D\u00e9bora celebra a coincid\u00eancia e torce para Rafael estar morto. D\u00e9bora ofende Serena e a expulsa da casa. Ivan v\u00ea no ateli\u00ea os restos do gal\u00e3o de gasolina que Cristina usou para causar o inc\u00eandio. Cristina expulsa Serena da casa de Rafael e a humilha. Eduardo leva Rafael embora e diz que o caso \u00e9 grave. Serena diz que precisa da sabedoria do seu povo. D\u00e9bora diz a Cristina que, com Rafael incapacitado, \u00e9 a filha que vai cuidar dos neg\u00f3cios. <\/p>\n<p>Rafael \u00e9 hospitalizado. D\u00e9bora mente a Ciro e Adelaide sobre a origem do inc\u00eandio. Eduardo descobre que o fogo afetou as c\u00f3rneas de Rafael e que ele pode n\u00e3o voltar a enxergar. D\u00e9bora se aproveita do fato de Rafael estar no hospital e demite Eurico e Zulmira. Ivan tira o gal\u00e3o de gasolina do ateli\u00ea para que ningu\u00e9m descubra. Cristina explica para Ivan que vai cuidar dos neg\u00f3cios de Rafael enquanto ele estiver debilitado e far\u00e1 de tudo para prejudicar o marido. Ciro e Adelaide chegam ao hospital e Eduardo explica que ele teve uma concuss\u00e3o e pode ficar cego. Of\u00e9lia se recusa a sair de casa, para espanto de Divina. Osvaldo conta que Yolanda disse que um mendigo procurou por uma velha na sorveteria. Serena pede a ajuda de Jos\u00e9 Aristides para salvar Rafael. No hospital, Ol\u00edvia cobra que Raul pague as d\u00edvidas, conforme Rafael orientou. Jos\u00e9 Aristides orienta S\u00e9rio, H\u00e9lio e Roberval a pegar os elementos na mata. Cristina e D\u00e9bora veem Rafael pela primeira vez, ferido. <\/p>\n<p>Felipe convence Eduardo a deixar Jos\u00e9 Aristides tratar de Rafael. Jos\u00e9 Aristides e Serena conseguem entrar escondido no hospital, e Ivan v\u00ea. Cristina tenta entrar no quarto de Rafael, mas Felipe impede. Jos\u00e9 Aristides coloca argila nos ferimentos de Rafael para que sua febre passe. Eduardo impede Cristina de entrar no quarto. Ivan conta para Cristina que viu Serena no hospital. Jos\u00e9 Aristides termina o tratamento e diz que volta no dia seguinte. Serena implora para Eduardo deix\u00e1-la ficar. Cristina entra no quarto de Rafael e n\u00e3o reconhece Serena, que est\u00e1 vestida de enfermeira. Cristina revela \u00e0 m\u00e3e que usou gasolina para colocar fogo no ateli\u00ea. Ivan descobre que Zulmira e Eurico foram demitidos. Rafael abre os olhos.<\/p>\n<p><!--FIM DO POST--><\/p>\n<div class=\"fb-comments\" data-width=\"100%\" data-order-by=\"reverse_time\" data-numposts=\"5\"><\/div>\n<p><strong style=\"font-size: 120%;\">\u00daltimas not\u00edcias deste canal:<\/strong>\r\n<div class=\"pt-cv-wrapper\"><div class=\"pt-cv-view pt-cv-grid pt-cv-colsys\" id=\"pt-cv-view-90991035b3\"><div data-id=\"pt-cv-page-1\" class=\"pt-cv-page\" data-cvc=\"1\"><div class=\"col-md-12 col-sm-12 col-xs-12 pt-cv-content-item pt-cv-1-col\" ><div class='pt-cv-ifield'><h4 class=\"pt-cv-title\"><a href=\"https:\/\/www.tvnovelas.com.br\/tvnews\/em-coracao-de-mae-nos-proximos-capitulos-04-a-08-5\/\" class=\"_self\" target=\"_self\" >Em Cora\u00e7\u00e3o de M\u00e3e nos pr\u00f3ximos cap\u00edtulos (04 a 08\/5)<\/a><\/h4><\/div><\/div>\n<div class=\"col-md-12 col-sm-12 col-xs-12 pt-cv-content-item pt-cv-1-col\" ><div class='pt-cv-ifield'><h4 class=\"pt-cv-title\"><a href=\"https:\/\/www.tvnovelas.com.br\/tvnews\/coracao-de-mae-hasan-e-filiz-em-piquenique-romantico\/\" class=\"_self\" target=\"_self\" >Cora\u00e7\u00e3o de M\u00e3e: Hasan e Filiz em piquenique rom\u00e2ntico<\/a><\/h4><\/div><\/div>\n<div class=\"col-md-12 col-sm-12 col-xs-12 pt-cv-content-item pt-cv-1-col\" ><div class='pt-cv-ifield'><h4 class=\"pt-cv-title\"><a href=\"https:\/\/www.tvnovelas.com.br\/tvnews\/guerra-das-rosas-cihan-vibra-com-desistencia-de-gulru-de-casar-com-mert\/\" class=\"_self\" target=\"_self\" >Guerra das Rosas: Cihan vibra com desist\u00eancia de Gulru de casar com Mert<\/a><\/h4><\/div><\/div>\n<div class=\"col-md-12 col-sm-12 col-xs-12 pt-cv-content-item pt-cv-1-col\" ><div class='pt-cv-ifield'><h4 class=\"pt-cv-title\"><a href=\"https:\/\/www.tvnovelas.com.br\/tvnews\/coracao-de-mae-irmak-denuncia-adnan\/\" class=\"_self\" target=\"_self\" >Cora\u00e7\u00e3o de M\u00e3e: Irmak denuncia Adnan<\/a><\/h4><\/div><\/div>\n<div class=\"col-md-12 col-sm-12 col-xs-12 pt-cv-content-item pt-cv-1-col\" ><div class='pt-cv-ifield'><h4 class=\"pt-cv-title\"><a href=\"https:\/\/www.tvnovelas.com.br\/tvnews\/a-nobreza-do-amor-mirinho-e-obrigado-a-resgatar-tonho\/\" class=\"_self\" target=\"_self\" >A Nobreza do Amor: Mirinho \u00e9 obrigado a resgatar Tonho<\/a><\/h4><\/div><\/div>\n<div class=\"col-md-12 col-sm-12 col-xs-12 pt-cv-content-item pt-cv-1-col\" ><div class='pt-cv-ifield'><h4 class=\"pt-cv-title\"><a href=\"https:\/\/www.tvnovelas.com.br\/tvnews\/tres-gracas-paulinho-e-afastado-da-policia-por-causa-de-gerluce\/\" class=\"_self\" target=\"_self\" >Tr\u00eas Gra\u00e7as: Paulinho \u00e9 afastado da pol\u00edcia por causa de Gerluce<\/a><\/h4><\/div><\/div>\n<div class=\"col-md-12 col-sm-12 col-xs-12 pt-cv-content-item pt-cv-1-col\" ><div class='pt-cv-ifield'><h4 class=\"pt-cv-title\"><a href=\"https:\/\/www.tvnovelas.com.br\/tvnews\/coracao-de-mae-irmak-inicia-jogo-arriscado-contra-adnan\/\" class=\"_self\" target=\"_self\" >Cora\u00e7\u00e3o de M\u00e3e: Irmak inicia jogo arriscado contra Adnan<\/a><\/h4><\/div><\/div>\n<div class=\"col-md-12 col-sm-12 col-xs-12 pt-cv-content-item pt-cv-1-col\" ><div class='pt-cv-ifield'><h4 class=\"pt-cv-title\"><a href=\"https:\/\/www.tvnovelas.com.br\/tvnews\/guerra-das-rosas-omer-chama-gulru-vestida-de-noiva-para-fugir\/\" class=\"_self\" target=\"_self\" >Guerra das Rosas: Omer chama Gulru vestida de noiva para fugir<\/a><\/h4><\/div><\/div>\n<div class=\"col-md-12 col-sm-12 col-xs-12 pt-cv-content-item pt-cv-1-col\" ><div class='pt-cv-ifield'><h4 class=\"pt-cv-title\"><a href=\"https:\/\/www.tvnovelas.com.br\/tvnews\/coracao-de-mae-reha-sai-para-jantar-com-selvi\/\" class=\"_self\" target=\"_self\" >Cora\u00e7\u00e3o de M\u00e3e: Reha sai para jantar com Selvi<\/a><\/h4><\/div><\/div>\n<div class=\"col-md-12 col-sm-12 col-xs-12 pt-cv-content-item pt-cv-1-col\" ><div class='pt-cv-ifield'><h4 class=\"pt-cv-title\"><a href=\"https:\/\/www.tvnovelas.com.br\/tvnews\/coracao-acelerado-zila-se-preocupa-com-sua-situacao-apos-separacao\/\" class=\"_self\" target=\"_self\" >Cora\u00e7\u00e3o Acelerado: Zil\u00e1 se preocupa com sua situa\u00e7\u00e3o ap\u00f3s separa\u00e7\u00e3o<\/a><\/h4><\/div><\/div><\/div><\/div><\/div>\r\n<a href=\"https:\/\/www.tvnovelas.com.br\/novelas\/\"><strong>Confira os resumos da semana de todas novelas<\/strong><\/a><\/br>\r\n<h3>Confira tamb\u00e9m<\/h3>\r\n<a href=\"https:\/\/www.tvnovelas.com.br\/filmes\/\" target=\"_blank\" rel=\"noopener noreferrer\"><strong>Programa\u00e7\u00e3o de filmes na TV aberta<\/strong><\/a><\/br>\r\n<a href=\"https:\/\/caetenews.com.br\/semana\/filmes-da-globo-na-sessao-da-tarde-desta-semana\/\" target=\"_blank\" rel=\"noopener\"><strong>Confira os filmes da semana na Sess\u00e3o da Tarde<\/strong><\/a><\/br>\r\n<a href=\"https:\/\/www.tvnovelas.com.br\/novelas\/\" target=\"_blank\" rel=\"noopener noreferrer\"><strong>Resumos de novelas<\/strong><\/a><\/br>\r\n<a href=\"https:\/\/tvnovelas.com.br\/news\/mundo\/\" rel=\"noopener\" target=\"_blank\"><strong>News: Turismo, Cultura, Lazer e Entretenimento<\/strong><\/a><br \/>\n<a href=\"https:\/\/wp.me\/pfspD2-5Y\">Alma G\u00eamea: Um amor eterno<\/a><br \/>\n<a href=\"https:\/\/tvnovelas.com.br\/page2\/arquivo\/alma-gemea-quem-e-quem\/\">Alma G\u00eamea: Principais personagens<\/a><br \/>\n<a href=\"https:\/\/pt.wikipedia.org\/wiki\/Alma_G\u00eamea\" target=\"_blank\" rel=\"noopener\">Sobre Alma G\u00eamea na Wikipedia<\/a><br \/>\n<a href=\"https:\/\/www.facebook.com\/tevenovelas\/\">\u00daltimas not\u00edcias do TV Novelas no Facebook<\/a><br \/>\n<a href=\"https:\/\/tvnovelas.com.br\/novelas\/\">Resumos de todas as novelas<\/a><\/p>\n","protected":false},"excerpt":{"rendered":"<p>Alma G\u00eamea: Rafael&#8230;. No cap\u00edtulo de \ud835\udd38\ud835\udd5d\ud835\udd5e\ud835\udd52 \ud835\udd3e\u00ea\ud835\udd5e\ud835\udd56\ud835\udd52 desta quinta, dia 10, Rafael \u00e9 hospitalizado. Enquanto isto, Cristina explica&#8230;<\/p>\n","protected":false},"author":1,"featured_media":69293,"comment_status":"closed","ping_status":"closed","sticky":false,"template":"","format":"standard","meta":{"_uf_show_specific_survey":0,"_uf_disable_surveys":false,"_jetpack_memberships_contains_paid_content":false,"footnotes":"","_wp_rev_ctl_limit":""},"categories":[236],"tags":[768,5,64],"class_list":["post-69292","post","type-post","status-publish","format-standard","has-post-thumbnail","hentry","category-globo","tag-alma-gemea","tag-globo","tag-novelas","wpcat-236-id"],"aioseo_notices":[],"jetpack_featured_media_url":"https:\/\/i0.wp.com\/www.tvnovelas.com.br\/tvnews\/wp-content\/uploads\/2024\/10\/40221.jpg?fit=728%2C405&ssl=1","jetpack_shortlink":"https:\/\/wp.me\/pdP2BO-i1C","jetpack_sharing_enabled":true,"_links":{"self":[{"href":"https:\/\/www.tvnovelas.com.br\/tvnews\/wp-json\/wp\/v2\/posts\/69292","targetHints":{"allow":["GET"]}}],"collection":[{"href":"https:\/\/www.tvnovelas.com.br\/tvnews\/wp-json\/wp\/v2\/posts"}],"about":[{"href":"https:\/\/www.tvnovelas.com.br\/tvnews\/wp-json\/wp\/v2\/types\/post"}],"author":[{"embeddable":true,"href":"https:\/\/www.tvnovelas.com.br\/tvnews\/wp-json\/wp\/v2\/users\/1"}],"replies":[{"embeddable":true,"href":"https:\/\/www.tvnovelas.com.br\/tvnews\/wp-json\/wp\/v2\/comments?post=69292"}],"version-history":[{"count":3,"href":"https:\/\/www.tvnovelas.com.br\/tvnews\/wp-json\/wp\/v2\/posts\/69292\/revisions"}],"predecessor-version":[{"id":69321,"href":"https:\/\/www.tvnovelas.com.br\/tvnews\/wp-json\/wp\/v2\/posts\/69292\/revisions\/69321"}],"wp:featuredmedia":[{"embeddable":true,"href":"https:\/\/www.tvnovelas.com.br\/tvnews\/wp-json\/wp\/v2\/media\/69293"}],"wp:attachment":[{"href":"https:\/\/www.tvnovelas.com.br\/tvnews\/wp-json\/wp\/v2\/media?parent=69292"}],"wp:term":[{"taxonomy":"category","embeddable":true,"href":"https:\/\/www.tvnovelas.com.br\/tvnews\/wp-json\/wp\/v2\/categories?post=69292"},{"taxonomy":"post_tag","embeddable":true,"href":"https:\/\/www.tvnovelas.com.br\/tvnews\/wp-json\/wp\/v2\/tags?post=69292"}],"curies":[{"name":"wp","href":"https:\/\/api.w.org\/{rel}","templated":true}]}}