{"id":69310,"date":"2024-10-10T09:03:46","date_gmt":"2024-10-10T12:03:46","guid":{"rendered":"https:\/\/www.tvnovelas.com.br\/tvnews\/?p=69310"},"modified":"2024-10-10T09:03:46","modified_gmt":"2024-10-10T12:03:46","slug":"volta-por-cima-chico-da-prensa-em-jao-e-se-da-mal","status":"publish","type":"post","link":"https:\/\/www.tvnovelas.com.br\/tvnews\/volta-por-cima-chico-da-prensa-em-jao-e-se-da-mal\/","title":{"rendered":"Volta por Cima: Chico d\u00e1 prensa em J\u00e3o e se d\u00e1 mal"},"content":{"rendered":"<p><em>Em Volta por Cima: Chico d\u00e1 prensa&#8230;<\/em><br \/>\n<figure id=\"attachment_69311\" aria-describedby=\"caption-attachment-69311\" style=\"width: 720px\" class=\"wp-caption alignnone\"><img data-recalc-dims=\"1\" decoding=\"async\" class=\"wp-image-69311 size-full\" title=\"(Foto: TV Globo\/Volta por Cima)\" src=\"https:\/\/i0.wp.com\/www.tvnovelas.com.br\/tvnews\/wp-content\/uploads\/2024\/10\/10227.jpg?resize=720%2C410&#038;ssl=1\" alt=\"Foto em Volta por Cima: Chico d\u00e1 prensa....\" width=\"720\" height=\"410\" \/><figcaption id=\"caption-attachment-69311\" class=\"wp-caption-text\">Volta por Cima: Chico d\u00e1 prensa&#8230;<\/figcaption><\/figure><\/p>\n<p>Em Volta por Dima, Mordido de ci\u00fames de Mad\u00e1 (J\u00e9ssica Ellen), depois que ela ganhou flores de J\u00e3o (Fabr\u00edcio Boliveira), Chico (Amaury Lorenzo) d\u00e1 uma prensa no fiscal de \u00f4nibus, que acaba ganhando ainda mais pontos com a filha de Lindomar (MV Bill).<\/p>\n<p>Com medo de estar perdendo espa\u00e7o no cora\u00e7\u00e3o de Mad\u00e1, o jornaleiro d\u00e1 aquela enquadrada no fiscal de \u00f4nibus, depois que ele mandou flores \u00e0 mocinha em agradecimento por ela ter sido fundamental na sua recontrata\u00e7\u00e3o. Os dois se encontram em um restaurante e Chico abre o verbo:<\/p>\n<p>&#8220;Que hist\u00f3ria \u00e9 essa de mandar flores pra minha noiva?&#8221;<\/p>\n<p>Firme diante de Chico, J\u00e3o n\u00e3o se intimida e fala que as flores foram o m\u00ednimo que poderia ter feito depois do que ela fez por ele.<\/p>\n<p>&#8220;N\u00e3o adianta querer me enrolar com a sua l\u00e1bia, parceiro. Conhe\u00e7o a sua fama. Voc\u00ea joga charme, faz gra\u00e7a, a mulherada cai em cima. Mas com a minha Madalena, n\u00e3o!&#8221;, cresce Chico, que \u00e9 calado por J\u00e3o:<\/p>\n<p>&#8220;Do que voc\u00ea t\u00e1 falando, cara? Quer saber, j\u00e1 deu, n\u00e9? Eu n\u00e3o t\u00f4 aqui pra ouvir reclama\u00e7\u00e3o de marmanjo ciumento e inseguro&#8221;, diz ele, sem dar trela.<\/p>\n<p>E o chilique de Chico faz o efeito contr\u00e1rio. J\u00e3o conta a Mad\u00e1 sobre a conversa que teve com o jornaleiro, afirma que n\u00e3o queria deix\u00e1-la mal, e ela, cada vez mais pr\u00f3xima do fiscal, fica indignada com a atitude do noivo.<\/p>\n<p>&#8220;Chico n\u00e3o tinha o direito. E a gente n\u00e3o fala mais nesse assunto, ok?&#8221;, finaliza Mad\u00e1, j\u00e1 vendo J\u00e3o com outros olhos.<br \/>\n<!--FIM--><\/p>\n<div class=\"fb-comments\" data-width=\"100%\" data-order-by=\"reverse_time\" data-numposts=\"5\"><\/div>\n<p><h2>Mais:<\/h2>\r\n<p><a href=\"https:\/\/tvnovelas.com.br\/novelas\/resumos-de-volta-por-cima\/\" target=\"_blank\" rel=\"noopener\">Confira os resumos da semana de Volta por Cima'<\/a><\/p>\r\n<p><a href=\"https:\/\/wp.me\/pfspD2-T5\" target=\"_blank\" rel=\"noopener\">Volta por Cima: Entre os sonhos e a fam\u00edlia<\/a> (Sinopse)<\/p>\r\n<p><a href=\"https:\/\/pt.wikipedia.org\/wiki\/Volta_por_Cima_(telenovela)\" target=\"_blank\" rel=\"noopener\">Sobre Volta por Cima na Wikipedia<\/a><\/p>\r\n<p><a href=\"https:\/\/tvnovelas.com.br\/novelas\/\" target=\"_blank\" rel=\"noopener\">Resumos de todas as novelas<\/a><\/p>\r\n<p><strong style=\"font-size: 120%;\">\u00daltimas not\u00edcias de 'Volta por Cima':<\/strong><\/p>\r\n<div class=\"pt-cv-wrapper\"><div class=\"pt-cv-view pt-cv-grid pt-cv-colsys\" id=\"pt-cv-view-372c3953u7\"><div data-id=\"pt-cv-page-1\" class=\"pt-cv-page\" data-cvc=\"1\"><div class=\"col-md-12 col-sm-12 col-xs-12 pt-cv-content-item pt-cv-1-col\" ><div class='pt-cv-ifield'><h4 class=\"pt-cv-title\"><a href=\"https:\/\/www.tvnovelas.com.br\/tvnews\/volta-por-cima-onibus-de-lindomar-passa-por-outro-acidente-tragico\/\" class=\"_self\" target=\"_self\" >Volta por Cima: \u00d4nibus de Lindomar passa por outro acidente tr\u00e1gico<\/a><\/h4><\/div><\/div>\n<div class=\"col-md-12 col-sm-12 col-xs-12 pt-cv-content-item pt-cv-1-col\" ><div class='pt-cv-ifield'><h4 class=\"pt-cv-title\"><a href=\"https:\/\/www.tvnovelas.com.br\/tvnews\/volta-por-cima-osmar-descobre-que-vivinha-preservou-sua-vida\/\" class=\"_self\" target=\"_self\" >Volta por Cima: Osmar descobre que Vivinha preservou sua vida<\/a><\/h4><\/div><\/div>\n<div class=\"col-md-12 col-sm-12 col-xs-12 pt-cv-content-item pt-cv-1-col\" ><div class='pt-cv-ifield'><h4 class=\"pt-cv-title\"><a href=\"https:\/\/www.tvnovelas.com.br\/tvnews\/volta-por-cima-jao-salva-a-vida-de-nando\/\" class=\"_self\" target=\"_self\" >Volta por Cima: J\u00e3o salva a vida de Nando<\/a><\/h4><\/div><\/div>\n<div class=\"col-md-12 col-sm-12 col-xs-12 pt-cv-content-item pt-cv-1-col\" ><div class='pt-cv-ifield'><h4 class=\"pt-cv-title\"><a href=\"https:\/\/www.tvnovelas.com.br\/tvnews\/volta-por-cima-saia-justa-osmar-chama-joyce-de-vivinha\/\" class=\"_self\" target=\"_self\" >Volta por Cima: Saia justa: Osmar chama Joyce de Vivinha&#8230;<\/a><\/h4><\/div><\/div>\n<div class=\"col-md-12 col-sm-12 col-xs-12 pt-cv-content-item pt-cv-1-col\" ><div class='pt-cv-ifield'><h4 class=\"pt-cv-title\"><a href=\"https:\/\/www.tvnovelas.com.br\/tvnews\/volta-por-cima-doralice-consegue-doador-de-coracao-para-transplante\/\" class=\"_self\" target=\"_self\" >Volta por Cima: Doralice consegue doador de cora\u00e7\u00e3o para transplante<\/a><\/h4><\/div><\/div>\n<div class=\"col-md-12 col-sm-12 col-xs-12 pt-cv-content-item pt-cv-1-col\" ><div class='pt-cv-ifield'><h4 class=\"pt-cv-title\"><a href=\"https:\/\/www.tvnovelas.com.br\/tvnews\/volta-por-cima-violeta-beija-marco-e-aparece-com-ele-na-frente-de-osmar\/\" class=\"_self\" target=\"_self\" >Volta por Cima: Violeta beija Marco e aparece com ele na frente de Osmar<\/a><\/h4><\/div><\/div><\/div><\/div><\/div>\r\n<p><strong style=\"font-size: 120%;\">\u00daltimas not\u00edcias deste site:<\/strong><\/p>\r\n<div class=\"pt-cv-wrapper\"><div class=\"pt-cv-view pt-cv-grid pt-cv-colsys\" id=\"pt-cv-view-90991035b3\"><div data-id=\"pt-cv-page-1\" class=\"pt-cv-page\" data-cvc=\"1\"><div class=\"col-md-12 col-sm-12 col-xs-12 pt-cv-content-item pt-cv-1-col\" ><div class='pt-cv-ifield'><h4 class=\"pt-cv-title\"><a href=\"https:\/\/www.tvnovelas.com.br\/tvnews\/coracao-de-mae-atilla-confronta-hasan-e-exige-o-divorcio-de-lale\/\" class=\"_self\" target=\"_self\" >Cora\u00e7\u00e3o de M\u00e3e: Atilla confronta Hasan e exige o div\u00f3rcio de Lale<\/a><\/h4><\/div><\/div>\n<div class=\"col-md-12 col-sm-12 col-xs-12 pt-cv-content-item pt-cv-1-col\" ><div class='pt-cv-ifield'><h4 class=\"pt-cv-title\"><a href=\"https:\/\/www.tvnovelas.com.br\/tvnews\/guerra-das-rosas-gulfem-coloca-gulru-contra-a-parede\/\" class=\"_self\" target=\"_self\" >Guerra das Rosas: Gulfem coloca Gulru contra a parede<\/a><\/h4><\/div><\/div>\n<div class=\"col-md-12 col-sm-12 col-xs-12 pt-cv-content-item pt-cv-1-col\" ><div class='pt-cv-ifield'><h4 class=\"pt-cv-title\"><a href=\"https:\/\/www.tvnovelas.com.br\/tvnews\/coracao-de-mae-atilla-diz-a-lale-que-quer-o-divorcio\/\" class=\"_self\" target=\"_self\" >Cora\u00e7\u00e3o de M\u00e3e: Atilla diz a Lale que quer o div\u00f3rcio<\/a><\/h4><\/div><\/div>\n<div class=\"col-md-12 col-sm-12 col-xs-12 pt-cv-content-item pt-cv-1-col\" ><div class='pt-cv-ifield'><h4 class=\"pt-cv-title\"><a href=\"https:\/\/www.tvnovelas.com.br\/tvnews\/a-nobreza-do-amor-mirinho-garante-noivado-com-virginia-para-atrair-sogro-a-negocio\/\" class=\"_self\" target=\"_self\" >A Nobreza do Amor: Mirinho garante noivado com Virg\u00ednia para atrair sogro a neg\u00f3cio<\/a><\/h4><\/div><\/div>\n<div class=\"col-md-12 col-sm-12 col-xs-12 pt-cv-content-item pt-cv-1-col\" ><div class='pt-cv-ifield'><h4 class=\"pt-cv-title\"><a href=\"https:\/\/www.tvnovelas.com.br\/tvnews\/tres-gracas-joaquim-propoe-fuga-a-arminda-com-o-dinheiro-das-tres-gracas\/\" class=\"_self\" target=\"_self\" >Tr\u00eas Gra\u00e7as:  Joaquim prop\u00f5e fuga a Arminda com o dinheiro das Tr\u00eas Gra\u00e7as<\/a><\/h4><\/div><\/div>\n<div class=\"col-md-12 col-sm-12 col-xs-12 pt-cv-content-item pt-cv-1-col\" ><div class='pt-cv-ifield'><h4 class=\"pt-cv-title\"><a href=\"https:\/\/www.tvnovelas.com.br\/tvnews\/coracao-de-mae-atilla-decide-abrir-o-jogo-com-karsu\/\" class=\"_self\" target=\"_self\" >Cora\u00e7\u00e3o de M\u00e3e: Atilla decide abrir o jogo com Karsu<\/a><\/h4><\/div><\/div>\n<div class=\"col-md-12 col-sm-12 col-xs-12 pt-cv-content-item pt-cv-1-col\" ><div class='pt-cv-ifield'><h4 class=\"pt-cv-title\"><a href=\"https:\/\/www.tvnovelas.com.br\/tvnews\/coracao-de-mae-adnan-e-preso-apos-denuncia-de-irmak\/\" class=\"_self\" target=\"_self\" >Em Cora\u00e7\u00e3o de M\u00e3e: Adnan \u00e9 preso ap\u00f3s denuncia de Irmak<\/a><\/h4><\/div><\/div>\n<div class=\"col-md-12 col-sm-12 col-xs-12 pt-cv-content-item pt-cv-1-col\" ><div class='pt-cv-ifield'><h4 class=\"pt-cv-title\"><a href=\"https:\/\/www.tvnovelas.com.br\/tvnews\/coracao-de-mae-atilla-forca-karsu-a-ouvir-suas-explicacoes\/\" class=\"_self\" target=\"_self\" >Cora\u00e7\u00e3o de M\u00e3e: Atilla for\u00e7a Karsu a ouvir suas explica\u00e7\u00f5es<\/a><\/h4><\/div><\/div>\n<div class=\"col-md-12 col-sm-12 col-xs-12 pt-cv-content-item pt-cv-1-col\" ><div class='pt-cv-ifield'><h4 class=\"pt-cv-title\"><a href=\"https:\/\/www.tvnovelas.com.br\/tvnews\/coracao-acelerado-mulher-choca-janete-ao-se-apresentar-como-amante-do-palhares\/\" class=\"_self\" target=\"_self\" >Cora\u00e7\u00e3o Acelerado: Mulher choca Janete ao se apresentar como amante do Palhares<\/a><\/h4><\/div><\/div>\n<div class=\"col-md-12 col-sm-12 col-xs-12 pt-cv-content-item pt-cv-1-col\" ><div class='pt-cv-ifield'><h4 class=\"pt-cv-title\"><a href=\"https:\/\/www.tvnovelas.com.br\/tvnews\/a-nobreza-do-amor-jendal-dobra-a-recompensa-por-alika\/\" class=\"_self\" target=\"_self\" >A Nobreza do Amor: Jendal dobra a recompensa por Alika<\/a><\/h4><\/div><\/div><\/div><\/div><\/div>\r\n<h3>Confira tamb\u00e9m<\/h3>\r\n<p><a href=\"https:\/\/www.tvnovelas.com.br\/filmes\/\" target=\"_blank\" rel=\"noopener noreferrer\"><strong>Programa\u00e7\u00e3o de filmes na TV aberta<\/strong><\/a><\/p>\r\n<p><a href=\"https:\/\/caetenews.com.br\/semana\/filmes-da-globo-na-sessao-da-tarde-desta-semana\/\" target=\"_blank\" rel=\"noopener\"><strong>Confira os filmes da semana na Sess\u00e3o da Tarde<\/strong><\/a><\/p>\r\n<p><a href=\"https:\/\/www.tvnovelas.com.br\/novelas\/\"><strong>Confira os resumos da semana de todas novelas<\/strong><\/a><\/p><br \/>\n<a href=\"https:\/\/tvnovelas.com.br\/filmes\/filmes-na-tv-segunda\/\" target=\"_blank\" rel=\"noopener\">Confira a Progrma\u00e7\u00e3o de Filmes na TV aberta<\/a><br \/>\n<a href=\"https:\/\/pt.wikipedia.org\/wiki\/Volta_por_Cima_(telenovela)\" target=\"_blank\" rel=\"noopener\">Sobre Volta por Cima na Wikipedia<\/a><br \/>\n<a href=\"https:\/\/www.tvnovelas.com.br\/tvnews\/\" target=\"_blank\" rel=\"noopener\">\u00daltimas not\u00edcias das novelas<\/a><\/p>\n","protected":false},"excerpt":{"rendered":"<p>Volta por Cima: Chico d\u00e1 prensa&#8230; Em Volta por Dima, Mordido de ci\u00fames de Mad\u00e1 (J\u00e9ssica Ellen), depois que ela ganhou flores de J\u00e3o&#8230;<\/p>\n","protected":false},"author":1,"featured_media":69311,"comment_status":"closed","ping_status":"closed","sticky":false,"template":"","format":"standard","meta":{"_uf_show_specific_survey":0,"_uf_disable_surveys":false,"_jetpack_memberships_contains_paid_content":false,"footnotes":"","_wp_rev_ctl_limit":""},"categories":[807],"tags":[5,64,808],"class_list":["post-69310","post","type-post","status-publish","format-standard","has-post-thumbnail","hentry","category-volta-por-cima","tag-globo","tag-novelas","tag-volta-por-cima","wpcat-807-id"],"aioseo_notices":[],"jetpack_featured_media_url":"https:\/\/i0.wp.com\/www.tvnovelas.com.br\/tvnews\/wp-content\/uploads\/2024\/10\/10227.jpg?fit=720%2C410&ssl=1","jetpack_shortlink":"https:\/\/wp.me\/pdP2BO-i1U","jetpack_sharing_enabled":true,"_links":{"self":[{"href":"https:\/\/www.tvnovelas.com.br\/tvnews\/wp-json\/wp\/v2\/posts\/69310","targetHints":{"allow":["GET"]}}],"collection":[{"href":"https:\/\/www.tvnovelas.com.br\/tvnews\/wp-json\/wp\/v2\/posts"}],"about":[{"href":"https:\/\/www.tvnovelas.com.br\/tvnews\/wp-json\/wp\/v2\/types\/post"}],"author":[{"embeddable":true,"href":"https:\/\/www.tvnovelas.com.br\/tvnews\/wp-json\/wp\/v2\/users\/1"}],"replies":[{"embeddable":true,"href":"https:\/\/www.tvnovelas.com.br\/tvnews\/wp-json\/wp\/v2\/comments?post=69310"}],"version-history":[{"count":1,"href":"https:\/\/www.tvnovelas.com.br\/tvnews\/wp-json\/wp\/v2\/posts\/69310\/revisions"}],"predecessor-version":[{"id":69312,"href":"https:\/\/www.tvnovelas.com.br\/tvnews\/wp-json\/wp\/v2\/posts\/69310\/revisions\/69312"}],"wp:featuredmedia":[{"embeddable":true,"href":"https:\/\/www.tvnovelas.com.br\/tvnews\/wp-json\/wp\/v2\/media\/69311"}],"wp:attachment":[{"href":"https:\/\/www.tvnovelas.com.br\/tvnews\/wp-json\/wp\/v2\/media?parent=69310"}],"wp:term":[{"taxonomy":"category","embeddable":true,"href":"https:\/\/www.tvnovelas.com.br\/tvnews\/wp-json\/wp\/v2\/categories?post=69310"},{"taxonomy":"post_tag","embeddable":true,"href":"https:\/\/www.tvnovelas.com.br\/tvnews\/wp-json\/wp\/v2\/tags?post=69310"}],"curies":[{"name":"wp","href":"https:\/\/api.w.org\/{rel}","templated":true}]}}