{"id":69329,"date":"2024-10-10T14:30:43","date_gmt":"2024-10-10T17:30:43","guid":{"rendered":"https:\/\/www.tvnovelas.com.br\/tvnews\/?p=69329"},"modified":"2024-10-10T14:30:43","modified_gmt":"2024-10-10T17:30:43","slug":"no-rancho-fundo-blandina-ganha-nova-comparsa","status":"publish","type":"post","link":"https:\/\/www.tvnovelas.com.br\/tvnews\/no-rancho-fundo-blandina-ganha-nova-comparsa\/","title":{"rendered":"No Rancho Fundo: Blandina ganha nova comparsa"},"content":{"rendered":"<p><em>EmNo Rancho Fundo: Blandina<\/em><br \/>\n<figure id=\"attachment_69330\" aria-describedby=\"caption-attachment-69330\" style=\"width: 728px\" class=\"wp-caption alignnone\"><img data-recalc-dims=\"1\" decoding=\"async\" class=\"wp-image-69330 size-full\" title=\"(Foto: TV Globo\/No Rancho Fundo)\" src=\"https:\/\/i0.wp.com\/www.tvnovelas.com.br\/tvnews\/wp-content\/uploads\/2024\/10\/40225.jpg?resize=728%2C410&#038;ssl=1\" alt=\"Foto em No Rancho Fundo: Blandina\" width=\"728\" height=\"410\" \/><figcaption id=\"caption-attachment-69330\" class=\"wp-caption-text\">No Rancho Fundo: Blandina&#8230;<\/figcaption><\/figure><\/p>\n<p>Em No Rancho Fundo, de olho na mina de turmalina para\u00edba dos Leonel, Esperan\u00e7a (Andrea Bak) resolver\u00e1 agir por conta pr\u00f3pria. E quem a filha do Primo C\u00edcero (Haroldo Guimar\u00e3es) ir\u00e1 procurar? Blandina (Luisa Arraes)! No cap\u00edtulo desta quinta-feira (10) de No Rancho Fundo, Esperan\u00e7a ir\u00e1 atr\u00e1s da vigarista no Hotel S\u00e3o Petersburgo para propor uma alian\u00e7a entre as duas&#8230;<\/p>\n<p>\u201cTu que \u00e9 a Lambe-bei\u00e7o, n\u00e9ra?\u201d, pergunta Esperan\u00e7a.<\/p>\n<p>\u201cQuem quer saber?\u201d, reage Blandina, sem paci\u00eancia.<\/p>\n<p>&#8220;Acho que a gente pode ter muita serventia uma \u00e0 outra&#8230;\u201d, responde Esperan\u00e7a.<\/p>\n<p>Desconfiada, por\u00e9m, interessada, Blandina vai ouvir Esperan\u00e7a contar que seu pai tem direito \u00e0s terras da Gruta Azul.<\/p>\n<p>\u201cAquelas terras s\u00e3o de minha fam\u00edlia faz \u00f3&#8230; um temp\u00e3o!\u201d, afirma Esperan\u00e7a.<\/p>\n<p>\u201cOs Leonel nunca falaram nada disso&#8230;\u201d, diz Blandina.<\/p>\n<p>\u201cPorque s\u00e3o uns descarados!\u201d, reage Esperan\u00e7a.<\/p>\n<p>Era o que Blandina precisava: algu\u00e9m que tenha tanta raiva da fam\u00edlia Leonel quanto ela tem. Diante da receptividade, Esperan\u00e7a vai propor que as duas se aliem na briga pela mina de turmalina para\u00edba.<\/p>\n<p>\u201cEu vou abrir o jogo logo duma vez: preciso de uma aliada. E algo me diz que n\u00f3s duas vamos nos dar muito bem. O que \u00e9 que tu me diz?\u201d<\/p>\n<p>Blandina concordar\u00e1 e apertar\u00e1 a m\u00e3o de sua mais nova comparsa.<\/p>\n<p>\u201cPor que n\u00e3o? Afinal, o que seria de n\u00f3s, mulheres, se n\u00e3o apoiarmos umas \u00e0s outras, n\u00e3o \u00e9 mesmo?\u201d<br \/>\n<!--END--><\/p>\n<div class=\"fb-comments\" data-width=\"100%\" data-order-by=\"reverse_time\" data-numposts=\"5\"><\/div>\n<h2>\u00daltimas publica\u00e7\u00f5es de No Rancho Fundo<\/h2>\n<p><div class=\"pt-cv-wrapper\"><div class=\"pt-cv-view pt-cv-grid pt-cv-colsys\" id=\"pt-cv-view-1b948bbbtz\"><div data-id=\"pt-cv-page-1\" class=\"pt-cv-page\" data-cvc=\"1\"><div class=\"col-md-12 col-sm-12 col-xs-12 pt-cv-content-item pt-cv-1-col\" ><div class='pt-cv-ifield'><h4 class=\"pt-cv-title\"><a href=\"https:\/\/www.tvnovelas.com.br\/tvnews\/no-rancho-fundo-deodora-atira-em-ariosto-por-magoa-e-ciume\/\" class=\"_blank\" target=\"_blank\" >No Rancho Fundo: Deodora atira em Ariosto por m\u00e1goa e ci\u00fame<\/a><\/h4><\/div><\/div>\n<div class=\"col-md-12 col-sm-12 col-xs-12 pt-cv-content-item pt-cv-1-col\" ><div class='pt-cv-ifield'><h4 class=\"pt-cv-title\"><a href=\"https:\/\/www.tvnovelas.com.br\/tvnews\/no-rancho-fundo-romera-desbloqueada-entre-os-podres-de-saba-bodo\/\" class=\"_blank\" target=\"_blank\" >No Rancho Fundo: Romera desbloqueada entre os podres de Sab\u00e1 Bod\u00f3<\/a><\/h4><\/div><\/div>\n<div class=\"col-md-12 col-sm-12 col-xs-12 pt-cv-content-item pt-cv-1-col\" ><div class='pt-cv-ifield'><h4 class=\"pt-cv-title\"><a href=\"https:\/\/www.tvnovelas.com.br\/tvnews\/no-rancho-fundo-jordao-e-preso-por-tentar-matar-primo-cicero\/\" class=\"_blank\" target=\"_blank\" >No Rancho Fundo: Jord\u00e3o \u00e9 preso por tentar matar Primo C\u00edcero<\/a><\/h4><\/div><\/div>\n<div class=\"col-md-12 col-sm-12 col-xs-12 pt-cv-content-item pt-cv-1-col\" ><div class='pt-cv-ifield'><h4 class=\"pt-cv-title\"><a href=\"https:\/\/www.tvnovelas.com.br\/tvnews\/no-rancho-fundo-artur-confronta-elias-e-descobre-quem-ele-e\/\" class=\"_blank\" target=\"_blank\" >No Rancho Fundo:  Artur confronta Elias e descobre quem ele \u00e9<\/a><\/h4><\/div><\/div>\n<div class=\"col-md-12 col-sm-12 col-xs-12 pt-cv-content-item pt-cv-1-col\" ><div class='pt-cv-ifield'><h4 class=\"pt-cv-title\"><a href=\"https:\/\/www.tvnovelas.com.br\/tvnews\/no-rancho-fundo-elias-espalha-dinamites-na-gruta-azul-a-mando-de-ariosto\/\" class=\"_blank\" target=\"_blank\" >No Rancho Fundo: Elias espalha dinamites na Gruta Azul a mando de Ariosto<\/a><\/h4><\/div><\/div><\/div><\/div><\/div><br \/>\n<a href=\"https:\/\/wp.me\/pfspD2-OO\" target=\"_blank\" rel=\"noopener\">No Rancho Fundo: De Lasca Fogo a Lap\u00e3o da Beirada<\/a><br \/>\n<a href=\"https:\/\/tvnovelas.com.br\/page2\/arquivo\/no-rancho-fundo-trilha-sonora\/\" target=\"_blank\" rel=\"noopener\">No Rancho Fundo: trilha sonora<\/a><br \/>\n<a href=\"https:\/\/pt.wikipedia.org\/wiki\/No_Rancho_Fundo\" target=\"_blank\" rel=\"noopener\">Sobre No Rancho Fundo, na Wikipedia<\/a><br \/>\n<a href=\"https:\/\/tvnovelas.com.br\/filmes\/filmes-na-tv-segunda\/\" target=\"_blank\" rel=\"noopener\">Confira a programa\u00e7\u00e3o de filmes na TV aberta<\/a><br \/>\n<a href=\"https:\/\/www.tvnovelas.com.br\/tvnews\/\">\u00daltimas not\u00edcias de todas as novelas<\/a><\/p>\n","protected":false},"excerpt":{"rendered":"<p>No Rancho Fundo: Blandina&#8230; Em No Rancho Fundo, de olho na mina de turmalina para\u00edba dos Leonel, Esperan\u00e7a (Andrea Bak) resolver\u00e1&#8230;<\/p>\n","protected":false},"author":1,"featured_media":69330,"comment_status":"closed","ping_status":"closed","sticky":false,"template":"","format":"standard","meta":{"_uf_show_specific_survey":0,"_uf_disable_surveys":false,"_jetpack_memberships_contains_paid_content":false,"footnotes":"","_wp_rev_ctl_limit":""},"categories":[763],"tags":[5,764,64],"class_list":["post-69329","post","type-post","status-publish","format-standard","has-post-thumbnail","hentry","category-no-rancho-fundo","tag-globo","tag-no-rancho-fundo","tag-novelas","wpcat-763-id"],"aioseo_notices":[],"jetpack_featured_media_url":"https:\/\/i0.wp.com\/www.tvnovelas.com.br\/tvnews\/wp-content\/uploads\/2024\/10\/40225.jpg?fit=728%2C410&ssl=1","jetpack_shortlink":"https:\/\/wp.me\/pdP2BO-i2d","jetpack_sharing_enabled":true,"_links":{"self":[{"href":"https:\/\/www.tvnovelas.com.br\/tvnews\/wp-json\/wp\/v2\/posts\/69329","targetHints":{"allow":["GET"]}}],"collection":[{"href":"https:\/\/www.tvnovelas.com.br\/tvnews\/wp-json\/wp\/v2\/posts"}],"about":[{"href":"https:\/\/www.tvnovelas.com.br\/tvnews\/wp-json\/wp\/v2\/types\/post"}],"author":[{"embeddable":true,"href":"https:\/\/www.tvnovelas.com.br\/tvnews\/wp-json\/wp\/v2\/users\/1"}],"replies":[{"embeddable":true,"href":"https:\/\/www.tvnovelas.com.br\/tvnews\/wp-json\/wp\/v2\/comments?post=69329"}],"version-history":[{"count":1,"href":"https:\/\/www.tvnovelas.com.br\/tvnews\/wp-json\/wp\/v2\/posts\/69329\/revisions"}],"predecessor-version":[{"id":69331,"href":"https:\/\/www.tvnovelas.com.br\/tvnews\/wp-json\/wp\/v2\/posts\/69329\/revisions\/69331"}],"wp:featuredmedia":[{"embeddable":true,"href":"https:\/\/www.tvnovelas.com.br\/tvnews\/wp-json\/wp\/v2\/media\/69330"}],"wp:attachment":[{"href":"https:\/\/www.tvnovelas.com.br\/tvnews\/wp-json\/wp\/v2\/media?parent=69329"}],"wp:term":[{"taxonomy":"category","embeddable":true,"href":"https:\/\/www.tvnovelas.com.br\/tvnews\/wp-json\/wp\/v2\/categories?post=69329"},{"taxonomy":"post_tag","embeddable":true,"href":"https:\/\/www.tvnovelas.com.br\/tvnews\/wp-json\/wp\/v2\/tags?post=69329"}],"curies":[{"name":"wp","href":"https:\/\/api.w.org\/{rel}","templated":true}]}}