{"id":69338,"date":"2024-10-11T07:56:46","date_gmt":"2024-10-11T10:56:46","guid":{"rendered":"https:\/\/www.tvnovelas.com.br\/tvnews\/?p=69338"},"modified":"2024-10-11T07:56:46","modified_gmt":"2024-10-11T10:56:46","slug":"no-rancho-fundo-blandina-rompe-alianca-com-deodora-e-ariosto","status":"publish","type":"post","link":"https:\/\/www.tvnovelas.com.br\/tvnews\/no-rancho-fundo-blandina-rompe-alianca-com-deodora-e-ariosto\/","title":{"rendered":"No Rancho Fundo: Blandina rompe alian\u00e7a com Deodora e Ariosto"},"content":{"rendered":"<p><em>Em No Rancho Fundo: Blandina&#8230;<\/em><br \/>\n<figure id=\"attachment_69339\" aria-describedby=\"caption-attachment-69339\" style=\"width: 728px\" class=\"wp-caption alignnone\"><img data-recalc-dims=\"1\" decoding=\"async\" class=\"wp-image-69339 size-full\" title=\"(Foto: TV Globo\/No Rancho Fundo)\" src=\"https:\/\/i0.wp.com\/www.tvnovelas.com.br\/tvnews\/wp-content\/uploads\/2024\/10\/40226.jpg?resize=728%2C410&#038;ssl=1\" alt=\"Foto em No Rancho Fundo: Blandina...\" width=\"728\" height=\"410\" \/><figcaption id=\"caption-attachment-69339\" class=\"wp-caption-text\">No Rancho Fundo: Blandina&#8230;<\/figcaption><\/figure><\/p>\n<p>Em No Rancho Fundo, Blandina (Luisa Arraes) conseguiu na Justi\u00e7a o direito de assumir o controle da Gruta Azul da fam\u00edlia Leonel. E, quando for cobrada pelos comparsas Ariosto (Eduardo Moscovis) e Deodora (Debora Bloch) por n\u00e3o ter lhes avisado, ela tomar\u00e1 uma decis\u00e3o. Blandina dir\u00e1 que n\u00e3o precisa mais do casal de vil\u00f5es e romper\u00e1 a parceria com Deodora e Ariosto.<\/p>\n<p>\u201cEsqueceu de avisar pra mim e Deodora que agora \u00e9 tu quem est\u00e1 no comando da Gruta Azul?\u201d, cobra Ariosto.<br \/>\n\u201cIsso \u00e9 trai\u00e7\u00e3o, Blandina&#8230; Depois de tudo que Ariosto fez por voc\u00ea?\u201d, completa Deodora.<\/p>\n<p>Tamb\u00e9m presente, Marcelo Gouveia (Jos\u00e9 Loreto) ainda tentar\u00e1 reverter a situa\u00e7\u00e3o, com medo dos vil\u00f5es, mas Blandina ser\u00e1 enf\u00e1tica.<\/p>\n<p>\u201cN\u00e3o era o senhor que se fazia de rei? Agora n\u00e3o passa de um fantasma&#8230; E esse fantasma n\u00e3o assusta mais ningu\u00e9m, muito menos a mim. E tu, Deodora? Me diga, com todo o respeito&#8230; por que diabos eu continuaria colaborando com voc\u00eas dois? S\u00f3 tenho a perder. Agora voc\u00eas&#8230; t\u00eam muito a ganhar se continuarem comigo\u201d, constata.<\/p>\n<p>Deodora e Ariosto, \u00e9 claro, ficar\u00e3o irritad\u00edssimos com a ousadia da agora ex-aliada na luta contra os Leonel.<\/p>\n<p>\u201cTu est\u00e1 brincando com fogo, Blandina\u201d, afirma Deodora.<\/p>\n<p>\u201cTudo o que tu acha que est\u00e1 nas tuas m\u00e3os pode simplesmente sumir como fuma\u00e7a se n\u00e3o fizer as escolhas certas\u201d, alerta Ariosto.<\/p>\n<p>Mas Blandina ir\u00e1 embora, com a cabe\u00e7a erguida.<\/p>\n<p>\u201c\u00c9 mesmo? Boa sorte&#8230; Vamos ver quem vai rir por \u00faltimo.\u201d<br \/>\n<!--END--><\/p>\n<div class=\"fb-comments\" data-width=\"100%\" data-order-by=\"reverse_time\" data-numposts=\"5\"><\/div>\n<h2>\u00daltimas publica\u00e7\u00f5es de No Rancho Fundo<\/h2>\n<p><div class=\"pt-cv-wrapper\"><div class=\"pt-cv-view pt-cv-grid pt-cv-colsys\" id=\"pt-cv-view-1b948bbbtz\"><div data-id=\"pt-cv-page-1\" class=\"pt-cv-page\" data-cvc=\"1\"><div class=\"col-md-12 col-sm-12 col-xs-12 pt-cv-content-item pt-cv-1-col\" ><div class='pt-cv-ifield'><h4 class=\"pt-cv-title\"><a href=\"https:\/\/www.tvnovelas.com.br\/tvnews\/no-rancho-fundo-deodora-atira-em-ariosto-por-magoa-e-ciume\/\" class=\"_blank\" target=\"_blank\" >No Rancho Fundo: Deodora atira em Ariosto por m\u00e1goa e ci\u00fame<\/a><\/h4><\/div><\/div>\n<div class=\"col-md-12 col-sm-12 col-xs-12 pt-cv-content-item pt-cv-1-col\" ><div class='pt-cv-ifield'><h4 class=\"pt-cv-title\"><a href=\"https:\/\/www.tvnovelas.com.br\/tvnews\/no-rancho-fundo-romera-desbloqueada-entre-os-podres-de-saba-bodo\/\" class=\"_blank\" target=\"_blank\" >No Rancho Fundo: Romera desbloqueada entre os podres de Sab\u00e1 Bod\u00f3<\/a><\/h4><\/div><\/div>\n<div class=\"col-md-12 col-sm-12 col-xs-12 pt-cv-content-item pt-cv-1-col\" ><div class='pt-cv-ifield'><h4 class=\"pt-cv-title\"><a href=\"https:\/\/www.tvnovelas.com.br\/tvnews\/no-rancho-fundo-jordao-e-preso-por-tentar-matar-primo-cicero\/\" class=\"_blank\" target=\"_blank\" >No Rancho Fundo: Jord\u00e3o \u00e9 preso por tentar matar Primo C\u00edcero<\/a><\/h4><\/div><\/div>\n<div class=\"col-md-12 col-sm-12 col-xs-12 pt-cv-content-item pt-cv-1-col\" ><div class='pt-cv-ifield'><h4 class=\"pt-cv-title\"><a href=\"https:\/\/www.tvnovelas.com.br\/tvnews\/no-rancho-fundo-artur-confronta-elias-e-descobre-quem-ele-e\/\" class=\"_blank\" target=\"_blank\" >No Rancho Fundo:  Artur confronta Elias e descobre quem ele \u00e9<\/a><\/h4><\/div><\/div>\n<div class=\"col-md-12 col-sm-12 col-xs-12 pt-cv-content-item pt-cv-1-col\" ><div class='pt-cv-ifield'><h4 class=\"pt-cv-title\"><a href=\"https:\/\/www.tvnovelas.com.br\/tvnews\/no-rancho-fundo-elias-espalha-dinamites-na-gruta-azul-a-mando-de-ariosto\/\" class=\"_blank\" target=\"_blank\" >No Rancho Fundo: Elias espalha dinamites na Gruta Azul a mando de Ariosto<\/a><\/h4><\/div><\/div><\/div><\/div><\/div><br \/>\n<a href=\"https:\/\/wp.me\/pfspD2-OO\" target=\"_blank\" rel=\"noopener\">No Rancho Fundo: De Lasca Fogo a Lap\u00e3o da Beirada<\/a><br \/>\n<a href=\"https:\/\/tvnovelas.com.br\/page2\/arquivo\/no-rancho-fundo-trilha-sonora\/\" target=\"_blank\" rel=\"noopener\">No Rancho Fundo: trilha sonora<\/a><br \/>\n<a href=\"https:\/\/pt.wikipedia.org\/wiki\/No_Rancho_Fundo\" target=\"_blank\" rel=\"noopener\">Sobre No Rancho Fundo, na Wikipedia<\/a><br \/>\n<a href=\"https:\/\/tvnovelas.com.br\/filmes\/filmes-na-tv-segunda\/\" target=\"_blank\" rel=\"noopener\">Confira a programa\u00e7\u00e3o de filmes na TV aberta<\/a><br \/>\n<a href=\"https:\/\/www.tvnovelas.com.br\/tvnews\/\">\u00daltimas not\u00edcias de todas as novelas<\/a><\/p>\n","protected":false},"excerpt":{"rendered":"<p>No Rancho Fundo: Blandina&#8230; Em No Rancho Fundo, Blandina (Luisa Arraes) conseguiu na Justi\u00e7a o direito de assumir o controle da Gruta Azul&#8230;<\/p>\n","protected":false},"author":1,"featured_media":69339,"comment_status":"closed","ping_status":"closed","sticky":false,"template":"","format":"standard","meta":{"_uf_show_specific_survey":0,"_uf_disable_surveys":false,"_jetpack_memberships_contains_paid_content":false,"footnotes":"","_wp_rev_ctl_limit":""},"categories":[763],"tags":[5,764,64],"class_list":["post-69338","post","type-post","status-publish","format-standard","has-post-thumbnail","hentry","category-no-rancho-fundo","tag-globo","tag-no-rancho-fundo","tag-novelas","wpcat-763-id"],"aioseo_notices":[],"jetpack_featured_media_url":"https:\/\/i0.wp.com\/www.tvnovelas.com.br\/tvnews\/wp-content\/uploads\/2024\/10\/40226.jpg?fit=728%2C410&ssl=1","jetpack_shortlink":"https:\/\/wp.me\/pdP2BO-i2m","jetpack_sharing_enabled":true,"_links":{"self":[{"href":"https:\/\/www.tvnovelas.com.br\/tvnews\/wp-json\/wp\/v2\/posts\/69338","targetHints":{"allow":["GET"]}}],"collection":[{"href":"https:\/\/www.tvnovelas.com.br\/tvnews\/wp-json\/wp\/v2\/posts"}],"about":[{"href":"https:\/\/www.tvnovelas.com.br\/tvnews\/wp-json\/wp\/v2\/types\/post"}],"author":[{"embeddable":true,"href":"https:\/\/www.tvnovelas.com.br\/tvnews\/wp-json\/wp\/v2\/users\/1"}],"replies":[{"embeddable":true,"href":"https:\/\/www.tvnovelas.com.br\/tvnews\/wp-json\/wp\/v2\/comments?post=69338"}],"version-history":[{"count":1,"href":"https:\/\/www.tvnovelas.com.br\/tvnews\/wp-json\/wp\/v2\/posts\/69338\/revisions"}],"predecessor-version":[{"id":69340,"href":"https:\/\/www.tvnovelas.com.br\/tvnews\/wp-json\/wp\/v2\/posts\/69338\/revisions\/69340"}],"wp:featuredmedia":[{"embeddable":true,"href":"https:\/\/www.tvnovelas.com.br\/tvnews\/wp-json\/wp\/v2\/media\/69339"}],"wp:attachment":[{"href":"https:\/\/www.tvnovelas.com.br\/tvnews\/wp-json\/wp\/v2\/media?parent=69338"}],"wp:term":[{"taxonomy":"category","embeddable":true,"href":"https:\/\/www.tvnovelas.com.br\/tvnews\/wp-json\/wp\/v2\/categories?post=69338"},{"taxonomy":"post_tag","embeddable":true,"href":"https:\/\/www.tvnovelas.com.br\/tvnews\/wp-json\/wp\/v2\/tags?post=69338"}],"curies":[{"name":"wp","href":"https:\/\/api.w.org\/{rel}","templated":true}]}}