{"id":69482,"date":"2024-10-15T08:31:26","date_gmt":"2024-10-15T11:31:26","guid":{"rendered":"https:\/\/www.tvnovelas.com.br\/tvnews\/?p=69482"},"modified":"2024-10-15T08:31:26","modified_gmt":"2024-10-15T11:31:26","slug":"no-rancho-fundo-zefa-avisa-a-familia-que-eles-estao-prestes-a-perder-tudo","status":"publish","type":"post","link":"https:\/\/www.tvnovelas.com.br\/tvnews\/no-rancho-fundo-zefa-avisa-a-familia-que-eles-estao-prestes-a-perder-tudo\/","title":{"rendered":"No Rancho Fundo: Zefa avisa \u00e0 fam\u00edlia que eles est\u00e3o prestes a perder tudo"},"content":{"rendered":"<p><em>Em No Rancho Fundo: Zefa avisa&#8230;<\/em><br \/>\n<figure id=\"attachment_69484\" aria-describedby=\"caption-attachment-69484\" style=\"width: 728px\" class=\"wp-caption alignnone\"><img data-recalc-dims=\"1\" decoding=\"async\" class=\"wp-image-69484 size-full\" title=\"(Foto: TV Globo\/No Rancho Fundo)\" src=\"https:\/\/i0.wp.com\/www.tvnovelas.com.br\/tvnews\/wp-content\/uploads\/2024\/10\/40255-1.jpg?resize=728%2C410&#038;ssl=1\" alt=\"Foto em No Rancho Fundo: Zefa avisa\" width=\"728\" height=\"410\" \/><figcaption id=\"caption-attachment-69484\" class=\"wp-caption-text\">No Rancho Fundo: Zefa avisa&#8230;<\/figcaption><\/figure><\/p>\n<p>Em No Rancho Fundo, As terras onde fica a Gruta Azul est\u00e3o na mira da cobi\u00e7a de muita gente. Zefa Leonel (Andrea Beltr\u00e3o) vai entender que est\u00e1 prestes a perder o controle da mina de turmalina para\u00edba e de tudo o que conseguiu atrav\u00e9s dela. A matriarca dos Leonel, ent\u00e3o, ir\u00e1 reunir \u00e0 fam\u00edlia para avisar que o pior pode acontecer.<\/p>\n<p>\u201cChamei os Leonel aqui, porque tenho um comunicado importante e n\u00e3o vou fazer rodeio&#8230; A gente est\u00e1 preste a perder a Gruta Azul\u201d, afirma Zefa.<\/p>\n<p>Todos os presentes ficar\u00e3o em choque, e cada um come\u00e7ar\u00e1 a falar por cima do outro, em uma grande confus\u00e3o.<\/p>\n<p>\u201cDeixe a m\u00e3e de voc\u00eas terminar&#8230; Zefa Leonel\u201d, interrompe Seu Tico Leonel (Alexandre Nero).<\/p>\n<p>Zefa Leonel, ent\u00e3o, explicar\u00e1 aos filhos e agregados e \u00e0 Tia Salete o que est\u00e1 acontecendo.<\/p>\n<p>\u201cCorremos o risco n\u00e3o s\u00f3 de perder a Gruta Azul, como tudo o que j\u00e1 ganhamos com a turmalina para\u00edba. Ariosto e Deodora conseguiram uma procura\u00e7\u00e3o de Primo C\u00edcero, que, de acordo com os documentos que existe, \u00e9 dono de tudo. Eles podem cobrar at\u00e9 o que j\u00e1 foi tirado de l\u00e1\u201d, afirma.<\/p>\n<p>Depois, cada membro dos Leonel ir\u00e1 reagir a sua forma&#8230;<\/p>\n<p>\u201cIsso n\u00e3o est\u00e1 certo! Foi a m\u00e3e quem cavou aquela terra e achou a pedra\u201d, reage Quinota, revoltada.<br \/>\n\u201cN\u00f3s vamos \u00e9 estripar esse bando de carcar\u00e1!\u201d, garante Z\u00e9 Beltino (Igor Fortunato).<\/p>\n<p>\u201cNingu\u00e9m vai matar ningu\u00e9m, nem estripar, nem nada&#8230; Chega de apelar pra viol\u00eancia. N\u00f3s vamos atr\u00e1s \u00e9 da lei\u201d, afirma Zefa Leonel.<br \/>\n<!--END--><\/p>\n<div class=\"fb-comments\" data-width=\"100%\" data-order-by=\"reverse_time\" data-numposts=\"5\"><\/div>\n<h2>\u00daltimas publica\u00e7\u00f5es de No Rancho Fundo<\/h2>\n<p><div class=\"pt-cv-wrapper\"><div class=\"pt-cv-view pt-cv-grid pt-cv-colsys\" id=\"pt-cv-view-1b948bbbtz\"><div data-id=\"pt-cv-page-1\" class=\"pt-cv-page\" data-cvc=\"1\"><div class=\"col-md-12 col-sm-12 col-xs-12 pt-cv-content-item pt-cv-1-col\" ><div class='pt-cv-ifield'><h4 class=\"pt-cv-title\"><a href=\"https:\/\/www.tvnovelas.com.br\/tvnews\/no-rancho-fundo-deodora-atira-em-ariosto-por-magoa-e-ciume\/\" class=\"_blank\" target=\"_blank\" >No Rancho Fundo: Deodora atira em Ariosto por m\u00e1goa e ci\u00fame<\/a><\/h4><\/div><\/div>\n<div class=\"col-md-12 col-sm-12 col-xs-12 pt-cv-content-item pt-cv-1-col\" ><div class='pt-cv-ifield'><h4 class=\"pt-cv-title\"><a href=\"https:\/\/www.tvnovelas.com.br\/tvnews\/no-rancho-fundo-romera-desbloqueada-entre-os-podres-de-saba-bodo\/\" class=\"_blank\" target=\"_blank\" >No Rancho Fundo: Romera desbloqueada entre os podres de Sab\u00e1 Bod\u00f3<\/a><\/h4><\/div><\/div>\n<div class=\"col-md-12 col-sm-12 col-xs-12 pt-cv-content-item pt-cv-1-col\" ><div class='pt-cv-ifield'><h4 class=\"pt-cv-title\"><a href=\"https:\/\/www.tvnovelas.com.br\/tvnews\/no-rancho-fundo-jordao-e-preso-por-tentar-matar-primo-cicero\/\" class=\"_blank\" target=\"_blank\" >No Rancho Fundo: Jord\u00e3o \u00e9 preso por tentar matar Primo C\u00edcero<\/a><\/h4><\/div><\/div>\n<div class=\"col-md-12 col-sm-12 col-xs-12 pt-cv-content-item pt-cv-1-col\" ><div class='pt-cv-ifield'><h4 class=\"pt-cv-title\"><a href=\"https:\/\/www.tvnovelas.com.br\/tvnews\/no-rancho-fundo-artur-confronta-elias-e-descobre-quem-ele-e\/\" class=\"_blank\" target=\"_blank\" >No Rancho Fundo:  Artur confronta Elias e descobre quem ele \u00e9<\/a><\/h4><\/div><\/div>\n<div class=\"col-md-12 col-sm-12 col-xs-12 pt-cv-content-item pt-cv-1-col\" ><div class='pt-cv-ifield'><h4 class=\"pt-cv-title\"><a href=\"https:\/\/www.tvnovelas.com.br\/tvnews\/no-rancho-fundo-elias-espalha-dinamites-na-gruta-azul-a-mando-de-ariosto\/\" class=\"_blank\" target=\"_blank\" >No Rancho Fundo: Elias espalha dinamites na Gruta Azul a mando de Ariosto<\/a><\/h4><\/div><\/div><\/div><\/div><\/div><br \/>\n<a href=\"https:\/\/wp.me\/pfspD2-OO\" target=\"_blank\" rel=\"noopener\">No Rancho Fundo: De Lasca Fogo a Lap\u00e3o da Beirada<\/a><br \/>\n<a href=\"https:\/\/tvnovelas.com.br\/page2\/arquivo\/no-rancho-fundo-trilha-sonora\/\" target=\"_blank\" rel=\"noopener\">No Rancho Fundo: trilha sonora<\/a><br \/>\n<a href=\"https:\/\/pt.wikipedia.org\/wiki\/No_Rancho_Fundo\" target=\"_blank\" rel=\"noopener\">Sobre No Rancho Fundo, na Wikipedia<\/a><br \/>\n<a href=\"https:\/\/tvnovelas.com.br\/filmes\/filmes-na-tv-segunda\/\" target=\"_blank\" rel=\"noopener\">Confira a programa\u00e7\u00e3o de filmes na TV aberta<\/a><br \/>\n<a href=\"https:\/\/www.tvnovelas.com.br\/tvnews\/\">\u00daltimas not\u00edcias de todas as novelas<\/a><\/p>\n","protected":false},"excerpt":{"rendered":"<p>No Rancho Fundo: Zefa avisa&#8230; Em No Rancho Fundo, As terras onde fica a Gruta Azul est\u00e3o na mira da cobi\u00e7a de muita gente&#8230;<\/p>\n","protected":false},"author":1,"featured_media":69484,"comment_status":"closed","ping_status":"closed","sticky":false,"template":"","format":"standard","meta":{"_uf_show_specific_survey":0,"_uf_disable_surveys":false,"_jetpack_memberships_contains_paid_content":false,"footnotes":"","_wp_rev_ctl_limit":""},"categories":[763],"tags":[5,764,64],"class_list":["post-69482","post","type-post","status-publish","format-standard","has-post-thumbnail","hentry","category-no-rancho-fundo","tag-globo","tag-no-rancho-fundo","tag-novelas","wpcat-763-id"],"aioseo_notices":[],"jetpack_featured_media_url":"https:\/\/i0.wp.com\/www.tvnovelas.com.br\/tvnews\/wp-content\/uploads\/2024\/10\/40255-1.jpg?fit=728%2C410&ssl=1","jetpack_shortlink":"https:\/\/wp.me\/pdP2BO-i4G","jetpack_sharing_enabled":true,"_links":{"self":[{"href":"https:\/\/www.tvnovelas.com.br\/tvnews\/wp-json\/wp\/v2\/posts\/69482","targetHints":{"allow":["GET"]}}],"collection":[{"href":"https:\/\/www.tvnovelas.com.br\/tvnews\/wp-json\/wp\/v2\/posts"}],"about":[{"href":"https:\/\/www.tvnovelas.com.br\/tvnews\/wp-json\/wp\/v2\/types\/post"}],"author":[{"embeddable":true,"href":"https:\/\/www.tvnovelas.com.br\/tvnews\/wp-json\/wp\/v2\/users\/1"}],"replies":[{"embeddable":true,"href":"https:\/\/www.tvnovelas.com.br\/tvnews\/wp-json\/wp\/v2\/comments?post=69482"}],"version-history":[{"count":1,"href":"https:\/\/www.tvnovelas.com.br\/tvnews\/wp-json\/wp\/v2\/posts\/69482\/revisions"}],"predecessor-version":[{"id":69485,"href":"https:\/\/www.tvnovelas.com.br\/tvnews\/wp-json\/wp\/v2\/posts\/69482\/revisions\/69485"}],"wp:featuredmedia":[{"embeddable":true,"href":"https:\/\/www.tvnovelas.com.br\/tvnews\/wp-json\/wp\/v2\/media\/69484"}],"wp:attachment":[{"href":"https:\/\/www.tvnovelas.com.br\/tvnews\/wp-json\/wp\/v2\/media?parent=69482"}],"wp:term":[{"taxonomy":"category","embeddable":true,"href":"https:\/\/www.tvnovelas.com.br\/tvnews\/wp-json\/wp\/v2\/categories?post=69482"},{"taxonomy":"post_tag","embeddable":true,"href":"https:\/\/www.tvnovelas.com.br\/tvnews\/wp-json\/wp\/v2\/tags?post=69482"}],"curies":[{"name":"wp","href":"https:\/\/api.w.org\/{rel}","templated":true}]}}