{"id":69949,"date":"2024-10-30T08:24:25","date_gmt":"2024-10-30T11:24:25","guid":{"rendered":"https:\/\/www.tvnovelas.com.br\/tvnews\/?p=69949"},"modified":"2024-10-30T08:24:25","modified_gmt":"2024-10-30T11:24:25","slug":"no-rancho-fundo-jordao-e-preso-por-tentar-matar-primo-cicero","status":"publish","type":"post","link":"https:\/\/www.tvnovelas.com.br\/tvnews\/no-rancho-fundo-jordao-e-preso-por-tentar-matar-primo-cicero\/","title":{"rendered":"No Rancho Fundo: Jord\u00e3o \u00e9 preso por tentar matar Primo C\u00edcero"},"content":{"rendered":"<p><em>Em No Rancho Fundo: Jord\u00e3o \u00e9 preso&#8230;<\/em><br \/>\n<figure id=\"attachment_69951\" aria-describedby=\"caption-attachment-69951\" style=\"width: 728px\" class=\"wp-caption alignnone\"><img data-recalc-dims=\"1\" decoding=\"async\" class=\"wp-image-69951 size-full\" title=\"(Foto: TV Globo\/No Rancho Fundo)\" src=\"https:\/\/i0.wp.com\/www.tvnovelas.com.br\/tvnews\/wp-content\/uploads\/2024\/10\/40344-1.jpg?resize=728%2C410&#038;ssl=1\" alt=\"Foto em No Rancho Fundo: Jord\u00e3o \u00e9 preso...\" width=\"728\" height=\"410\" \/><figcaption id=\"caption-attachment-69951\" class=\"wp-caption-text\">No Rancho Fundo: Jord\u00e3o \u00e9 preso&#8230;<\/figcaption><\/figure><\/p>\n<p>Em No Rancho Fundo, os dias de liberdade de Jord\u00e3o Nic\u00e1cio (Alejandro Claveaux) est\u00e3o contados. O matador vai ser preso por tentativa de assassinato a Primo C\u00edcero (Haroldo Guimar\u00e3es). E sua pris\u00e3o colocar\u00e1 outra pessoa na mira da pol\u00edcia, a mandante, Deodora (Debora Bloch).<\/p>\n<p>Tudo come\u00e7ar\u00e1 quando Jord\u00e3o, achando que Primo C\u00edcero morreu, confessar o crime na igreja. Seu Tico Leonel (Alexandre Nero) ouve tudo e conta ao delegado Floro Borromeu (Leandro Daniel). Ent\u00e3o, quando Jord\u00e3o estiver se preparando para fugir de Lap\u00e3o da Beirada, a pol\u00edcia ir\u00e1 invadir seu quarto no hotel.<\/p>\n<p>\u201cJord\u00e3o Nic\u00e1cio! O senhor est\u00e1 preso como suspeito de tentativa de assassinato do Primo C\u00edcero. Guarda-Civil Marc\u00f4ni, pode algemar o malfeitor\u201d, manda Floro Borromeu.<\/p>\n<p>Jord\u00e3o n\u00e3o esbo\u00e7ar\u00e1 rea\u00e7\u00e3o e ser\u00e1 algemado e levado para delegacia.<\/p>\n<p>Enquanto isso, Zefa Leonel (Andrea Beltr\u00e3o) receber\u00e1 um pen-drive de Cira (Suzy Lopes) contendo diversas imagens comprometedoras que ela fez, entre elas, a de Deodora (Debora Bloch) dando dinheiro a Jord\u00e3o.<\/p>\n<p>\u201cForam eles, m\u00e3inha! Deodora e Ariosto mandaram matar Primo C\u00edcero!\u201d, conclui Quinota (Larissa Bocchino) ao abrir o pen-drive no computador.<\/p>\n<p>Depois, Zefa Leonel ir\u00e1 procurar o casal de vil\u00f5es para dar um aviso:<\/p>\n<p>\u201cVim dizer na tua cara que vou colocar tu mais tua am\u00e1sia na cadeia.\u201d<br \/>\n<!--END--><\/p>\n<div class=\"fb-comments\" data-width=\"100%\" data-order-by=\"reverse_time\" data-numposts=\"5\"><\/div>\n<h2>\u00daltimas publica\u00e7\u00f5es de No Rancho Fundo<\/h2>\n<p><div class=\"pt-cv-wrapper\"><div class=\"pt-cv-view pt-cv-grid pt-cv-colsys\" id=\"pt-cv-view-1b948bbbtz\"><div data-id=\"pt-cv-page-1\" class=\"pt-cv-page\" data-cvc=\"1\"><div class=\"col-md-12 col-sm-12 col-xs-12 pt-cv-content-item pt-cv-1-col\" ><div class='pt-cv-ifield'><h4 class=\"pt-cv-title\"><a href=\"https:\/\/www.tvnovelas.com.br\/tvnews\/no-rancho-fundo-deodora-atira-em-ariosto-por-magoa-e-ciume\/\" class=\"_blank\" target=\"_blank\" >No Rancho Fundo: Deodora atira em Ariosto por m\u00e1goa e ci\u00fame<\/a><\/h4><\/div><\/div>\n<div class=\"col-md-12 col-sm-12 col-xs-12 pt-cv-content-item pt-cv-1-col\" ><div class='pt-cv-ifield'><h4 class=\"pt-cv-title\"><a href=\"https:\/\/www.tvnovelas.com.br\/tvnews\/no-rancho-fundo-romera-desbloqueada-entre-os-podres-de-saba-bodo\/\" class=\"_blank\" target=\"_blank\" >No Rancho Fundo: Romera desbloqueada entre os podres de Sab\u00e1 Bod\u00f3<\/a><\/h4><\/div><\/div>\n<div class=\"col-md-12 col-sm-12 col-xs-12 pt-cv-content-item pt-cv-1-col\" ><div class='pt-cv-ifield'><h4 class=\"pt-cv-title\"><a href=\"https:\/\/www.tvnovelas.com.br\/tvnews\/no-rancho-fundo-jordao-e-preso-por-tentar-matar-primo-cicero\/\" class=\"_blank\" target=\"_blank\" >No Rancho Fundo: Jord\u00e3o \u00e9 preso por tentar matar Primo C\u00edcero<\/a><\/h4><\/div><\/div>\n<div class=\"col-md-12 col-sm-12 col-xs-12 pt-cv-content-item pt-cv-1-col\" ><div class='pt-cv-ifield'><h4 class=\"pt-cv-title\"><a href=\"https:\/\/www.tvnovelas.com.br\/tvnews\/no-rancho-fundo-artur-confronta-elias-e-descobre-quem-ele-e\/\" class=\"_blank\" target=\"_blank\" >No Rancho Fundo:  Artur confronta Elias e descobre quem ele \u00e9<\/a><\/h4><\/div><\/div>\n<div class=\"col-md-12 col-sm-12 col-xs-12 pt-cv-content-item pt-cv-1-col\" ><div class='pt-cv-ifield'><h4 class=\"pt-cv-title\"><a href=\"https:\/\/www.tvnovelas.com.br\/tvnews\/no-rancho-fundo-elias-espalha-dinamites-na-gruta-azul-a-mando-de-ariosto\/\" class=\"_blank\" target=\"_blank\" >No Rancho Fundo: Elias espalha dinamites na Gruta Azul a mando de Ariosto<\/a><\/h4><\/div><\/div><\/div><\/div><\/div><br \/>\n<a href=\"https:\/\/wp.me\/pfspD2-OO\" target=\"_blank\" rel=\"noopener\">No Rancho Fundo: De Lasca Fogo a Lap\u00e3o da Beirada<\/a><br \/>\n<a href=\"https:\/\/tvnovelas.com.br\/page2\/arquivo\/no-rancho-fundo-trilha-sonora\/\" target=\"_blank\" rel=\"noopener\">No Rancho Fundo: trilha sonora<\/a><br \/>\n<a href=\"https:\/\/pt.wikipedia.org\/wiki\/No_Rancho_Fundo\" target=\"_blank\" rel=\"noopener\">Sobre No Rancho Fundo, na Wikipedia<\/a><br \/>\n<a href=\"https:\/\/tvnovelas.com.br\/filmes\/filmes-na-tv-segunda\/\" target=\"_blank\" rel=\"noopener\">Confira a programa\u00e7\u00e3o de filmes na TV aberta<\/a><br \/>\n<a href=\"https:\/\/www.tvnovelas.com.br\/tvnews\/\">\u00daltimas not\u00edcias de todas as novelas<\/a><\/p>\n","protected":false},"excerpt":{"rendered":"<p>No Rancho Fundo: Jord\u00e3o \u00e9 preso&#8230; Em No Rancho Fundo, os dias de liberdade de Jord\u00e3o Nic\u00e1cio (Alejandro Claveaux) est\u00e3o contados. O matador&#8230;<\/p>\n","protected":false},"author":1,"featured_media":69951,"comment_status":"closed","ping_status":"closed","sticky":false,"template":"","format":"standard","meta":{"_uf_show_specific_survey":0,"_uf_disable_surveys":false,"_jetpack_memberships_contains_paid_content":false,"footnotes":"","_wp_rev_ctl_limit":""},"categories":[763],"tags":[5,764,64],"class_list":["post-69949","post","type-post","status-publish","format-standard","has-post-thumbnail","hentry","category-no-rancho-fundo","tag-globo","tag-no-rancho-fundo","tag-novelas","wpcat-763-id"],"aioseo_notices":[],"jetpack_featured_media_url":"https:\/\/i0.wp.com\/www.tvnovelas.com.br\/tvnews\/wp-content\/uploads\/2024\/10\/40344-1.jpg?fit=728%2C410&ssl=1","jetpack_shortlink":"https:\/\/wp.me\/pdP2BO-icd","jetpack_sharing_enabled":true,"_links":{"self":[{"href":"https:\/\/www.tvnovelas.com.br\/tvnews\/wp-json\/wp\/v2\/posts\/69949","targetHints":{"allow":["GET"]}}],"collection":[{"href":"https:\/\/www.tvnovelas.com.br\/tvnews\/wp-json\/wp\/v2\/posts"}],"about":[{"href":"https:\/\/www.tvnovelas.com.br\/tvnews\/wp-json\/wp\/v2\/types\/post"}],"author":[{"embeddable":true,"href":"https:\/\/www.tvnovelas.com.br\/tvnews\/wp-json\/wp\/v2\/users\/1"}],"replies":[{"embeddable":true,"href":"https:\/\/www.tvnovelas.com.br\/tvnews\/wp-json\/wp\/v2\/comments?post=69949"}],"version-history":[{"count":2,"href":"https:\/\/www.tvnovelas.com.br\/tvnews\/wp-json\/wp\/v2\/posts\/69949\/revisions"}],"predecessor-version":[{"id":69953,"href":"https:\/\/www.tvnovelas.com.br\/tvnews\/wp-json\/wp\/v2\/posts\/69949\/revisions\/69953"}],"wp:featuredmedia":[{"embeddable":true,"href":"https:\/\/www.tvnovelas.com.br\/tvnews\/wp-json\/wp\/v2\/media\/69951"}],"wp:attachment":[{"href":"https:\/\/www.tvnovelas.com.br\/tvnews\/wp-json\/wp\/v2\/media?parent=69949"}],"wp:term":[{"taxonomy":"category","embeddable":true,"href":"https:\/\/www.tvnovelas.com.br\/tvnews\/wp-json\/wp\/v2\/categories?post=69949"},{"taxonomy":"post_tag","embeddable":true,"href":"https:\/\/www.tvnovelas.com.br\/tvnews\/wp-json\/wp\/v2\/tags?post=69949"}],"curies":[{"name":"wp","href":"https:\/\/api.w.org\/{rel}","templated":true}]}}