{"id":70057,"date":"2024-11-02T10:58:18","date_gmt":"2024-11-02T13:58:18","guid":{"rendered":"https:\/\/www.tvnovelas.com.br\/tvnews\/?p=70057"},"modified":"2024-11-02T11:13:09","modified_gmt":"2024-11-02T14:13:09","slug":"o-que-acontece-em-volta-por-cima-na-semana-11-a-16-11","status":"publish","type":"post","link":"https:\/\/www.tvnovelas.com.br\/tvnews\/o-que-acontece-em-volta-por-cima-na-semana-11-a-16-11\/","title":{"rendered":"O que acontece em Volta por Cima na semana 04 a 09\/11"},"content":{"rendered":"<p><em>Em O que acontece em Volta por Cima na semana<\/em><br \/>\n<figure id=\"attachment_70058\" aria-describedby=\"caption-attachment-70058\" style=\"width: 728px\" class=\"wp-caption alignnone\"><img data-recalc-dims=\"1\" decoding=\"async\" class=\"wp-image-70058 size-full\" title=\"(Foto: TV Globo\/Volta por Cima)\" src=\"https:\/\/i0.wp.com\/www.tvnovelas.com.br\/tvnews\/wp-content\/uploads\/2024\/11\/40363b.jpg?resize=728%2C410&#038;ssl=1\" alt=\"Foto em OVolta por Cima na semana...\" width=\"728\" height=\"410\" \/><figcaption id=\"caption-attachment-70058\" class=\"wp-caption-text\">Volta por Cima na semana&#8230;<\/figcaption><\/figure><\/p>\n<div style=\"background-color: #fff59d;\">\n<blockquote><p><strong style=\"color: #e65100;\">Nos pr\u00f3ximos cap\u00edtulos de Volta por Cima <\/strong>Madalena confronta Osmar; J\u00e3o confronta Neuza sobre a carona que pegou com Edson; Joyce v\u00ea Osmar no forr\u00f3 com Violeta; O barrac\u00e3o de bate-bolas pega fogo&#8230;.<\/p><\/blockquote>\n<\/div>\n<h2 style=\"color: #f57f17;\">Resumo de segunda-feira, 04 de novembro<\/h2>\n<p>Madalena prefere n\u00e3o acreditar na possibilidade de Osmar ter roubado sua fam\u00edlia. Osmar se desespera com o sumi\u00e7o do dinheiro, e Violeta age naturalmente. Tereza teme que Doralice descubra sobre o bilhete premiado. Madalena revira sua casa atr\u00e1s do bilhete de Lindomar. Roxelle se despede de Sebastian, e Joyce reclama. Chico revela a Moreira que Roxelle o chantageou. Neuza se surpreende com a visita de Edson. Madalena decide procurar Osmar. Roxelle v\u00ea Neuza chegar com Edson na lanchonete e desconfia. Madalena confronta Osmar.<\/p>\n<h2 style=\"color: #f57f17;\">Resumo de ter\u00e7a-feira, 05 de novembro<\/h2>\n<p>Um aluno passa mal na academia, e Nando se preocupa. Jayme pede folga na empresa. Madalena corta rela\u00e7\u00f5es com Osmar. Lucas sente-se mal, e Cida desiste de sair com Sidney. Roxelle conta para Sidney que Neuza chegou ao ponto final no carro de Edson. Osmar convida Tati para ir \u00e0 sua casa, e Madalena tenta impedir. Sidney questiona Cida sobre seus sentimentos por ele. J\u00e3o confronta Neuza sobre a carona que pegou com Edson. Madalena conversa com uma especialista em empreendedorismo. Tati decide procurar Osmar.<\/p>\n<figure id=\"attachment_70059\" aria-describedby=\"caption-attachment-70059\" style=\"width: 728px\" class=\"wp-caption alignnone\"><img data-recalc-dims=\"1\" decoding=\"async\" class=\"wp-image-70059 size-full\" title=\"(Foto: TV Globo\/Volta por Cima)\" src=\"https:\/\/i0.wp.com\/www.tvnovelas.com.br\/tvnews\/wp-content\/uploads\/2024\/11\/40363c.jpg?resize=728%2C414&#038;ssl=1\" alt=\"Foto em Volta por Cima na semana\" width=\"728\" height=\"414\" \/><figcaption id=\"caption-attachment-70059\" class=\"wp-caption-text\">Volta por Cima na semana&#8230;<\/figcaption><\/figure>\n<h2 style=\"color: #f57f17;\">Resumo de quarta-feira, 06 de novembro<\/h2>\n<p>Osmar chama Tati e Doralice para morar com ele. J\u00e3o repreende Neuza. Cida discute com Sidney. Roxelle e Chico, Sebastian e Joyce e Osmar e Violeta combinam de ir ao mesmo forr\u00f3. Madalena e Tati se enfrentam. J\u00e3o e Nando se conhecem. A professora de Tati sugere novas ideias de trabalho para Madalena. Sidney vai \u00e0 casa de Cida. J\u00e3o sugere que Madalena procure um advogado. Joyce v\u00ea Osmar no forr\u00f3 com Violeta.<\/p>\n<h2 style=\"color: #f57f17;\">Resumo de quinta-feira, 07 de novembro<\/h2>\n<p>Osmar chega a uma reuni\u00e3o de contraventores e se surpreende com a sua apresenta\u00e7\u00e3o. Madalena conversa com um advogado. J\u00f4 ajuda Osmar na reuni\u00e3o. Doralice pede que Rique preserve o emprego de Tereza. Osmar enfrenta Armando. Moreira arma para Chico. Tati assiste com Jin a um epis\u00f3dio de sua s\u00e9rie. Roxelle cai na arma\u00e7\u00e3o de Moreira. O barrac\u00e3o de bate-bolas pega fogo. Madalena se desespera ao ver Doralice no barrac\u00e3o em chamas e vai a seu socorro com J\u00e3o.<\/p>\n<figure id=\"attachment_70060\" aria-describedby=\"caption-attachment-70060\" style=\"width: 728px\" class=\"wp-caption alignnone\"><img data-recalc-dims=\"1\" decoding=\"async\" class=\"wp-image-70060 size-full\" title=\"(Foto: TV Globo\/Volta por Cima)\" src=\"https:\/\/i0.wp.com\/www.tvnovelas.com.br\/tvnews\/wp-content\/uploads\/2024\/11\/40363a.jpg?resize=728%2C413&#038;ssl=1\" alt=\"Foto em O que acontece em Volta por Cima na semana\" width=\"728\" height=\"413\" \/><figcaption id=\"caption-attachment-70060\" class=\"wp-caption-text\">Volta por Cima na semana&#8230;.<\/figcaption><\/figure>\n<h2 style=\"color: #f57f17;\">Resumo de sexta-feira, 08 de novembro<\/h2>\n<p>Tereza volta de viagem e decide ficar em casa com Jayme. Belisa desmaia quando Silvia mostra o di\u00e1rio que encontrou de sua av\u00f3. J\u00e3o ajuda as pessoas que est\u00e3o dentro do galp\u00e3o. Joyce percebe a tens\u00e3o de Belisa ao falar sobre o di\u00e1rio de Mariazinha. Osmar se diverte com Tati. Doralice \u00e9 levada para o hospital, e Jayme avisa a Osmar. Tati ouve Jin falar em coreano ao telefone e o questiona. Joyce descobre que Violeta encontrou seu brinco. Belisa afirma a Silvia que teme que Mariazinha tenha escrito seu segredo no di\u00e1rio que ela trouxe de Paris. J\u00e3o anuncia que o Drag\u00e3o Suburbano n\u00e3o desfilar\u00e1 no Carnaval. Silvia afirma a Belisa que n\u00e3o abrir\u00e1 o di\u00e1rio de sua av\u00f3. Madalena se enfurece ao ver que Doralice recebeu um convite para ir \u00e0 casa de Osmar.<\/p>\n<h2 style=\"color: #f57f17;\">Resumo de s\u00e1bado, 09 de novembro<\/h2>\n<p>Madalena tenta convencer Doralice a n\u00e3o ir \u00e0 casa de Osmar. Violeta leva Doralice at\u00e9 sua casa para falar com Osmar. Rosana pro\u00edbe Rique de pedir para Edson ajudar o Drag\u00e3o Suburbano. Sidney sente ci\u00fames de Cida com Alberto. Roxelle discute com Chico. Tati se anima ao receber uma mensagem de Nando. Sebastian incentiva Roxelle a usar Madalena para provocar Chico. Tati esconde os presentes que ganha de Osmar em sua mochila. Madalena encontra os presentes que Osmar comprou para Tati.<br \/>\n<!--FIM--><\/p>\n<div class=\"fb-comments\" data-width=\"100%\" data-order-by=\"reverse_time\" data-numposts=\"5\"><\/div>\n<p><h2>Mais:<\/h2>\r\n<p><a href=\"https:\/\/tvnovelas.com.br\/novelas\/resumos-de-volta-por-cima\/\" target=\"_blank\" rel=\"noopener\">Confira os resumos da semana de Volta por Cima'<\/a><\/p>\r\n<p><a href=\"https:\/\/wp.me\/pfspD2-T5\" target=\"_blank\" rel=\"noopener\">Volta por Cima: Entre os sonhos e a fam\u00edlia<\/a> (Sinopse)<\/p>\r\n<p><a href=\"https:\/\/pt.wikipedia.org\/wiki\/Volta_por_Cima_(telenovela)\" target=\"_blank\" rel=\"noopener\">Sobre Volta por Cima na Wikipedia<\/a><\/p>\r\n<p><a href=\"https:\/\/tvnovelas.com.br\/novelas\/\" target=\"_blank\" rel=\"noopener\">Resumos de todas as novelas<\/a><\/p>\r\n<p><strong style=\"font-size: 120%;\">\u00daltimas not\u00edcias de 'Volta por Cima':<\/strong><\/p>\r\n<div class=\"pt-cv-wrapper\"><div class=\"pt-cv-view pt-cv-grid pt-cv-colsys\" id=\"pt-cv-view-372c3953u7\"><div data-id=\"pt-cv-page-1\" class=\"pt-cv-page\" data-cvc=\"1\"><div class=\"col-md-12 col-sm-12 col-xs-12 pt-cv-content-item pt-cv-1-col\" ><div class='pt-cv-ifield'><h4 class=\"pt-cv-title\"><a href=\"https:\/\/www.tvnovelas.com.br\/tvnews\/volta-por-cima-onibus-de-lindomar-passa-por-outro-acidente-tragico\/\" class=\"_self\" target=\"_self\" >Volta por Cima: \u00d4nibus de Lindomar passa por outro acidente tr\u00e1gico<\/a><\/h4><\/div><\/div>\n<div class=\"col-md-12 col-sm-12 col-xs-12 pt-cv-content-item pt-cv-1-col\" ><div class='pt-cv-ifield'><h4 class=\"pt-cv-title\"><a href=\"https:\/\/www.tvnovelas.com.br\/tvnews\/volta-por-cima-osmar-descobre-que-vivinha-preservou-sua-vida\/\" class=\"_self\" target=\"_self\" >Volta por Cima: Osmar descobre que Vivinha preservou sua vida<\/a><\/h4><\/div><\/div>\n<div class=\"col-md-12 col-sm-12 col-xs-12 pt-cv-content-item pt-cv-1-col\" ><div class='pt-cv-ifield'><h4 class=\"pt-cv-title\"><a href=\"https:\/\/www.tvnovelas.com.br\/tvnews\/volta-por-cima-jao-salva-a-vida-de-nando\/\" class=\"_self\" target=\"_self\" >Volta por Cima: J\u00e3o salva a vida de Nando<\/a><\/h4><\/div><\/div>\n<div class=\"col-md-12 col-sm-12 col-xs-12 pt-cv-content-item pt-cv-1-col\" ><div class='pt-cv-ifield'><h4 class=\"pt-cv-title\"><a href=\"https:\/\/www.tvnovelas.com.br\/tvnews\/volta-por-cima-saia-justa-osmar-chama-joyce-de-vivinha\/\" class=\"_self\" target=\"_self\" >Volta por Cima: Saia justa: Osmar chama Joyce de Vivinha&#8230;<\/a><\/h4><\/div><\/div>\n<div class=\"col-md-12 col-sm-12 col-xs-12 pt-cv-content-item pt-cv-1-col\" ><div class='pt-cv-ifield'><h4 class=\"pt-cv-title\"><a href=\"https:\/\/www.tvnovelas.com.br\/tvnews\/volta-por-cima-doralice-consegue-doador-de-coracao-para-transplante\/\" class=\"_self\" target=\"_self\" >Volta por Cima: Doralice consegue doador de cora\u00e7\u00e3o para transplante<\/a><\/h4><\/div><\/div>\n<div class=\"col-md-12 col-sm-12 col-xs-12 pt-cv-content-item pt-cv-1-col\" ><div class='pt-cv-ifield'><h4 class=\"pt-cv-title\"><a href=\"https:\/\/www.tvnovelas.com.br\/tvnews\/volta-por-cima-violeta-beija-marco-e-aparece-com-ele-na-frente-de-osmar\/\" class=\"_self\" target=\"_self\" >Volta por Cima: Violeta beija Marco e aparece com ele na frente de Osmar<\/a><\/h4><\/div><\/div><\/div><\/div><\/div>\r\n<p><strong style=\"font-size: 120%;\">\u00daltimas not\u00edcias deste site:<\/strong><\/p>\r\n<div class=\"pt-cv-wrapper\"><div class=\"pt-cv-view pt-cv-grid pt-cv-colsys\" id=\"pt-cv-view-90991035b3\"><div data-id=\"pt-cv-page-1\" class=\"pt-cv-page\" data-cvc=\"1\"><div class=\"col-md-12 col-sm-12 col-xs-12 pt-cv-content-item pt-cv-1-col\" ><div class='pt-cv-ifield'><h4 class=\"pt-cv-title\"><a href=\"https:\/\/www.tvnovelas.com.br\/tvnews\/coracao-de-mae-irmak-inicia-jogo-arriscado-contra-adnan\/\" class=\"_self\" target=\"_self\" >Cora\u00e7\u00e3o de M\u00e3e: Irmak inicia jogo arriscado contra Adnan<\/a><\/h4><\/div><\/div>\n<div class=\"col-md-12 col-sm-12 col-xs-12 pt-cv-content-item pt-cv-1-col\" ><div class='pt-cv-ifield'><h4 class=\"pt-cv-title\"><a href=\"https:\/\/www.tvnovelas.com.br\/tvnews\/guerra-das-rosas-omer-chama-gulru-vestida-de-noiva-para-fugir\/\" class=\"_self\" target=\"_self\" >Guerra das Rosas: Omer chama Gulru vestida de noiva para fugir<\/a><\/h4><\/div><\/div>\n<div class=\"col-md-12 col-sm-12 col-xs-12 pt-cv-content-item pt-cv-1-col\" ><div class='pt-cv-ifield'><h4 class=\"pt-cv-title\"><a href=\"https:\/\/www.tvnovelas.com.br\/tvnews\/coracao-de-mae-reha-sai-para-jantar-com-selvi\/\" class=\"_self\" target=\"_self\" >Cora\u00e7\u00e3o de M\u00e3e: Reha sai para jantar com Selvi<\/a><\/h4><\/div><\/div>\n<div class=\"col-md-12 col-sm-12 col-xs-12 pt-cv-content-item pt-cv-1-col\" ><div class='pt-cv-ifield'><h4 class=\"pt-cv-title\"><a href=\"https:\/\/www.tvnovelas.com.br\/tvnews\/coracao-acelerado-zila-se-preocupa-com-sua-situacao-apos-separacao\/\" class=\"_self\" target=\"_self\" >Cora\u00e7\u00e3o Acelerado: Zil\u00e1 se preocupa com sua situa\u00e7\u00e3o ap\u00f3s separa\u00e7\u00e3o<\/a><\/h4><\/div><\/div>\n<div class=\"col-md-12 col-sm-12 col-xs-12 pt-cv-content-item pt-cv-1-col\" ><div class='pt-cv-ifield'><h4 class=\"pt-cv-title\"><a href=\"https:\/\/www.tvnovelas.com.br\/tvnews\/a-nobreza-do-amor-tonho-nao-se-curva-diante-de-mirinho\/\" class=\"_self\" target=\"_self\" >A Nobreza do Amor: Tonho n\u00e3o se curva diante de Mirinho<\/a><\/h4><\/div><\/div>\n<div class=\"col-md-12 col-sm-12 col-xs-12 pt-cv-content-item pt-cv-1-col\" ><div class='pt-cv-ifield'><h4 class=\"pt-cv-title\"><a href=\"https:\/\/www.tvnovelas.com.br\/tvnews\/tres-gracas-arminda-surta-ao-confirmar-que-ferette-e-pai-de-raul\/\" class=\"_self\" target=\"_self\" >Tr\u00eas Gra\u00e7as:  Arminda surta ao confirmar que Ferette \u00e9 pai de Raul<\/a><\/h4><\/div><\/div>\n<div class=\"col-md-12 col-sm-12 col-xs-12 pt-cv-content-item pt-cv-1-col\" ><div class='pt-cv-ifield'><h4 class=\"pt-cv-title\"><a href=\"https:\/\/www.tvnovelas.com.br\/tvnews\/coracao-de-mae-atilla-confronta-hasan-e-exige-o-divorcio-de-lale\/\" class=\"_self\" target=\"_self\" >Cora\u00e7\u00e3o de M\u00e3e: Atilla confronta Hasan e exige o div\u00f3rcio de Lale<\/a><\/h4><\/div><\/div>\n<div class=\"col-md-12 col-sm-12 col-xs-12 pt-cv-content-item pt-cv-1-col\" ><div class='pt-cv-ifield'><h4 class=\"pt-cv-title\"><a href=\"https:\/\/www.tvnovelas.com.br\/tvnews\/guerra-das-rosas-gulfem-coloca-gulru-contra-a-parede\/\" class=\"_self\" target=\"_self\" >Guerra das Rosas: Gulfem coloca Gulru contra a parede<\/a><\/h4><\/div><\/div>\n<div class=\"col-md-12 col-sm-12 col-xs-12 pt-cv-content-item pt-cv-1-col\" ><div class='pt-cv-ifield'><h4 class=\"pt-cv-title\"><a href=\"https:\/\/www.tvnovelas.com.br\/tvnews\/coracao-de-mae-atilla-diz-a-lale-que-quer-o-divorcio\/\" class=\"_self\" target=\"_self\" >Cora\u00e7\u00e3o de M\u00e3e: Atilla diz a Lale que quer o div\u00f3rcio<\/a><\/h4><\/div><\/div>\n<div class=\"col-md-12 col-sm-12 col-xs-12 pt-cv-content-item pt-cv-1-col\" ><div class='pt-cv-ifield'><h4 class=\"pt-cv-title\"><a href=\"https:\/\/www.tvnovelas.com.br\/tvnews\/a-nobreza-do-amor-mirinho-garante-noivado-com-virginia-para-atrair-sogro-a-negocio\/\" class=\"_self\" target=\"_self\" >A Nobreza do Amor: Mirinho garante noivado com Virg\u00ednia para atrair sogro a neg\u00f3cio<\/a><\/h4><\/div><\/div><\/div><\/div><\/div>\r\n<h3>Confira tamb\u00e9m<\/h3>\r\n<p><a href=\"https:\/\/www.tvnovelas.com.br\/filmes\/\" target=\"_blank\" rel=\"noopener noreferrer\"><strong>Programa\u00e7\u00e3o de filmes na TV aberta<\/strong><\/a><\/p>\r\n<p><a href=\"https:\/\/caetenews.com.br\/semana\/filmes-da-globo-na-sessao-da-tarde-desta-semana\/\" target=\"_blank\" rel=\"noopener\"><strong>Confira os filmes da semana na Sess\u00e3o da Tarde<\/strong><\/a><\/p>\r\n<p><a href=\"https:\/\/www.tvnovelas.com.br\/novelas\/\"><strong>Confira os resumos da semana de todas novelas<\/strong><\/a><\/p><br \/>\n<a href=\"https:\/\/tvnovelas.com.br\/filmes\/filmes-na-tv-segunda\/\" target=\"_blank\" rel=\"noopener\">Confira a Progrma\u00e7\u00e3o de Filmes na TV aberta<\/a><br \/>\n<a href=\"https:\/\/pt.wikipedia.org\/wiki\/Volta_por_Cima_(telenovela)\" target=\"_blank\" rel=\"noopener\">Sobre Volta por Cima na Wikipedia<\/a><br \/>\n<a href=\"https:\/\/www.tvnovelas.com.br\/tvnews\/\" target=\"_blank\" rel=\"noopener\">\u00daltimas not\u00edcias das novelas<\/a><\/p>\n","protected":false},"excerpt":{"rendered":"<p>Volta por Cima na semana&#8230;  Nos pr\u00f3ximos cap\u00edtulos de Volta por Cima Madalena confronta Osmar; J\u00e3o confronta Neuza sobre a carona que pegou com Edson&#8230;<\/p>\n","protected":false},"author":1,"featured_media":70060,"comment_status":"closed","ping_status":"closed","sticky":false,"template":"","format":"standard","meta":{"_uf_show_specific_survey":0,"_uf_disable_surveys":false,"_jetpack_memberships_contains_paid_content":false,"footnotes":"","_wp_rev_ctl_limit":""},"categories":[807],"tags":[5,64,808],"class_list":["post-70057","post","type-post","status-publish","format-standard","has-post-thumbnail","hentry","category-volta-por-cima","tag-globo","tag-novelas","tag-volta-por-cima","wpcat-807-id"],"aioseo_notices":[],"jetpack_featured_media_url":"https:\/\/i0.wp.com\/www.tvnovelas.com.br\/tvnews\/wp-content\/uploads\/2024\/11\/40363a.jpg?fit=728%2C413&ssl=1","jetpack_shortlink":"https:\/\/wp.me\/pdP2BO-idX","jetpack_sharing_enabled":true,"_links":{"self":[{"href":"https:\/\/www.tvnovelas.com.br\/tvnews\/wp-json\/wp\/v2\/posts\/70057","targetHints":{"allow":["GET"]}}],"collection":[{"href":"https:\/\/www.tvnovelas.com.br\/tvnews\/wp-json\/wp\/v2\/posts"}],"about":[{"href":"https:\/\/www.tvnovelas.com.br\/tvnews\/wp-json\/wp\/v2\/types\/post"}],"author":[{"embeddable":true,"href":"https:\/\/www.tvnovelas.com.br\/tvnews\/wp-json\/wp\/v2\/users\/1"}],"replies":[{"embeddable":true,"href":"https:\/\/www.tvnovelas.com.br\/tvnews\/wp-json\/wp\/v2\/comments?post=70057"}],"version-history":[{"count":3,"href":"https:\/\/www.tvnovelas.com.br\/tvnews\/wp-json\/wp\/v2\/posts\/70057\/revisions"}],"predecessor-version":[{"id":70070,"href":"https:\/\/www.tvnovelas.com.br\/tvnews\/wp-json\/wp\/v2\/posts\/70057\/revisions\/70070"}],"wp:featuredmedia":[{"embeddable":true,"href":"https:\/\/www.tvnovelas.com.br\/tvnews\/wp-json\/wp\/v2\/media\/70060"}],"wp:attachment":[{"href":"https:\/\/www.tvnovelas.com.br\/tvnews\/wp-json\/wp\/v2\/media?parent=70057"}],"wp:term":[{"taxonomy":"category","embeddable":true,"href":"https:\/\/www.tvnovelas.com.br\/tvnews\/wp-json\/wp\/v2\/categories?post=70057"},{"taxonomy":"post_tag","embeddable":true,"href":"https:\/\/www.tvnovelas.com.br\/tvnews\/wp-json\/wp\/v2\/tags?post=70057"}],"curies":[{"name":"wp","href":"https:\/\/api.w.org\/{rel}","templated":true}]}}