{"id":70166,"date":"2024-11-05T17:07:34","date_gmt":"2024-11-05T20:07:34","guid":{"rendered":"https:\/\/www.tvnovelas.com.br\/tvnews\/?p=70166"},"modified":"2024-11-06T09:11:37","modified_gmt":"2024-11-06T12:11:37","slug":"alma-gemea-cristina-e-ivan-ameacam-alexandra-em-busca-das-joias","status":"publish","type":"post","link":"https:\/\/www.tvnovelas.com.br\/tvnews\/alma-gemea-cristina-e-ivan-ameacam-alexandra-em-busca-das-joias\/","title":{"rendered":"Alma G\u00eamea: Cristina e Ivan amea\u00e7am Alexandra em busca das joias"},"content":{"rendered":"<p><em>Alma G\u00eamea: Cristina e Ivan&#8230;<\/em><br \/>\n<figure id=\"attachment_70167\" aria-describedby=\"caption-attachment-70167\" style=\"width: 728px\" class=\"wp-caption alignnone\"><img data-recalc-dims=\"1\" decoding=\"async\" class=\"wp-image-70167 size-full\" title=\"(Foto: Reprodu\u00e7\u00e3o\/TV Globo\/Alma G\u00eamea)\" src=\"https:\/\/i0.wp.com\/www.tvnovelas.com.br\/tvnews\/wp-content\/uploads\/2024\/11\/40388.jpg?resize=728%2C410&#038;ssl=1\" alt=\"Foto em Alma G\u00eamea: Cristina e Ivan...\" width=\"728\" height=\"410\" \/><figcaption id=\"caption-attachment-70167\" class=\"wp-caption-text\">Alma G\u00eamea: Cristina e Ivan&#8230;<\/figcaption><\/figure><\/p>\n<p>No cap\u00edtulo de \ud835\udd38\ud835\udd5d\ud835\udd5e\ud835\udd52 \ud835\udd3e\u00ea\ud835\udd5e\ud835\udd56\ud835\udd52 desta quarta, dia 06, Serena confessa para Felipe que algo de ruim ligado \u00e0s joias ainda vai acontecer. Depois, ela diz para Rafael que as joias t\u00eam uma maldi\u00e7\u00e3o. Enquanto isto, Cristina e Ivan esperam Eduardo deixar Alexandra sozinha em casa e fazem um interrogat\u00f3rio para que ela conte onde est\u00e3o as joias&#8230; Confira o resumo do dia na \u00edntegra:<\/p>\n<h2 style=\"color: #f57f17;\">Resumo de quarta-feira, 06 de novembro<\/h2>\n<p>Agnes fica emocionada ao ver a filha no espelho. Serena concorda em ficar com as joias, mas explica para Rafael que n\u00e3o vai us\u00e1-las nunca, pois elas s\u00e3o carregadas de tristeza. D\u00e9bora convence Ivan a ajud\u00e1-la a dar um jeito em Rafael. Roberval acha que Dalila o traiu e a expulsa de casa. Dalila tenta se explicar, em v\u00e3o. Carlito repreende Raul.<\/p>\n<p>Roberval leva Dalila de volta \u00e0 pens\u00e3o e Roberval sofre. Cristina garante a D\u00e9bora que as joias ainda ser\u00e3o suas. Ciro mostra a Agnes que encontrou um caderno na maleta e diz que ali pode estar a prova do envolvimento de Cristina na morte de Luna. Serena confessa para Felipe que algo de ruim ligado \u00e0s joias ainda vai acontecer. Crispim aconselha Mirna a perdoar Jorge para que ele possa se casar com K\u00e1tia. Dalila conta para Osvaldo que Roberval a expulsou de casa. Osvaldo chama Vit\u00f3rio e H\u00e9lio para tomarem satisfa\u00e7\u00f5es com Roberval. Roberval conta que viu Dalila beijando Raul e Osvaldo fica furioso.<\/p>\n<p>Dalila garante que vai provar sua inoc\u00eancia. Guto agradece Alexandra, que lhe mostra o caminho da luz. Serena diz para Rafael que as joias t\u00eam uma maldi\u00e7\u00e3o. Guto sente que ainda n\u00e3o \u00e9 hora de seguir a luz. H\u00e9lio diz a Dalila que j\u00e1 sabe como ela pode provar que n\u00e3o est\u00e1 envolvida com Raul. Serena, Rafael e v\u00e1rios amigos molham as rosas com a \u00e1gua misturada com fumo de rolo. H\u00e9lio garante a Roberval que Dalila vai lhe provar que n\u00e3o gosta mais de Raul, mas ele n\u00e3o acredita. Cristina e Ivan esperam Eduardo deixar Alexandra sozinha em casa e fazem um interrogat\u00f3rio para que ela conte onde est\u00e3o as joias.<br \/>\n<!--FIM DO POST--><\/p>\n<div class=\"fb-comments\" data-width=\"100%\" data-order-by=\"reverse_time\" data-numposts=\"5\"><\/div>\n<p><strong style=\"font-size: 120%;\">\u00daltimas not\u00edcias deste canal:<\/strong>\r\n<div class=\"pt-cv-wrapper\"><div class=\"pt-cv-view pt-cv-grid pt-cv-colsys\" id=\"pt-cv-view-90991035b3\"><div data-id=\"pt-cv-page-1\" class=\"pt-cv-page\" data-cvc=\"1\"><div class=\"col-md-12 col-sm-12 col-xs-12 pt-cv-content-item pt-cv-1-col\" ><div class='pt-cv-ifield'><h4 class=\"pt-cv-title\"><a href=\"https:\/\/www.tvnovelas.com.br\/tvnews\/coracao-de-mae-irmak-inicia-jogo-arriscado-contra-adnan\/\" class=\"_self\" target=\"_self\" >Cora\u00e7\u00e3o de M\u00e3e: Irmak inicia jogo arriscado contra Adnan<\/a><\/h4><\/div><\/div>\n<div class=\"col-md-12 col-sm-12 col-xs-12 pt-cv-content-item pt-cv-1-col\" ><div class='pt-cv-ifield'><h4 class=\"pt-cv-title\"><a href=\"https:\/\/www.tvnovelas.com.br\/tvnews\/guerra-das-rosas-omer-chama-gulru-vestida-de-noiva-para-fugir\/\" class=\"_self\" target=\"_self\" >Guerra das Rosas: Omer chama Gulru vestida de noiva para fugir<\/a><\/h4><\/div><\/div>\n<div class=\"col-md-12 col-sm-12 col-xs-12 pt-cv-content-item pt-cv-1-col\" ><div class='pt-cv-ifield'><h4 class=\"pt-cv-title\"><a href=\"https:\/\/www.tvnovelas.com.br\/tvnews\/coracao-de-mae-reha-sai-para-jantar-com-selvi\/\" class=\"_self\" target=\"_self\" >Cora\u00e7\u00e3o de M\u00e3e: Reha sai para jantar com Selvi<\/a><\/h4><\/div><\/div>\n<div class=\"col-md-12 col-sm-12 col-xs-12 pt-cv-content-item pt-cv-1-col\" ><div class='pt-cv-ifield'><h4 class=\"pt-cv-title\"><a href=\"https:\/\/www.tvnovelas.com.br\/tvnews\/coracao-acelerado-zila-se-preocupa-com-sua-situacao-apos-separacao\/\" class=\"_self\" target=\"_self\" >Cora\u00e7\u00e3o Acelerado: Zil\u00e1 se preocupa com sua situa\u00e7\u00e3o ap\u00f3s separa\u00e7\u00e3o<\/a><\/h4><\/div><\/div>\n<div class=\"col-md-12 col-sm-12 col-xs-12 pt-cv-content-item pt-cv-1-col\" ><div class='pt-cv-ifield'><h4 class=\"pt-cv-title\"><a href=\"https:\/\/www.tvnovelas.com.br\/tvnews\/a-nobreza-do-amor-tonho-nao-se-curva-diante-de-mirinho\/\" class=\"_self\" target=\"_self\" >A Nobreza do Amor: Tonho n\u00e3o se curva diante de Mirinho<\/a><\/h4><\/div><\/div>\n<div class=\"col-md-12 col-sm-12 col-xs-12 pt-cv-content-item pt-cv-1-col\" ><div class='pt-cv-ifield'><h4 class=\"pt-cv-title\"><a href=\"https:\/\/www.tvnovelas.com.br\/tvnews\/tres-gracas-arminda-surta-ao-confirmar-que-ferette-e-pai-de-raul\/\" class=\"_self\" target=\"_self\" >Tr\u00eas Gra\u00e7as:  Arminda surta ao confirmar que Ferette \u00e9 pai de Raul<\/a><\/h4><\/div><\/div>\n<div class=\"col-md-12 col-sm-12 col-xs-12 pt-cv-content-item pt-cv-1-col\" ><div class='pt-cv-ifield'><h4 class=\"pt-cv-title\"><a href=\"https:\/\/www.tvnovelas.com.br\/tvnews\/coracao-de-mae-atilla-confronta-hasan-e-exige-o-divorcio-de-lale\/\" class=\"_self\" target=\"_self\" >Cora\u00e7\u00e3o de M\u00e3e: Atilla confronta Hasan e exige o div\u00f3rcio de Lale<\/a><\/h4><\/div><\/div>\n<div class=\"col-md-12 col-sm-12 col-xs-12 pt-cv-content-item pt-cv-1-col\" ><div class='pt-cv-ifield'><h4 class=\"pt-cv-title\"><a href=\"https:\/\/www.tvnovelas.com.br\/tvnews\/guerra-das-rosas-gulfem-coloca-gulru-contra-a-parede\/\" class=\"_self\" target=\"_self\" >Guerra das Rosas: Gulfem coloca Gulru contra a parede<\/a><\/h4><\/div><\/div>\n<div class=\"col-md-12 col-sm-12 col-xs-12 pt-cv-content-item pt-cv-1-col\" ><div class='pt-cv-ifield'><h4 class=\"pt-cv-title\"><a href=\"https:\/\/www.tvnovelas.com.br\/tvnews\/coracao-de-mae-atilla-diz-a-lale-que-quer-o-divorcio\/\" class=\"_self\" target=\"_self\" >Cora\u00e7\u00e3o de M\u00e3e: Atilla diz a Lale que quer o div\u00f3rcio<\/a><\/h4><\/div><\/div>\n<div class=\"col-md-12 col-sm-12 col-xs-12 pt-cv-content-item pt-cv-1-col\" ><div class='pt-cv-ifield'><h4 class=\"pt-cv-title\"><a href=\"https:\/\/www.tvnovelas.com.br\/tvnews\/a-nobreza-do-amor-mirinho-garante-noivado-com-virginia-para-atrair-sogro-a-negocio\/\" class=\"_self\" target=\"_self\" >A Nobreza do Amor: Mirinho garante noivado com Virg\u00ednia para atrair sogro a neg\u00f3cio<\/a><\/h4><\/div><\/div><\/div><\/div><\/div>\r\n<a href=\"https:\/\/www.tvnovelas.com.br\/novelas\/\"><strong>Confira os resumos da semana de todas novelas<\/strong><\/a><\/br>\r\n<h3>Confira tamb\u00e9m<\/h3>\r\n<a href=\"https:\/\/www.tvnovelas.com.br\/filmes\/\" target=\"_blank\" rel=\"noopener noreferrer\"><strong>Programa\u00e7\u00e3o de filmes na TV aberta<\/strong><\/a><\/br>\r\n<a href=\"https:\/\/caetenews.com.br\/semana\/filmes-da-globo-na-sessao-da-tarde-desta-semana\/\" target=\"_blank\" rel=\"noopener\"><strong>Confira os filmes da semana na Sess\u00e3o da Tarde<\/strong><\/a><\/br>\r\n<a href=\"https:\/\/www.tvnovelas.com.br\/novelas\/\" target=\"_blank\" rel=\"noopener noreferrer\"><strong>Resumos de novelas<\/strong><\/a><\/br>\r\n<a href=\"https:\/\/tvnovelas.com.br\/news\/mundo\/\" rel=\"noopener\" target=\"_blank\"><strong>News: Turismo, Cultura, Lazer e Entretenimento<\/strong><\/a><br \/>\n<a href=\"https:\/\/wp.me\/pfspD2-5Y\">Alma G\u00eamea: Um amor eterno<\/a><br \/>\n<a href=\"https:\/\/tvnovelas.com.br\/page2\/arquivo\/alma-gemea-quem-e-quem\/\">Alma G\u00eamea: Principais personagens<\/a><br \/>\n<a href=\"https:\/\/pt.wikipedia.org\/wiki\/Alma_G\u00eamea\" target=\"_blank\" rel=\"noopener\">Sobre Alma G\u00eamea na Wikipedia<\/a><br \/>\n<a href=\"https:\/\/www.facebook.com\/tevenovelas\/\">\u00daltimas not\u00edcias do TV Novelas no Facebook<\/a><br \/>\n<a href=\"https:\/\/tvnovelas.com.br\/novelas\/\">Resumos de todas as novelas<\/a><\/p>\n","protected":false},"excerpt":{"rendered":"<p>Alma G\u00eamea: Cristina e Ivan&#8230; No cap\u00edtulo de \ud835\udd38\ud835\udd5d\ud835\udd5e\ud835\udd52 \ud835\udd3e\u00ea\ud835\udd5e\ud835\udd56\ud835\udd52 desta quarta, dia 06, Serena confessa para Felipe que algo de ruim ligado \u00e0s joias ainda vai acontecer&#8230;<\/p>\n","protected":false},"author":1,"featured_media":70167,"comment_status":"closed","ping_status":"closed","sticky":false,"template":"","format":"standard","meta":{"_uf_show_specific_survey":0,"_uf_disable_surveys":false,"_jetpack_memberships_contains_paid_content":false,"footnotes":"","_wp_rev_ctl_limit":""},"categories":[236],"tags":[768,5,64],"class_list":["post-70166","post","type-post","status-publish","format-standard","has-post-thumbnail","hentry","category-globo","tag-alma-gemea","tag-globo","tag-novelas","wpcat-236-id"],"aioseo_notices":[],"jetpack_featured_media_url":"https:\/\/i0.wp.com\/www.tvnovelas.com.br\/tvnews\/wp-content\/uploads\/2024\/11\/40388.jpg?fit=728%2C410&ssl=1","jetpack_shortlink":"https:\/\/wp.me\/pdP2BO-ifI","jetpack_sharing_enabled":true,"_links":{"self":[{"href":"https:\/\/www.tvnovelas.com.br\/tvnews\/wp-json\/wp\/v2\/posts\/70166","targetHints":{"allow":["GET"]}}],"collection":[{"href":"https:\/\/www.tvnovelas.com.br\/tvnews\/wp-json\/wp\/v2\/posts"}],"about":[{"href":"https:\/\/www.tvnovelas.com.br\/tvnews\/wp-json\/wp\/v2\/types\/post"}],"author":[{"embeddable":true,"href":"https:\/\/www.tvnovelas.com.br\/tvnews\/wp-json\/wp\/v2\/users\/1"}],"replies":[{"embeddable":true,"href":"https:\/\/www.tvnovelas.com.br\/tvnews\/wp-json\/wp\/v2\/comments?post=70166"}],"version-history":[{"count":2,"href":"https:\/\/www.tvnovelas.com.br\/tvnews\/wp-json\/wp\/v2\/posts\/70166\/revisions"}],"predecessor-version":[{"id":70178,"href":"https:\/\/www.tvnovelas.com.br\/tvnews\/wp-json\/wp\/v2\/posts\/70166\/revisions\/70178"}],"wp:featuredmedia":[{"embeddable":true,"href":"https:\/\/www.tvnovelas.com.br\/tvnews\/wp-json\/wp\/v2\/media\/70167"}],"wp:attachment":[{"href":"https:\/\/www.tvnovelas.com.br\/tvnews\/wp-json\/wp\/v2\/media?parent=70166"}],"wp:term":[{"taxonomy":"category","embeddable":true,"href":"https:\/\/www.tvnovelas.com.br\/tvnews\/wp-json\/wp\/v2\/categories?post=70166"},{"taxonomy":"post_tag","embeddable":true,"href":"https:\/\/www.tvnovelas.com.br\/tvnews\/wp-json\/wp\/v2\/tags?post=70166"}],"curies":[{"name":"wp","href":"https:\/\/api.w.org\/{rel}","templated":true}]}}