{"id":70219,"date":"2024-11-07T08:59:29","date_gmt":"2024-11-07T11:59:29","guid":{"rendered":"https:\/\/www.tvnovelas.com.br\/tvnews\/?p=70219"},"modified":"2024-11-07T08:59:29","modified_gmt":"2024-11-07T11:59:29","slug":"garota-do-momento-beto-explode-ao-reencontrar-ligia","status":"publish","type":"post","link":"https:\/\/www.tvnovelas.com.br\/tvnews\/garota-do-momento-beto-explode-ao-reencontrar-ligia\/","title":{"rendered":"Garota do Momento: Beto explode ao reencontrar L\u00edgia"},"content":{"rendered":"<p><em>Em Garota do Momento: Beto explode&#8230;<\/em><\/p>\n<figure id=\"attachment_70220\" aria-describedby=\"caption-attachment-70220\" style=\"width: 728px\" class=\"wp-caption alignnone\"><img data-recalc-dims=\"1\" decoding=\"async\" class=\"wp-image-70220 size-full\" title=\"(Foto: TV Globo\/Garota do Momento)\" src=\"https:\/\/i0.wp.com\/www.tvnovelas.com.br\/tvnews\/wp-content\/uploads\/2024\/11\/10243.jpg?resize=728%2C410&#038;ssl=1\" alt=\"Foto em Garota do Momento: Beto explode\" width=\"728\" height=\"410\" \/><figcaption id=\"caption-attachment-70220\" class=\"wp-caption-text\">Garota do Momento: Beto explode&#8230;<\/figcaption><\/figure>\n<p>Em Garota do Momento, as coisas n\u00e3o est\u00e3o f\u00e1ceis para Beto (Pedro Novaes). Ap\u00f3s levar um flagra ao lado de Beatriz (Duda Santos), jovem que fez seu cora\u00e7\u00e3o bater mais forte, mas ser obrigado a reatar com Bia (Maisa), por Juliano (Fabio Assun\u00e7\u00e3o), o fotojornalista esbarra com a m\u00e3e, L\u00edgia (Palomma Duarte, ao sair do hospital. Sem gra\u00e7a, ela tenta se aproximar do filho, mas \u00e9 dispensada.<\/p>\n<p>L\u00edgia abandonou a fam\u00edlia quando os filhos ainda eram crian\u00e7as para trabalhar como cantora. Desde ent\u00e3o, ela nunca mais pisou no apartamento por ordem de Raimundo (Danton Mello), que fez quest\u00e3o de afast\u00e1-la dos filhos.<\/p>\n<p>Vera (Tatiana Tib\u00farcio) fica tocada ao ouvir o desabafo de Beto, que sempre faz quest\u00e3o de ressaltar que n\u00e3o deve nada a m\u00e3e. &#8220;N\u00f3s n\u00e3o temos nada para falar um para o outro. Ela escolheu abandonar a fam\u00edlia dela e n\u00e3o se arrependeu por isso. Agora me diz: que tipo de m\u00e3e abandona o filho? Tr\u00eas filhos. \u00c9 muita crueldade&#8221;.<\/p>\n<p>&#8220;Voc\u00ea precisa entender que a sua m\u00e3e era como um p\u00e1ssaro, preso numa gaiola. Ela precisava ser livre ou n\u00e3o ia sobreviver&#8221;, explica Vera.<\/p>\n<p>&#8220;N\u00e3o tivesse tido filhos, ent\u00e3o. Ego\u00edsta&#8221;, retruca o jovem.<\/p>\n<p>&#8220;Eu posso falar porque vi de perto. A L\u00edgia tentou se aproximar de voc\u00eas v\u00e1rias vezes. Mas o seu pai n\u00e3o deixou&#8221;, ressalta ela.<\/p>\n<p>Mas n\u00e3o demora muito para Beto lembrar do que Juliano falou: &#8220;N\u00e3o se abandona uma pessoa que ama a gente&#8221;.<br \/>\n<!--END--><\/p>\n<div class=\"fb-comments\" data-width=\"100%\" data-order-by=\"reverse_time\" data-numposts=\"5\"><\/div>\n<h2>\u00daltimas publica\u00e7\u00f5es de Garota do Momento<\/h2>\n<div class=\"pt-cv-wrapper\"><div class=\"pt-cv-view pt-cv-grid pt-cv-colsys\" id=\"pt-cv-view-54854578lu\"><div data-id=\"pt-cv-page-1\" class=\"pt-cv-page\" data-cvc=\"1\"><div class=\"col-md-12 col-sm-12 col-xs-12 pt-cv-content-item pt-cv-1-col\" ><div class='pt-cv-ifield'><h4 class=\"pt-cv-title\"><a href=\"https:\/\/www.tvnovelas.com.br\/tvnews\/garota-do-momento-beatriz-e-beto-se-casam\/\" class=\"_self\" target=\"_self\" >Garota do Momento: Beatriz e Beto se casam<\/a><\/h4><\/div><\/div>\n<div class=\"col-md-12 col-sm-12 col-xs-12 pt-cv-content-item pt-cv-1-col\" ><div class='pt-cv-ifield'><h4 class=\"pt-cv-title\"><a href=\"https:\/\/www.tvnovelas.com.br\/tvnews\/garota-do-momento-clarice-sequestrada-por-juliano-desespera-beatriz\/\" class=\"_self\" target=\"_self\" >Garota do Momento: Clarice sequestrada por Juliano desespera Beatriz<\/a><\/h4><\/div><\/div>\n<div class=\"col-md-12 col-sm-12 col-xs-12 pt-cv-content-item pt-cv-1-col\" ><div class='pt-cv-ifield'><h4 class=\"pt-cv-title\"><a href=\"https:\/\/www.tvnovelas.com.br\/tvnews\/garota-do-momento-clarice-cospe-na-cara-de-maristela\/\" class=\"_self\" target=\"_self\" >Garota do Momento: Clarice cospe na cara de Maristela<\/a><\/h4><\/div><\/div>\n<div class=\"col-md-12 col-sm-12 col-xs-12 pt-cv-content-item pt-cv-1-col\" ><div class='pt-cv-ifield'><h4 class=\"pt-cv-title\"><a href=\"https:\/\/www.tvnovelas.com.br\/tvnews\/garota-do-momento-ligia-emociona-ao-dedicar-nova-musica-a-raimundo\/\" class=\"_self\" target=\"_self\" >Garota do Momento: Ligia emociona ao dedicar nova m\u00fasica a Raimundo<\/a><\/h4><\/div><\/div>\n<div class=\"col-md-12 col-sm-12 col-xs-12 pt-cv-content-item pt-cv-1-col\" ><div class='pt-cv-ifield'><h4 class=\"pt-cv-title\"><a href=\"https:\/\/www.tvnovelas.com.br\/tvnews\/garota-do-momento-zelia-beatriz-e-basilio-unidos-para-desmascarar-juliano\/\" class=\"_self\" target=\"_self\" >Garota do Momento: Z\u00e9lia, Beatriz e Bas\u00edlio unidos para desmascarar Juliano<\/a><\/h4><\/div><\/div>\n<div class=\"col-md-12 col-sm-12 col-xs-12 pt-cv-content-item pt-cv-1-col\" ><div class='pt-cv-ifield'><h4 class=\"pt-cv-title\"><a href=\"https:\/\/www.tvnovelas.com.br\/tvnews\/garota-do-momento-ligia-confessa-que-ama-raimundo-e-quer-voltar\/\" class=\"_self\" target=\"_self\" >Garota do Momento: Ligia confessa que ama Raimundo e quer voltar<\/a><\/h4><\/div><\/div><\/div><\/div><\/div>\n<h2>\u00daltimas not\u00edcias das novelas<\/h2>\n<p>[wp-rss-aggregator feeds=&#8221;todas&#8221;]<br \/>\n<a href=\"https:\/\/wp.me\/pfspD2-Ti\" target=\"_blank\" rel=\"noopener\"><strong>Garota do Momento: A saga dos Alencar<\/strong><\/a> (Sinopse)<br \/>\n<a href=\"https:\/\/tvnovelas.com.br\/filmes\/filmes-na-tv-segunda\/\" target=\"_blank\" rel=\"noopener\">Confira a programa\u00e7\u00e3o de filmes na TV aberta<\/a><br \/>\n<a href=\"https:\/\/www.tvnovelas.com.br\/tvnews\/\">\u00daltimas not\u00edcias de todas as novelas<\/a><\/p>\n","protected":false},"excerpt":{"rendered":"<p>Garota do Momento: Beto explode&#8230; Em Garota do Momento, as coisas n\u00e3o est\u00e3o f\u00e1ceis para Beto (Pedro Novaes). Ap\u00f3s levar um flagra ao lado&#8230;<\/p>\n","protected":false},"author":1,"featured_media":70220,"comment_status":"closed","ping_status":"closed","sticky":false,"template":"","format":"standard","meta":{"_uf_show_specific_survey":0,"_uf_disable_surveys":false,"_jetpack_memberships_contains_paid_content":false,"footnotes":"","_wp_rev_ctl_limit":""},"categories":[812],"tags":[813,5,64],"class_list":["post-70219","post","type-post","status-publish","format-standard","has-post-thumbnail","hentry","category-garota-do-momento","tag-garota-do-momento","tag-globo","tag-novelas","wpcat-812-id"],"aioseo_notices":[],"jetpack_featured_media_url":"https:\/\/i0.wp.com\/www.tvnovelas.com.br\/tvnews\/wp-content\/uploads\/2024\/11\/10243.jpg?fit=728%2C410&ssl=1","jetpack_shortlink":"https:\/\/wp.me\/pdP2BO-igz","jetpack_sharing_enabled":true,"_links":{"self":[{"href":"https:\/\/www.tvnovelas.com.br\/tvnews\/wp-json\/wp\/v2\/posts\/70219","targetHints":{"allow":["GET"]}}],"collection":[{"href":"https:\/\/www.tvnovelas.com.br\/tvnews\/wp-json\/wp\/v2\/posts"}],"about":[{"href":"https:\/\/www.tvnovelas.com.br\/tvnews\/wp-json\/wp\/v2\/types\/post"}],"author":[{"embeddable":true,"href":"https:\/\/www.tvnovelas.com.br\/tvnews\/wp-json\/wp\/v2\/users\/1"}],"replies":[{"embeddable":true,"href":"https:\/\/www.tvnovelas.com.br\/tvnews\/wp-json\/wp\/v2\/comments?post=70219"}],"version-history":[{"count":1,"href":"https:\/\/www.tvnovelas.com.br\/tvnews\/wp-json\/wp\/v2\/posts\/70219\/revisions"}],"predecessor-version":[{"id":70221,"href":"https:\/\/www.tvnovelas.com.br\/tvnews\/wp-json\/wp\/v2\/posts\/70219\/revisions\/70221"}],"wp:featuredmedia":[{"embeddable":true,"href":"https:\/\/www.tvnovelas.com.br\/tvnews\/wp-json\/wp\/v2\/media\/70220"}],"wp:attachment":[{"href":"https:\/\/www.tvnovelas.com.br\/tvnews\/wp-json\/wp\/v2\/media?parent=70219"}],"wp:term":[{"taxonomy":"category","embeddable":true,"href":"https:\/\/www.tvnovelas.com.br\/tvnews\/wp-json\/wp\/v2\/categories?post=70219"},{"taxonomy":"post_tag","embeddable":true,"href":"https:\/\/www.tvnovelas.com.br\/tvnews\/wp-json\/wp\/v2\/tags?post=70219"}],"curies":[{"name":"wp","href":"https:\/\/api.w.org\/{rel}","templated":true}]}}