{"id":70267,"date":"2024-11-08T12:56:07","date_gmt":"2024-11-08T15:56:07","guid":{"rendered":"https:\/\/www.tvnovelas.com.br\/tvnews\/?p=70267"},"modified":"2024-11-08T12:59:07","modified_gmt":"2024-11-08T15:59:07","slug":"o-que-vai-passar-na-semana-de-a-caverna-encantada","status":"publish","type":"post","link":"https:\/\/www.tvnovelas.com.br\/tvnews\/o-que-vai-passar-na-semana-de-a-caverna-encantada\/","title":{"rendered":"O que vai passar na semana de A Caverna Encantada"},"content":{"rendered":"<p><em>Na semana de A Caverna Encantada<\/em><\/p>\n<div style=\"background-color: #d7ccc8;\">\n<figure id=\"attachment_70270\" aria-describedby=\"caption-attachment-70270\" style=\"width: 728px\" class=\"wp-caption alignnone\"><img data-recalc-dims=\"1\" decoding=\"async\" class=\"wp-image-70270 size-full\" title=\"(Foto: Lourival Ribeiro\/SBT\/A Caverna Encantada)\" src=\"https:\/\/i0.wp.com\/www.tvnovelas.com.br\/tvnews\/wp-content\/uploads\/2024\/11\/40403a.jpg?resize=728%2C410&#038;ssl=1\" alt=\"Foto em Na semana de A Caverna Encantada\" width=\"728\" height=\"410\" \/><figcaption id=\"caption-attachment-70270\" class=\"wp-caption-text\">Na semana de A Caverna Encantada<\/figcaption><\/figure><\/p>\n<blockquote><p>\n<strong style=\"color: #616161;\">Nos pr\u00f3ximos cap\u00edtulos de A Caverna Encantada <\/strong>Norma fica perto de ser dona do col\u00e9gio. Ela revela a Anna que agora \u00e9 sua m\u00e3e e apresenta a declara\u00e7\u00e3o da guarda da menina&#8230;.<\/p><\/blockquote>\n<\/div>\n<h2 style=\"color: #795548;\">Resumo de segunda-feira, 11 de novembro<\/h2>\n<p>Nina surge na Caverna Encantada e pergunta para Anna, Manu e Isadora por que est\u00e3o escondendo a gruta. Gabriel leva Pedro, Felipe e Andr\u00e9 at\u00e9 a casa de Goma Behr para consertar o rel\u00f3gio de Binho. Felipe mexe em um dos rel\u00f3gios na casa de Goma e acaba congelando o tempo. Todos os adultos da Cidade de Milagres param no tempo. Ap\u00f3s sumir por um tempo, Binho reaparece no col\u00e9gio.<\/p>\n<h2 style=\"color: #795548;\">Resumo de ter\u00e7a-feira, 12 de novembro<\/h2>\n<p>Norma est\u00e1 perto de ser dona do col\u00e9gio. Binho avisa os meninos que, enquanto estava sumido, na verdade, estava na Caverna Encantada. Binho mostra o mundo m\u00e1gico aos amigos e sinaliza que a entrada \u00e9 feita pela toca dos Lu\u00edses. No lago da caverna, Felipe encontra e pega o diamante falante de Safira. Norma revela a Anna que agora \u00e9 sua m\u00e3e e apresenta a declara\u00e7\u00e3o da guarda da menina. Anna afirma que sua m\u00e3e \u00e9 Catarina. Norma faz de tudo para agradar Anna e at\u00e9 prepara o jogo do Foguetinho [cl\u00e1ssico do Programa Silvio Santos] para presente\u00e1-la com brinquedos.<\/p>\n<figure id=\"attachment_70271\" aria-describedby=\"caption-attachment-70271\" style=\"width: 728px\" class=\"wp-caption alignnone\"><img data-recalc-dims=\"1\" decoding=\"async\" class=\"wp-image-70271 size-full\" title=\"(Foto: Lourival Ribeiro\/SBT\/A Caverna Encantada)\" src=\"https:\/\/i0.wp.com\/www.tvnovelas.com.br\/tvnews\/wp-content\/uploads\/2024\/11\/40403b.jpg?resize=728%2C410&#038;ssl=1\" alt=\"Foto em Na semana de A Caverna Encantada\" width=\"728\" height=\"410\" \/><figcaption id=\"caption-attachment-70271\" class=\"wp-caption-text\">Na semana de A Caverna Encantada<\/figcaption><\/figure>\n<h2 style=\"color: #795548;\">Resumo de quarta-feira, 13 de novembro<\/h2>\n<p>Lav\u00ednia escuta uma conversa entre Norma e Pilar e descobre o segredo de que a diretora agora \u00e9 m\u00e3e de Anna. Thomas ajuda C\u00e9sar a ser mais autoconfiante na vida amorosa e profissional. Norma estuda para se tornar uma boa m\u00e3e e deseja dormir no quarto das meninas para se aproximar de Anna. Felipe percebe que o diamante que resgatou na caverna falou com ele.<\/p>\n<h2 style=\"color: #795548;\">Resumo de quinta-feira, 15 de novembro<\/h2>\n<p>O diamante falante ecoa dizendo que deseja retornar \u00e0 caverna. Lav\u00ednia fica preocupada com a inten\u00e7\u00e3o de Norma de se aproximar de Anna e ganhar vantagens. Felipe perde o diamante. Pilar descobre que Gabriel estava conversando de maneira \u00edntima com uma mulher na rua. Norma manda Pilar n\u00e3o se intrometer na sua rela\u00e7\u00e3o com Anna e amea\u00e7a tomar uma atitude dr\u00e1stica caso continue se metendo. Betina leva um cachorro para o col\u00e9gio, e ele acaba comendo o diamante.<\/p>\n<figure id=\"attachment_70272\" aria-describedby=\"caption-attachment-70272\" style=\"width: 728px\" class=\"wp-caption alignnone\"><img data-recalc-dims=\"1\" decoding=\"async\" class=\"wp-image-70272 size-full\" title=\"(Foto: \/SBT\/A Caverna Encantada)\" src=\"https:\/\/i0.wp.com\/www.tvnovelas.com.br\/tvnews\/wp-content\/uploads\/2024\/11\/40403c.jpg?resize=728%2C410&#038;ssl=1\" alt=\"Foto em Na semana de A Caverna Encantada\" width=\"728\" height=\"410\" \/><figcaption id=\"caption-attachment-70272\" class=\"wp-caption-text\">Na semana de A Caverna Encantada&#8230;<\/figcaption><\/figure>\n<h2 style=\"color: #795548;\">Resumo de sexta-feira, 15 de novembro<\/h2>\n<p>Betina comenta com Dalete que o cachorro sabe falar; Felipe logo percebe que o c\u00e3o comeu o diamante. Lav\u00ednia grita no meio do col\u00e9gio que Anna \u00e9 filha de Norma. Ap\u00f3s recuperar o diamante, Felipe o manipula na porta do banheiro; Anna flagra e tenta peg\u00e1-lo, mas a joia cai na privada. No cemit\u00e9rio, Pilar deixa flores no t\u00famulo do ex-marido; Gabriel a segue, mas a professora fica incomodada. Mais tarde, Pilar revela a Gabriel que era casada e que estava gr\u00e1vida, mas, ap\u00f3s a not\u00edcia da morte do marido, perdeu o beb\u00ea.<\/p>\n<div class=\"fb-comments\" data-width=\"100%\" data-order-by=\"reverse_time\" data-numposts=\"5\"><\/div>\n<p><strong style=\"font-size: 120%;\">\u00daltimas not\u00edcias deste canal:<\/strong>\r\n<div class=\"pt-cv-wrapper\"><div class=\"pt-cv-view pt-cv-grid pt-cv-colsys\" id=\"pt-cv-view-90991035b3\"><div data-id=\"pt-cv-page-1\" class=\"pt-cv-page\" data-cvc=\"1\"><div class=\"col-md-12 col-sm-12 col-xs-12 pt-cv-content-item pt-cv-1-col\" ><div class='pt-cv-ifield'><h4 class=\"pt-cv-title\"><a href=\"https:\/\/www.tvnovelas.com.br\/tvnews\/coracao-de-mae-irmak-inicia-jogo-arriscado-contra-adnan\/\" class=\"_self\" target=\"_self\" >Cora\u00e7\u00e3o de M\u00e3e: Irmak inicia jogo arriscado contra Adnan<\/a><\/h4><\/div><\/div>\n<div class=\"col-md-12 col-sm-12 col-xs-12 pt-cv-content-item pt-cv-1-col\" ><div class='pt-cv-ifield'><h4 class=\"pt-cv-title\"><a href=\"https:\/\/www.tvnovelas.com.br\/tvnews\/guerra-das-rosas-omer-chama-gulru-vestida-de-noiva-para-fugir\/\" class=\"_self\" target=\"_self\" >Guerra das Rosas: Omer chama Gulru vestida de noiva para fugir<\/a><\/h4><\/div><\/div>\n<div class=\"col-md-12 col-sm-12 col-xs-12 pt-cv-content-item pt-cv-1-col\" ><div class='pt-cv-ifield'><h4 class=\"pt-cv-title\"><a href=\"https:\/\/www.tvnovelas.com.br\/tvnews\/coracao-de-mae-reha-sai-para-jantar-com-selvi\/\" class=\"_self\" target=\"_self\" >Cora\u00e7\u00e3o de M\u00e3e: Reha sai para jantar com Selvi<\/a><\/h4><\/div><\/div>\n<div class=\"col-md-12 col-sm-12 col-xs-12 pt-cv-content-item pt-cv-1-col\" ><div class='pt-cv-ifield'><h4 class=\"pt-cv-title\"><a href=\"https:\/\/www.tvnovelas.com.br\/tvnews\/coracao-acelerado-zila-se-preocupa-com-sua-situacao-apos-separacao\/\" class=\"_self\" target=\"_self\" >Cora\u00e7\u00e3o Acelerado: Zil\u00e1 se preocupa com sua situa\u00e7\u00e3o ap\u00f3s separa\u00e7\u00e3o<\/a><\/h4><\/div><\/div>\n<div class=\"col-md-12 col-sm-12 col-xs-12 pt-cv-content-item pt-cv-1-col\" ><div class='pt-cv-ifield'><h4 class=\"pt-cv-title\"><a href=\"https:\/\/www.tvnovelas.com.br\/tvnews\/a-nobreza-do-amor-tonho-nao-se-curva-diante-de-mirinho\/\" class=\"_self\" target=\"_self\" >A Nobreza do Amor: Tonho n\u00e3o se curva diante de Mirinho<\/a><\/h4><\/div><\/div>\n<div class=\"col-md-12 col-sm-12 col-xs-12 pt-cv-content-item pt-cv-1-col\" ><div class='pt-cv-ifield'><h4 class=\"pt-cv-title\"><a href=\"https:\/\/www.tvnovelas.com.br\/tvnews\/tres-gracas-arminda-surta-ao-confirmar-que-ferette-e-pai-de-raul\/\" class=\"_self\" target=\"_self\" >Tr\u00eas Gra\u00e7as:  Arminda surta ao confirmar que Ferette \u00e9 pai de Raul<\/a><\/h4><\/div><\/div>\n<div class=\"col-md-12 col-sm-12 col-xs-12 pt-cv-content-item pt-cv-1-col\" ><div class='pt-cv-ifield'><h4 class=\"pt-cv-title\"><a href=\"https:\/\/www.tvnovelas.com.br\/tvnews\/coracao-de-mae-atilla-confronta-hasan-e-exige-o-divorcio-de-lale\/\" class=\"_self\" target=\"_self\" >Cora\u00e7\u00e3o de M\u00e3e: Atilla confronta Hasan e exige o div\u00f3rcio de Lale<\/a><\/h4><\/div><\/div>\n<div class=\"col-md-12 col-sm-12 col-xs-12 pt-cv-content-item pt-cv-1-col\" ><div class='pt-cv-ifield'><h4 class=\"pt-cv-title\"><a href=\"https:\/\/www.tvnovelas.com.br\/tvnews\/guerra-das-rosas-gulfem-coloca-gulru-contra-a-parede\/\" class=\"_self\" target=\"_self\" >Guerra das Rosas: Gulfem coloca Gulru contra a parede<\/a><\/h4><\/div><\/div>\n<div class=\"col-md-12 col-sm-12 col-xs-12 pt-cv-content-item pt-cv-1-col\" ><div class='pt-cv-ifield'><h4 class=\"pt-cv-title\"><a href=\"https:\/\/www.tvnovelas.com.br\/tvnews\/coracao-de-mae-atilla-diz-a-lale-que-quer-o-divorcio\/\" class=\"_self\" target=\"_self\" >Cora\u00e7\u00e3o de M\u00e3e: Atilla diz a Lale que quer o div\u00f3rcio<\/a><\/h4><\/div><\/div>\n<div class=\"col-md-12 col-sm-12 col-xs-12 pt-cv-content-item pt-cv-1-col\" ><div class='pt-cv-ifield'><h4 class=\"pt-cv-title\"><a href=\"https:\/\/www.tvnovelas.com.br\/tvnews\/a-nobreza-do-amor-mirinho-garante-noivado-com-virginia-para-atrair-sogro-a-negocio\/\" class=\"_self\" target=\"_self\" >A Nobreza do Amor: Mirinho garante noivado com Virg\u00ednia para atrair sogro a neg\u00f3cio<\/a><\/h4><\/div><\/div><\/div><\/div><\/div>\r\n<a href=\"https:\/\/www.tvnovelas.com.br\/novelas\/\"><strong>Confira os resumos da semana de todas novelas<\/strong><\/a><\/br>\r\n<h3>Confira tamb\u00e9m<\/h3>\r\n<a href=\"https:\/\/www.tvnovelas.com.br\/filmes\/\" target=\"_blank\" rel=\"noopener noreferrer\"><strong>Programa\u00e7\u00e3o de filmes na TV aberta<\/strong><\/a><\/br>\r\n<a href=\"https:\/\/caetenews.com.br\/semana\/filmes-da-globo-na-sessao-da-tarde-desta-semana\/\" target=\"_blank\" rel=\"noopener\"><strong>Confira os filmes da semana na Sess\u00e3o da Tarde<\/strong><\/a><\/br>\r\n<a href=\"https:\/\/www.tvnovelas.com.br\/novelas\/\" target=\"_blank\" rel=\"noopener noreferrer\"><strong>Resumos de novelas<\/strong><\/a><\/br>\r\n<a href=\"https:\/\/tvnovelas.com.br\/news\/mundo\/\" rel=\"noopener\" target=\"_blank\"><strong>News: Turismo, Cultura, Lazer e Entretenimento<\/strong><\/a><br \/>\n<a href=\"https:\/\/tvnovelas.com.br\/novelas\/resumos-de-a-caverna-encantada\/\">Confira os resumos da semana de &#8216;A Caverna Encantada&#8217;<\/a><br \/>\n<a href=\"https:\/\/pt.wikipedia.org\/wiki\/A_Caverna_Encantada\" target=\"_blank\" rel=\"noopener\">Sobre A Caverna Encantada na Wikipedia<\/a><br \/>\n<a href=\"https:\/\/www.facebook.com\/tevenovelas\/\">\u00daltimas not\u00edcias do TV Novelas no Facebook<\/a><br \/>\n<a href=\"https:\/\/www.tvnovelas.com.br\/tvnews\/\" target=\"_blank\" rel=\"noopener\">As \u00faltimas not\u00edcias das novelas<\/a><\/p>\n","protected":false},"excerpt":{"rendered":"<p>Na semana de A Caverna Encantada&#8230; Nos pr\u00f3ximos cap\u00edtulos de A Caverna Encantada  Norma fica perto de ser dona do col\u00e9gio. Ela revela a Anna que agora&#8230;<\/p>\n","protected":false},"author":1,"featured_media":70270,"comment_status":"closed","ping_status":"closed","sticky":false,"template":"","format":"standard","meta":{"_uf_show_specific_survey":0,"_uf_disable_surveys":false,"_jetpack_memberships_contains_paid_content":false,"footnotes":"","_wp_rev_ctl_limit":""},"categories":[766],"tags":[767,64,13],"class_list":["post-70267","post","type-post","status-publish","format-standard","has-post-thumbnail","hentry","category-a-caverna-encantada","tag-a-caverna-encantada","tag-novelas","tag-sbt","wpcat-766-id"],"aioseo_notices":[],"jetpack_featured_media_url":"https:\/\/i0.wp.com\/www.tvnovelas.com.br\/tvnews\/wp-content\/uploads\/2024\/11\/40403a.jpg?fit=728%2C410&ssl=1","jetpack_shortlink":"https:\/\/wp.me\/pdP2BO-ihl","jetpack_sharing_enabled":true,"_links":{"self":[{"href":"https:\/\/www.tvnovelas.com.br\/tvnews\/wp-json\/wp\/v2\/posts\/70267","targetHints":{"allow":["GET"]}}],"collection":[{"href":"https:\/\/www.tvnovelas.com.br\/tvnews\/wp-json\/wp\/v2\/posts"}],"about":[{"href":"https:\/\/www.tvnovelas.com.br\/tvnews\/wp-json\/wp\/v2\/types\/post"}],"author":[{"embeddable":true,"href":"https:\/\/www.tvnovelas.com.br\/tvnews\/wp-json\/wp\/v2\/users\/1"}],"replies":[{"embeddable":true,"href":"https:\/\/www.tvnovelas.com.br\/tvnews\/wp-json\/wp\/v2\/comments?post=70267"}],"version-history":[{"count":5,"href":"https:\/\/www.tvnovelas.com.br\/tvnews\/wp-json\/wp\/v2\/posts\/70267\/revisions"}],"predecessor-version":[{"id":70277,"href":"https:\/\/www.tvnovelas.com.br\/tvnews\/wp-json\/wp\/v2\/posts\/70267\/revisions\/70277"}],"wp:featuredmedia":[{"embeddable":true,"href":"https:\/\/www.tvnovelas.com.br\/tvnews\/wp-json\/wp\/v2\/media\/70270"}],"wp:attachment":[{"href":"https:\/\/www.tvnovelas.com.br\/tvnews\/wp-json\/wp\/v2\/media?parent=70267"}],"wp:term":[{"taxonomy":"category","embeddable":true,"href":"https:\/\/www.tvnovelas.com.br\/tvnews\/wp-json\/wp\/v2\/categories?post=70267"},{"taxonomy":"post_tag","embeddable":true,"href":"https:\/\/www.tvnovelas.com.br\/tvnews\/wp-json\/wp\/v2\/tags?post=70267"}],"curies":[{"name":"wp","href":"https:\/\/api.w.org\/{rel}","templated":true}]}}