{"id":70289,"date":"2024-11-09T10:03:38","date_gmt":"2024-11-09T13:03:38","guid":{"rendered":"https:\/\/www.tvnovelas.com.br\/tvnews\/?p=70289"},"modified":"2024-11-09T10:03:38","modified_gmt":"2024-11-09T13:03:38","slug":"garota-do-momento-beatriz-fica-cara-a-cara-com-a-mae-apos-ser-acusada-de-roubo","status":"publish","type":"post","link":"https:\/\/www.tvnovelas.com.br\/tvnews\/garota-do-momento-beatriz-fica-cara-a-cara-com-a-mae-apos-ser-acusada-de-roubo\/","title":{"rendered":"Garota do Momento: Beatriz fica cara a cara com a m\u00e3e ap\u00f3s ser acusada de roubo"},"content":{"rendered":"<p><em>Em Garota do Momento: Beatriz&#8230;<\/em><br \/>\n<figure id=\"attachment_70290\" aria-describedby=\"caption-attachment-70290\" style=\"width: 728px\" class=\"wp-caption alignnone\"><img data-recalc-dims=\"1\" decoding=\"async\" class=\"wp-image-70290 size-full\" title=\"(Foto: TV Globo\/Garota do Momento)\" src=\"https:\/\/i0.wp.com\/www.tvnovelas.com.br\/tvnews\/wp-content\/uploads\/2024\/11\/40406.jpg?resize=728%2C410&#038;ssl=1\" alt=\"Foto em Garota do Momento: Beatriz...\" width=\"728\" height=\"410\" \/><figcaption id=\"caption-attachment-70290\" class=\"wp-caption-text\">Garota do Momento: Beatriz&#8230;<\/figcaption><\/figure><\/p>\n<p>Em Garota do Momento, a inaugura\u00e7\u00e3o da nova loja da Perfumaria Carioca promete ter muita confus\u00e3o! Glorinha (Mariana Sena) convence Beatriz (Duda Santos) de aparecer no evento \u00e0 procura de Clarice (Carol Castro), casada com o herdeiro da marca. Mas a chegada das duas ao evento promete deixar Z\u00e9lia (Leticia Colin) e Maristela (Lilia Cabral) de olhos bem abertos, principalmente depois de Bia (Maisa) revelar ao pai, Juliano (Fabio Assun\u00e7\u00e3o), que trata-se da jovem que estava dan\u00e7ando com Beto (Pedro Novaes) no clube Gente Fina.<\/p>\n<p>O herdeiro da Perfumaria Carioca n\u00e3o perde tempo e trata de bolar mais um de seus planos, com o intuito de afastar Beatriz do local. &#8220;Beto n\u00e3o \u00e9 bobo. Essa garota \u00e9 um pitel&#8221;, revela Juliano.<\/p>\n<p>&#8220;S\u00f3 n\u00e3o expulso essas duas da festa para n\u00e3o causar um esc\u00e2ndalo, porque essa gente quando se sente amea\u00e7ada come\u00e7a a me irritar&#8221;, dispara Maristela.<\/p>\n<p>&#8220;Eu acho que tenho uma ideia melhor pra desmoralizar esse tipo de gente&#8221;, ressalta antes de pedir ao seguran\u00e7a da loja para tirar Beatriz \u00e0 for\u00e7a de l\u00e1.<\/p>\n<p>&#8220;Sem esc\u00e2ndalo, a gente viu voc\u00ea roubar o sabonete&#8221;, acusa Juliano, deixando Beatriz perplexa!<\/p>\n<p>Glorinha garante que a amiga n\u00e3o \u00e9 uma ladra. N\u00e3o demora muito para Bia querer revistar a bolsa de Beatriz: &#8220;Quem voc\u00ea pensa que \u00e9 para mexer nas minhas coisas?&#8221;.<\/p>\n<p>Bia puxa a bolsa e acaba torcendo o p\u00e9. Neste mesmo momento, Clarice chega \u00e0 inaugura\u00e7\u00e3o e v\u00ea o &#8216;circo armado&#8217;: &#8220;O que voc\u00ea fez com a minha filha? Quem \u00e9 voc\u00ea?&#8221;.<br \/>\n<!--END--><\/p>\n<div class=\"fb-comments\" data-width=\"100%\" data-order-by=\"reverse_time\" data-numposts=\"5\"><\/div>\n<h2>\u00daltimas publica\u00e7\u00f5es de Garota do Momento<\/h2>\n<div class=\"pt-cv-wrapper\"><div class=\"pt-cv-view pt-cv-grid pt-cv-colsys\" id=\"pt-cv-view-54854578lu\"><div data-id=\"pt-cv-page-1\" class=\"pt-cv-page\" data-cvc=\"1\"><div class=\"col-md-12 col-sm-12 col-xs-12 pt-cv-content-item pt-cv-1-col\" ><div class='pt-cv-ifield'><h4 class=\"pt-cv-title\"><a href=\"https:\/\/www.tvnovelas.com.br\/tvnews\/garota-do-momento-beatriz-e-beto-se-casam\/\" class=\"_self\" target=\"_self\" >Garota do Momento: Beatriz e Beto se casam<\/a><\/h4><\/div><\/div>\n<div class=\"col-md-12 col-sm-12 col-xs-12 pt-cv-content-item pt-cv-1-col\" ><div class='pt-cv-ifield'><h4 class=\"pt-cv-title\"><a href=\"https:\/\/www.tvnovelas.com.br\/tvnews\/garota-do-momento-clarice-sequestrada-por-juliano-desespera-beatriz\/\" class=\"_self\" target=\"_self\" >Garota do Momento: Clarice sequestrada por Juliano desespera Beatriz<\/a><\/h4><\/div><\/div>\n<div class=\"col-md-12 col-sm-12 col-xs-12 pt-cv-content-item pt-cv-1-col\" ><div class='pt-cv-ifield'><h4 class=\"pt-cv-title\"><a href=\"https:\/\/www.tvnovelas.com.br\/tvnews\/garota-do-momento-clarice-cospe-na-cara-de-maristela\/\" class=\"_self\" target=\"_self\" >Garota do Momento: Clarice cospe na cara de Maristela<\/a><\/h4><\/div><\/div>\n<div class=\"col-md-12 col-sm-12 col-xs-12 pt-cv-content-item pt-cv-1-col\" ><div class='pt-cv-ifield'><h4 class=\"pt-cv-title\"><a href=\"https:\/\/www.tvnovelas.com.br\/tvnews\/garota-do-momento-ligia-emociona-ao-dedicar-nova-musica-a-raimundo\/\" class=\"_self\" target=\"_self\" >Garota do Momento: Ligia emociona ao dedicar nova m\u00fasica a Raimundo<\/a><\/h4><\/div><\/div>\n<div class=\"col-md-12 col-sm-12 col-xs-12 pt-cv-content-item pt-cv-1-col\" ><div class='pt-cv-ifield'><h4 class=\"pt-cv-title\"><a href=\"https:\/\/www.tvnovelas.com.br\/tvnews\/garota-do-momento-zelia-beatriz-e-basilio-unidos-para-desmascarar-juliano\/\" class=\"_self\" target=\"_self\" >Garota do Momento: Z\u00e9lia, Beatriz e Bas\u00edlio unidos para desmascarar Juliano<\/a><\/h4><\/div><\/div>\n<div class=\"col-md-12 col-sm-12 col-xs-12 pt-cv-content-item pt-cv-1-col\" ><div class='pt-cv-ifield'><h4 class=\"pt-cv-title\"><a href=\"https:\/\/www.tvnovelas.com.br\/tvnews\/garota-do-momento-ligia-confessa-que-ama-raimundo-e-quer-voltar\/\" class=\"_self\" target=\"_self\" >Garota do Momento: Ligia confessa que ama Raimundo e quer voltar<\/a><\/h4><\/div><\/div><\/div><\/div><\/div>\n<h2>\u00daltimas not\u00edcias das novelas<\/h2>\n<p>[wp-rss-aggregator feeds=&#8221;todas&#8221;]<br \/>\n<a href=\"https:\/\/wp.me\/pfspD2-Ti\" target=\"_blank\" rel=\"noopener\"><strong>Garota do Momento: A saga dos Alencar<\/strong><\/a> (Sinopse)<br \/>\n<a href=\"https:\/\/tvnovelas.com.br\/filmes\/filmes-na-tv-segunda\/\" target=\"_blank\" rel=\"noopener\">Confira a programa\u00e7\u00e3o de filmes na TV aberta<\/a><br \/>\n<a href=\"https:\/\/www.tvnovelas.com.br\/tvnews\/\">\u00daltimas not\u00edcias de todas as novelas<\/a><\/p>\n","protected":false},"excerpt":{"rendered":"<p>Garota do Momento: Beatriz&#8230; Em Garota do Momento, a inaugura\u00e7\u00e3o da nova loja da Perfumaria Carioca promete ter muita confus\u00e3o! Glorinha&#8230;<\/p>\n","protected":false},"author":1,"featured_media":70290,"comment_status":"closed","ping_status":"closed","sticky":false,"template":"","format":"standard","meta":{"_uf_show_specific_survey":0,"_uf_disable_surveys":false,"_jetpack_memberships_contains_paid_content":false,"footnotes":"","_wp_rev_ctl_limit":""},"categories":[812],"tags":[813,5,64],"class_list":["post-70289","post","type-post","status-publish","format-standard","has-post-thumbnail","hentry","category-garota-do-momento","tag-garota-do-momento","tag-globo","tag-novelas","wpcat-812-id"],"aioseo_notices":[],"jetpack_featured_media_url":"https:\/\/i0.wp.com\/www.tvnovelas.com.br\/tvnews\/wp-content\/uploads\/2024\/11\/40406.jpg?fit=728%2C410&ssl=1","jetpack_shortlink":"https:\/\/wp.me\/pdP2BO-ihH","jetpack_sharing_enabled":true,"_links":{"self":[{"href":"https:\/\/www.tvnovelas.com.br\/tvnews\/wp-json\/wp\/v2\/posts\/70289","targetHints":{"allow":["GET"]}}],"collection":[{"href":"https:\/\/www.tvnovelas.com.br\/tvnews\/wp-json\/wp\/v2\/posts"}],"about":[{"href":"https:\/\/www.tvnovelas.com.br\/tvnews\/wp-json\/wp\/v2\/types\/post"}],"author":[{"embeddable":true,"href":"https:\/\/www.tvnovelas.com.br\/tvnews\/wp-json\/wp\/v2\/users\/1"}],"replies":[{"embeddable":true,"href":"https:\/\/www.tvnovelas.com.br\/tvnews\/wp-json\/wp\/v2\/comments?post=70289"}],"version-history":[{"count":1,"href":"https:\/\/www.tvnovelas.com.br\/tvnews\/wp-json\/wp\/v2\/posts\/70289\/revisions"}],"predecessor-version":[{"id":70291,"href":"https:\/\/www.tvnovelas.com.br\/tvnews\/wp-json\/wp\/v2\/posts\/70289\/revisions\/70291"}],"wp:featuredmedia":[{"embeddable":true,"href":"https:\/\/www.tvnovelas.com.br\/tvnews\/wp-json\/wp\/v2\/media\/70290"}],"wp:attachment":[{"href":"https:\/\/www.tvnovelas.com.br\/tvnews\/wp-json\/wp\/v2\/media?parent=70289"}],"wp:term":[{"taxonomy":"category","embeddable":true,"href":"https:\/\/www.tvnovelas.com.br\/tvnews\/wp-json\/wp\/v2\/categories?post=70289"},{"taxonomy":"post_tag","embeddable":true,"href":"https:\/\/www.tvnovelas.com.br\/tvnews\/wp-json\/wp\/v2\/tags?post=70289"}],"curies":[{"name":"wp","href":"https:\/\/api.w.org\/{rel}","templated":true}]}}