{"id":70334,"date":"2024-11-10T09:15:18","date_gmt":"2024-11-10T12:15:18","guid":{"rendered":"https:\/\/www.tvnovelas.com.br\/tvnews\/?p=70334"},"modified":"2024-11-10T09:15:18","modified_gmt":"2024-11-10T12:15:18","slug":"garota-do-momento-ligia-leva-novo-fora-da-filha-celeste","status":"publish","type":"post","link":"https:\/\/www.tvnovelas.com.br\/tvnews\/garota-do-momento-ligia-leva-novo-fora-da-filha-celeste\/","title":{"rendered":"Garota do Momento: L\u00edgia leva novo fora da filha, Celeste"},"content":{"rendered":"<p><em>Em Garota do Momento: L\u00edgia leva&#8230;<\/em><br \/>\n<figure id=\"attachment_70335\" aria-describedby=\"caption-attachment-70335\" style=\"width: 728px\" class=\"wp-caption alignnone\"><img data-recalc-dims=\"1\" decoding=\"async\" class=\"wp-image-70335 size-full\" title=\"(Foto: TV Globo\/Garota do Momento)\" src=\"https:\/\/i0.wp.com\/www.tvnovelas.com.br\/tvnews\/wp-content\/uploads\/2024\/11\/40413.jpg?resize=728%2C410&#038;ssl=1\" alt=\"Foto em Garota do Momento: L\u00edgia leva...\" width=\"728\" height=\"410\" \/><figcaption id=\"caption-attachment-70335\" class=\"wp-caption-text\">Garota do Momento: L\u00edgia leva&#8230;<\/figcaption><\/figure><\/p>\n<p>Em Garota do Momento, ap\u00f3s ser ignorada pelo filho, Beto (Pedro Novaes), L\u00edgia (Palomma Duarte) tenta se aproximar de Celeste (Debora Oz\u00f3rio). A cantora surpreende o ex, Raimundo (Danton Mello), que est\u00e1 em um restaurante com os filhos e o clim\u00e3o rola solto. A personagem abandonou a fam\u00edlia quando os filhos ainda eram crian\u00e7as para trabalhar como cantora. Desde ent\u00e3o, ela \u00e9 proibida de entrar em casa.<\/p>\n<p>L\u00edgia faz um convite inesperado \u00e0 filha: &#8216;Vim at\u00e9 aqui conversar com voc\u00ea. (&#8230;) Vamos dar uma volta e tomar um sorvete?&#8221;.<\/p>\n<p>&#8220;N\u00e3o&#8230; eu tenho que ir para casa, responde a jovem, que olha imediatamente para o pai, sem gra\u00e7a.<br \/>\nSem sa\u00edda, L\u00edgia diz que se apresentar\u00e1 naquela noite no Alfredo Hon\u00f3rio Show e mostra o convite aos filhos. &#8220;Trouxe esse convite pra voc\u00ea, \u00e9 pra plateia. Eu ia ficar muito feliz se voc\u00ea fosse&#8221;, explica a cantora.<\/p>\n<p>N\u00e3o demora muito para Raimundo tomar o convite das m\u00e3os de L\u00edgia e rasgar!<\/p>\n<p>&#8220;Celeste n\u00e3o vai ao Alfredo te ver, nem hoje, nem nunca&#8221;, ressalta ele.<\/p>\n<p>Mas Ligia insiste: &#8220;Filha, vou deixar seu nome na portaria do est\u00fadio. Voc\u00ea n\u00e3o precisa desse papel para entrar. Vou ficar t\u00e3o feliz se voc\u00ea for. A gente pode sair pra jantar depois, eu n\u00e3o me apresento na boate hoje, a gente pode conversar. Te amo, sou sua m\u00e3e, quero me relacionar com voc\u00ea, filha&#8221;.<\/p>\n<p>&#8220;Minha m\u00e3e morreu&#8221;, dispara Celeste, antes de sair do restaurante!<br \/>\n<!--END--><\/p>\n<div class=\"fb-comments\" data-width=\"100%\" data-order-by=\"reverse_time\" data-numposts=\"5\"><\/div>\n<h2>\u00daltimas publica\u00e7\u00f5es de Garota do Momento<\/h2>\n<div class=\"pt-cv-wrapper\"><div class=\"pt-cv-view pt-cv-grid pt-cv-colsys\" id=\"pt-cv-view-54854578lu\"><div data-id=\"pt-cv-page-1\" class=\"pt-cv-page\" data-cvc=\"1\"><div class=\"col-md-12 col-sm-12 col-xs-12 pt-cv-content-item pt-cv-1-col\" ><div class='pt-cv-ifield'><h4 class=\"pt-cv-title\"><a href=\"https:\/\/www.tvnovelas.com.br\/tvnews\/garota-do-momento-beatriz-e-beto-se-casam\/\" class=\"_self\" target=\"_self\" >Garota do Momento: Beatriz e Beto se casam<\/a><\/h4><\/div><\/div>\n<div class=\"col-md-12 col-sm-12 col-xs-12 pt-cv-content-item pt-cv-1-col\" ><div class='pt-cv-ifield'><h4 class=\"pt-cv-title\"><a href=\"https:\/\/www.tvnovelas.com.br\/tvnews\/garota-do-momento-clarice-sequestrada-por-juliano-desespera-beatriz\/\" class=\"_self\" target=\"_self\" >Garota do Momento: Clarice sequestrada por Juliano desespera Beatriz<\/a><\/h4><\/div><\/div>\n<div class=\"col-md-12 col-sm-12 col-xs-12 pt-cv-content-item pt-cv-1-col\" ><div class='pt-cv-ifield'><h4 class=\"pt-cv-title\"><a href=\"https:\/\/www.tvnovelas.com.br\/tvnews\/garota-do-momento-clarice-cospe-na-cara-de-maristela\/\" class=\"_self\" target=\"_self\" >Garota do Momento: Clarice cospe na cara de Maristela<\/a><\/h4><\/div><\/div>\n<div class=\"col-md-12 col-sm-12 col-xs-12 pt-cv-content-item pt-cv-1-col\" ><div class='pt-cv-ifield'><h4 class=\"pt-cv-title\"><a href=\"https:\/\/www.tvnovelas.com.br\/tvnews\/garota-do-momento-ligia-emociona-ao-dedicar-nova-musica-a-raimundo\/\" class=\"_self\" target=\"_self\" >Garota do Momento: Ligia emociona ao dedicar nova m\u00fasica a Raimundo<\/a><\/h4><\/div><\/div>\n<div class=\"col-md-12 col-sm-12 col-xs-12 pt-cv-content-item pt-cv-1-col\" ><div class='pt-cv-ifield'><h4 class=\"pt-cv-title\"><a href=\"https:\/\/www.tvnovelas.com.br\/tvnews\/garota-do-momento-zelia-beatriz-e-basilio-unidos-para-desmascarar-juliano\/\" class=\"_self\" target=\"_self\" >Garota do Momento: Z\u00e9lia, Beatriz e Bas\u00edlio unidos para desmascarar Juliano<\/a><\/h4><\/div><\/div>\n<div class=\"col-md-12 col-sm-12 col-xs-12 pt-cv-content-item pt-cv-1-col\" ><div class='pt-cv-ifield'><h4 class=\"pt-cv-title\"><a href=\"https:\/\/www.tvnovelas.com.br\/tvnews\/garota-do-momento-ligia-confessa-que-ama-raimundo-e-quer-voltar\/\" class=\"_self\" target=\"_self\" >Garota do Momento: Ligia confessa que ama Raimundo e quer voltar<\/a><\/h4><\/div><\/div><\/div><\/div><\/div>\n<h2>\u00daltimas not\u00edcias das novelas<\/h2>\n<p>[wp-rss-aggregator feeds=&#8221;todas&#8221;]<br \/>\n<a href=\"https:\/\/wp.me\/pfspD2-Ti\" target=\"_blank\" rel=\"noopener\"><strong>Garota do Momento: A saga dos Alencar<\/strong><\/a> (Sinopse)<br \/>\n<a href=\"https:\/\/tvnovelas.com.br\/filmes\/filmes-na-tv-segunda\/\" target=\"_blank\" rel=\"noopener\">Confira a programa\u00e7\u00e3o de filmes na TV aberta<\/a><br \/>\n<a href=\"https:\/\/www.tvnovelas.com.br\/tvnews\/\">\u00daltimas not\u00edcias de todas as novelas<\/a><\/p>\n","protected":false},"excerpt":{"rendered":"<p>Garota do Momento: L\u00edgia leva&#8230;. Em Garota do Momento, ap\u00f3s ser ignorada pelo filho, Beto (Pedro Novaes), L\u00edgia (Palomma Duarte) tenta se aproximar de Celeste&#8230;<\/p>\n","protected":false},"author":1,"featured_media":70335,"comment_status":"closed","ping_status":"closed","sticky":false,"template":"","format":"standard","meta":{"_uf_show_specific_survey":0,"_uf_disable_surveys":false,"_jetpack_memberships_contains_paid_content":false,"footnotes":"","_wp_rev_ctl_limit":""},"categories":[812],"tags":[813,5,64],"class_list":["post-70334","post","type-post","status-publish","format-standard","has-post-thumbnail","hentry","category-garota-do-momento","tag-garota-do-momento","tag-globo","tag-novelas","wpcat-812-id"],"aioseo_notices":[],"jetpack_featured_media_url":"https:\/\/i0.wp.com\/www.tvnovelas.com.br\/tvnews\/wp-content\/uploads\/2024\/11\/40413.jpg?fit=728%2C410&ssl=1","jetpack_shortlink":"https:\/\/wp.me\/pdP2BO-iiq","jetpack_sharing_enabled":true,"_links":{"self":[{"href":"https:\/\/www.tvnovelas.com.br\/tvnews\/wp-json\/wp\/v2\/posts\/70334","targetHints":{"allow":["GET"]}}],"collection":[{"href":"https:\/\/www.tvnovelas.com.br\/tvnews\/wp-json\/wp\/v2\/posts"}],"about":[{"href":"https:\/\/www.tvnovelas.com.br\/tvnews\/wp-json\/wp\/v2\/types\/post"}],"author":[{"embeddable":true,"href":"https:\/\/www.tvnovelas.com.br\/tvnews\/wp-json\/wp\/v2\/users\/1"}],"replies":[{"embeddable":true,"href":"https:\/\/www.tvnovelas.com.br\/tvnews\/wp-json\/wp\/v2\/comments?post=70334"}],"version-history":[{"count":1,"href":"https:\/\/www.tvnovelas.com.br\/tvnews\/wp-json\/wp\/v2\/posts\/70334\/revisions"}],"predecessor-version":[{"id":70336,"href":"https:\/\/www.tvnovelas.com.br\/tvnews\/wp-json\/wp\/v2\/posts\/70334\/revisions\/70336"}],"wp:featuredmedia":[{"embeddable":true,"href":"https:\/\/www.tvnovelas.com.br\/tvnews\/wp-json\/wp\/v2\/media\/70335"}],"wp:attachment":[{"href":"https:\/\/www.tvnovelas.com.br\/tvnews\/wp-json\/wp\/v2\/media?parent=70334"}],"wp:term":[{"taxonomy":"category","embeddable":true,"href":"https:\/\/www.tvnovelas.com.br\/tvnews\/wp-json\/wp\/v2\/categories?post=70334"},{"taxonomy":"post_tag","embeddable":true,"href":"https:\/\/www.tvnovelas.com.br\/tvnews\/wp-json\/wp\/v2\/tags?post=70334"}],"curies":[{"name":"wp","href":"https:\/\/api.w.org\/{rel}","templated":true}]}}