{"id":70377,"date":"2024-11-12T07:58:57","date_gmt":"2024-11-12T10:58:57","guid":{"rendered":"https:\/\/www.tvnovelas.com.br\/tvnews\/?p=70377"},"modified":"2024-11-12T07:58:57","modified_gmt":"2024-11-12T10:58:57","slug":"garota-do-momento-beatriz-se-une-a-beto-em-protesto-contra-juliano","status":"publish","type":"post","link":"https:\/\/www.tvnovelas.com.br\/tvnews\/garota-do-momento-beatriz-se-une-a-beto-em-protesto-contra-juliano\/","title":{"rendered":"Garota do Momento: Beatriz se une a Beto em protesto contra Juliano"},"content":{"rendered":"<p><em>Garota do Momento: Beatriz&#8230;<\/em><br \/>\n<figure id=\"attachment_70378\" aria-describedby=\"caption-attachment-70378\" style=\"width: 728px\" class=\"wp-caption alignnone\"><img data-recalc-dims=\"1\" decoding=\"async\" class=\"wp-image-70378 size-full\" title=\"(Foto: TV Globo\/Garota do Momento)\" src=\"https:\/\/i0.wp.com\/www.tvnovelas.com.br\/tvnews\/wp-content\/uploads\/2024\/11\/40423.jpg?resize=728%2C406&#038;ssl=1\" alt=\"Foto em Garota do Momento: Beatriz....\" width=\"728\" height=\"406\" \/><figcaption id=\"caption-attachment-70378\" class=\"wp-caption-text\">Garota do Momento: Beatriz&#8230;<\/figcaption><\/figure><\/p>\n<p>Em Garota do Momento, Beatriz (Duda Santos) foi acusada de roubar um sabonete na inaugura\u00e7\u00e3o de uma nova loja da Perfumaria Carioca por Juliano (Fabio Assun\u00e7\u00e3o). O poderoso n\u00e3o via a hora de tirar a mulher por quem o namorado de Bia (Maisa), sua filha, est\u00e1 encantado de dentro da loja, e aproveitou a p\u00e9ssima mania de Z\u00e9lia (Leticia Colin) para culpar a mo\u00e7a.<\/p>\n<p>O que ningu\u00e9m esperava era que o esc\u00e2ndalo fosse chegar \u00e0 capa do jornal atrav\u00e9s de Beto (Pedro Novaes), que n\u00e3o tolerou a injusti\u00e7a com a amada. Decidido a enfrentar tudo e a todos, o fotojornalista n\u00e3o pensa duas vezes ao participar de um protesto que promete dar o que falar!<\/p>\n<p>&#8220;N\u00e3o tenho medo deles, Ulisses. Nem do meu pai, nem do doutor Juliano&#8221;, garante ele.<\/p>\n<p>N\u00e3o demora muito para Beatriz e Glorinha (Mariana Sena) chegarem ao clube Gente Fina.<\/p>\n<p>&#8220;Se n\u00e3o posso processar, eu vou ter que protestar&#8221;, dispara a filha biol\u00f3gica de Clarice (Carol Castro).<br \/>\n<!--END--><\/p>\n<div class=\"fb-comments\" data-width=\"100%\" data-order-by=\"reverse_time\" data-numposts=\"5\"><\/div>\n<h2>\u00daltimas publica\u00e7\u00f5es de Garota do Momento<\/h2>\n<div class=\"pt-cv-wrapper\"><div class=\"pt-cv-view pt-cv-grid pt-cv-colsys\" id=\"pt-cv-view-54854578lu\"><div data-id=\"pt-cv-page-1\" class=\"pt-cv-page\" data-cvc=\"1\"><div class=\"col-md-12 col-sm-12 col-xs-12 pt-cv-content-item pt-cv-1-col\" ><div class='pt-cv-ifield'><h4 class=\"pt-cv-title\"><a href=\"https:\/\/www.tvnovelas.com.br\/tvnews\/garota-do-momento-beatriz-e-beto-se-casam\/\" class=\"_self\" target=\"_self\" >Garota do Momento: Beatriz e Beto se casam<\/a><\/h4><\/div><\/div>\n<div class=\"col-md-12 col-sm-12 col-xs-12 pt-cv-content-item pt-cv-1-col\" ><div class='pt-cv-ifield'><h4 class=\"pt-cv-title\"><a href=\"https:\/\/www.tvnovelas.com.br\/tvnews\/garota-do-momento-clarice-sequestrada-por-juliano-desespera-beatriz\/\" class=\"_self\" target=\"_self\" >Garota do Momento: Clarice sequestrada por Juliano desespera Beatriz<\/a><\/h4><\/div><\/div>\n<div class=\"col-md-12 col-sm-12 col-xs-12 pt-cv-content-item pt-cv-1-col\" ><div class='pt-cv-ifield'><h4 class=\"pt-cv-title\"><a href=\"https:\/\/www.tvnovelas.com.br\/tvnews\/garota-do-momento-clarice-cospe-na-cara-de-maristela\/\" class=\"_self\" target=\"_self\" >Garota do Momento: Clarice cospe na cara de Maristela<\/a><\/h4><\/div><\/div>\n<div class=\"col-md-12 col-sm-12 col-xs-12 pt-cv-content-item pt-cv-1-col\" ><div class='pt-cv-ifield'><h4 class=\"pt-cv-title\"><a href=\"https:\/\/www.tvnovelas.com.br\/tvnews\/garota-do-momento-ligia-emociona-ao-dedicar-nova-musica-a-raimundo\/\" class=\"_self\" target=\"_self\" >Garota do Momento: Ligia emociona ao dedicar nova m\u00fasica a Raimundo<\/a><\/h4><\/div><\/div>\n<div class=\"col-md-12 col-sm-12 col-xs-12 pt-cv-content-item pt-cv-1-col\" ><div class='pt-cv-ifield'><h4 class=\"pt-cv-title\"><a href=\"https:\/\/www.tvnovelas.com.br\/tvnews\/garota-do-momento-zelia-beatriz-e-basilio-unidos-para-desmascarar-juliano\/\" class=\"_self\" target=\"_self\" >Garota do Momento: Z\u00e9lia, Beatriz e Bas\u00edlio unidos para desmascarar Juliano<\/a><\/h4><\/div><\/div>\n<div class=\"col-md-12 col-sm-12 col-xs-12 pt-cv-content-item pt-cv-1-col\" ><div class='pt-cv-ifield'><h4 class=\"pt-cv-title\"><a href=\"https:\/\/www.tvnovelas.com.br\/tvnews\/garota-do-momento-ligia-confessa-que-ama-raimundo-e-quer-voltar\/\" class=\"_self\" target=\"_self\" >Garota do Momento: Ligia confessa que ama Raimundo e quer voltar<\/a><\/h4><\/div><\/div><\/div><\/div><\/div>\n<h2>\u00daltimas not\u00edcias das novelas<\/h2>\n<p>[wp-rss-aggregator feeds=&#8221;todas&#8221;]<br \/>\n<a href=\"https:\/\/wp.me\/pfspD2-Ti\" target=\"_blank\" rel=\"noopener\"><strong>Garota do Momento: A saga dos Alencar<\/strong><\/a> (Sinopse)<br \/>\n<a href=\"https:\/\/tvnovelas.com.br\/filmes\/filmes-na-tv-segunda\/\" target=\"_blank\" rel=\"noopener\">Confira a programa\u00e7\u00e3o de filmes na TV aberta<\/a><br \/>\n<a href=\"https:\/\/www.tvnovelas.com.br\/tvnews\/\">\u00daltimas not\u00edcias de todas as novelas<\/a><\/p>\n","protected":false},"excerpt":{"rendered":"<p>Garota do Momento: Beatriz&#8230;. Em Garota do Momento, Beatriz (Duda Santos) foi acusada de roubar um sabonete na inaugura\u00e7\u00e3o de uma nova loja da Perfumaria&#8230;<\/p>\n","protected":false},"author":1,"featured_media":70378,"comment_status":"closed","ping_status":"closed","sticky":false,"template":"","format":"standard","meta":{"_uf_show_specific_survey":0,"_uf_disable_surveys":false,"_jetpack_memberships_contains_paid_content":false,"footnotes":"","_wp_rev_ctl_limit":""},"categories":[812],"tags":[813,5],"class_list":["post-70377","post","type-post","status-publish","format-standard","has-post-thumbnail","hentry","category-garota-do-momento","tag-garota-do-momento","tag-globo","wpcat-812-id"],"aioseo_notices":[],"jetpack_featured_media_url":"https:\/\/i0.wp.com\/www.tvnovelas.com.br\/tvnews\/wp-content\/uploads\/2024\/11\/40423.jpg?fit=728%2C406&ssl=1","jetpack_shortlink":"https:\/\/wp.me\/pdP2BO-ij7","jetpack_sharing_enabled":true,"_links":{"self":[{"href":"https:\/\/www.tvnovelas.com.br\/tvnews\/wp-json\/wp\/v2\/posts\/70377","targetHints":{"allow":["GET"]}}],"collection":[{"href":"https:\/\/www.tvnovelas.com.br\/tvnews\/wp-json\/wp\/v2\/posts"}],"about":[{"href":"https:\/\/www.tvnovelas.com.br\/tvnews\/wp-json\/wp\/v2\/types\/post"}],"author":[{"embeddable":true,"href":"https:\/\/www.tvnovelas.com.br\/tvnews\/wp-json\/wp\/v2\/users\/1"}],"replies":[{"embeddable":true,"href":"https:\/\/www.tvnovelas.com.br\/tvnews\/wp-json\/wp\/v2\/comments?post=70377"}],"version-history":[{"count":1,"href":"https:\/\/www.tvnovelas.com.br\/tvnews\/wp-json\/wp\/v2\/posts\/70377\/revisions"}],"predecessor-version":[{"id":70379,"href":"https:\/\/www.tvnovelas.com.br\/tvnews\/wp-json\/wp\/v2\/posts\/70377\/revisions\/70379"}],"wp:featuredmedia":[{"embeddable":true,"href":"https:\/\/www.tvnovelas.com.br\/tvnews\/wp-json\/wp\/v2\/media\/70378"}],"wp:attachment":[{"href":"https:\/\/www.tvnovelas.com.br\/tvnews\/wp-json\/wp\/v2\/media?parent=70377"}],"wp:term":[{"taxonomy":"category","embeddable":true,"href":"https:\/\/www.tvnovelas.com.br\/tvnews\/wp-json\/wp\/v2\/categories?post=70377"},{"taxonomy":"post_tag","embeddable":true,"href":"https:\/\/www.tvnovelas.com.br\/tvnews\/wp-json\/wp\/v2\/tags?post=70377"}],"curies":[{"name":"wp","href":"https:\/\/api.w.org\/{rel}","templated":true}]}}