{"id":70481,"date":"2024-11-16T11:31:05","date_gmt":"2024-11-16T14:31:05","guid":{"rendered":"https:\/\/www.tvnovelas.com.br\/tvnews\/?p=70481"},"modified":"2024-11-16T12:01:27","modified_gmt":"2024-11-16T15:01:27","slug":"o-que-passa-em-garota-do-momento-na-semana-18-a-23-11","status":"publish","type":"post","link":"https:\/\/www.tvnovelas.com.br\/tvnews\/o-que-passa-em-garota-do-momento-na-semana-18-a-23-11\/","title":{"rendered":"O que passa em Garota do Momento na semana 18 a 23\/11"},"content":{"rendered":"<p><em>Garota do Momento na semana&#8230;<\/em><\/p>\n<div style=\"background-color: #d7ccc8;\">.<br \/>\n<figure id=\"attachment_70482\" aria-describedby=\"caption-attachment-70482\" style=\"width: 728px\" class=\"wp-caption alignnone\"><img data-recalc-dims=\"1\" decoding=\"async\" class=\"wp-image-70482 size-full\" title=\"(Foto: TV Globo\/Garota do Momento)\" src=\"https:\/\/i0.wp.com\/www.tvnovelas.com.br\/tvnews\/wp-content\/uploads\/2024\/11\/40442a.jpg?resize=728%2C410&#038;ssl=1\" alt=\"Foto em Garota do Momento na semana\" width=\"728\" height=\"410\" \/><figcaption id=\"caption-attachment-70482\" class=\"wp-caption-text\">Garota do Momento na semana<\/figcaption><\/figure><\/p>\n<blockquote><p><strong style=\"color: #616161;\">Nos pr\u00f3ximos cap\u00edtulos de Garota do Momento <\/strong>Bas\u00edlio provoca um curto-circuito no orfanato; Beatriz \u00e9 contratada como nova garota-propaganda da Perfumaria Carioca; Beto apresenta Beatriz como sua namorada \u00e0 fam\u00edlia&#8230;<\/p><\/blockquote>\n<\/div>\n<h2 style=\"color: #0000ff;\">Resumo de segunda-feira, 18 de novembro<\/h2>\n<p>Beatriz recusa a proposta de trabalhar para Juliano. Z\u00e9lia tem uma ideia para que Juliano conven\u00e7a Beatriz a aceitar sua proposta. Alfredo e Teresa conversam sobre Eug\u00eania e Guto. Beatriz chega a Petr\u00f3polis, e Carmem comemora a visita da neta. Bas\u00edlio se incomoda com a presen\u00e7a de Beto. Celeste encontra a carta enviada por Edu. Nelson aborda Alfredo, que o convida para um jantar com sua fam\u00edlia. Carlito se desespera ao perder a jaqueta que Topete lhe emprestou. Bas\u00edlio e Carmem conversam com Beatriz sobre a proposta de Juliano. Vera conta a Beto que Juliano entrou com uma a\u00e7\u00e3o contra todos que participaram do protesto contra a Perfumaria Carioca.<\/p>\n<h2 style=\"color: #0000ff;\">Resumo de ter\u00e7a-feira, 19 de novembro<\/h2>\n<p>Beto se revolta contra Juliano, que afirma retirar sua a\u00e7\u00e3o caso Beatriz aceite trabalhar para ele. Celeste responde \u00e0 carta de Edu. Pressionado por Nelson, Guto pede Eug\u00eania em namoro. Vera e Sebasti\u00e3o temem perder o clube Gente Fina. Bas\u00edlio provoca um curto-circuito no orfanato. Beto confronta Juliano. Topete amea\u00e7a Carlito. Iolanda avisa a Beatriz sobre a chantagem de Juliano. Vera tem uma conversa com L\u00edgia sobre seus filhos. Beatriz impede Vera de assinar o empr\u00e9stimo do banco, e afirma que aceitar\u00e1 a proposta de Juliano.<\/p>\n<figure id=\"attachment_70483\" aria-describedby=\"caption-attachment-70483\" style=\"width: 728px\" class=\"wp-caption alignnone\"><img data-recalc-dims=\"1\" decoding=\"async\" class=\"wp-image-70483 size-full\" title=\"(Foto: TV Globo\/Garota do Momento)\" src=\"https:\/\/i0.wp.com\/www.tvnovelas.com.br\/tvnews\/wp-content\/uploads\/2024\/11\/40442b.jpg?resize=728%2C408&#038;ssl=1\" alt=\"Foto em Garota do Momento na semana\" width=\"728\" height=\"408\" \/><figcaption id=\"caption-attachment-70483\" class=\"wp-caption-text\">Garota do Momento na semana&#8230;<\/figcaption><\/figure>\n<h2 style=\"color: #0000ff;\">Resumo de quarta-feira, 20 de novembro<\/h2>\n<p>Vera agradece Beatriz por sua decis\u00e3o. Guto confidencia a Anita que tem d\u00favidas sobre o que sente por Eug\u00eania. Juliano aprova a ideia de Marlene para um produto, e Orlando se irrita. Clarice pede que Juliano retire a a\u00e7\u00e3o contra os manifestantes. Alfredo convida Anita para participar de seu programa, e Nelson se revolta. Ulisses e todos os manifestantes se re\u00fanem para agradecer Beatriz por sua decis\u00e3o de trabalhar com Juliano. Carlito devolve a jaqueta de Topete, e Ana Maria desconfia da origem do dinheiro. Marlene descobre a arma\u00e7\u00e3o de Carlito. Beatriz aceita ser garota propaganda da Perfumaria Carioca, mas Bia pede para Juliano retirar o convite.<\/p>\n<h2 style=\"color: #0000ff;\">Resumo de quinta-feira, 21 de novembro<\/h2>\n<p>Beatriz \u00e9 contratada como nova garota-propaganda da Perfumaria Carioca. Bia arma um esc\u00e2ndalo, e Juliano a leva para casa. Marlene repreende Carlito por vender o motor de sua geladeira para quitar a d\u00edvida com Topete. Ana Maria termina o namoro com Carlito. Nelson briga com Anita por sua participa\u00e7\u00e3o no programa de Alfredo. Clarice afirma a Z\u00e9lia que n\u00e3o aceitar\u00e1 mais a ajuda financeira de Juliano para a Magnifique. Alfredo oferece um emprego para Anita em seu programa. Beatriz n\u00e3o gosta da proposta para a campanha publicit\u00e1ria da Perfumaria Carioca.<\/p>\n<figure id=\"attachment_70484\" aria-describedby=\"caption-attachment-70484\" style=\"width: 728px\" class=\"wp-caption alignnone\"><img data-recalc-dims=\"1\" decoding=\"async\" class=\"wp-image-70484 size-full\" title=\"(Foto: TV Globo\/Garota do Momento)\" src=\"https:\/\/i0.wp.com\/www.tvnovelas.com.br\/tvnews\/wp-content\/uploads\/2024\/11\/40442.jpg?resize=728%2C410&#038;ssl=1\" alt=\"Foto em Garota do Momento na semana...\" width=\"728\" height=\"410\" \/><figcaption id=\"caption-attachment-70484\" class=\"wp-caption-text\">Garota do Momento na semana&#8230;<\/figcaption><\/figure>\n<h2 style=\"color: #0000ff;\">Resumo de sexta-feira, 22 de novembro<\/h2>\n<p>Juliano n\u00e3o aceita as exig\u00eancias de Beatriz. Nelson impede que Anita trabalhe para Alfredo. Juliano afirma a Raimundo que resolver\u00e1 a situa\u00e7\u00e3o com Beatriz. Topete e Carlito convencem Guto a desmarcar um encontro com Eug\u00eania. Celeste e Edu vibram com sua paix\u00e3o por cartas, sem um saber a verdadeira identidade do outro. Maristela aconselha Juliano a aceitar as condi\u00e7\u00f5es de Beatriz. L\u00edgia chega para a formatura de Ronaldo, e Celeste se revolta. Bia se enfurece com a chegada de Beatriz \u00e0 festa na casa de Raimundo.<\/p>\n<h2 style=\"color: #0000ff;\">Resumo de s\u00e1bado, 23 de novembro<\/h2>\n<p>Todos admiram a beleza de Beatriz. Beto apresenta Beatriz como sua namorada \u00e0 fam\u00edlia. Ronaldo humilha L\u00edgia. Raimundo e Ligia conversam. Bia sabota Beatriz durante a festa, e Juliano percebe. Beto apoia Beatriz. Topete, Guto e Carlito s\u00e3o detidos por arrua\u00e7a. L\u00edgia afirma a Beto que deseja voltar a conviver com os filhos. Beto pede que Raimundo mantenha L\u00edgia longe da fam\u00edlia. Alfredo aconselha Eug\u00eania a se afastar de Guto. Juliano oferece um emprego a Carlito na Perfumaria Carioca. Juliano aceita as condi\u00e7\u00f5es de Beatriz. Juliano leva Beatriz para ter aulas com Clarice.<br \/>\n<!--END--><\/p>\n<div class=\"fb-comments\" data-width=\"100%\" data-order-by=\"reverse_time\" data-numposts=\"5\"><\/div>\n<h2>\u00daltimas publica\u00e7\u00f5es de Garota do Momento<\/h2>\n<div class=\"pt-cv-wrapper\"><div class=\"pt-cv-view pt-cv-grid pt-cv-colsys\" id=\"pt-cv-view-54854578lu\"><div data-id=\"pt-cv-page-1\" class=\"pt-cv-page\" data-cvc=\"1\"><div class=\"col-md-12 col-sm-12 col-xs-12 pt-cv-content-item pt-cv-1-col\" ><div class='pt-cv-ifield'><h4 class=\"pt-cv-title\"><a href=\"https:\/\/www.tvnovelas.com.br\/tvnews\/garota-do-momento-beatriz-e-beto-se-casam\/\" class=\"_self\" target=\"_self\" >Garota do Momento: Beatriz e Beto se casam<\/a><\/h4><\/div><\/div>\n<div class=\"col-md-12 col-sm-12 col-xs-12 pt-cv-content-item pt-cv-1-col\" ><div class='pt-cv-ifield'><h4 class=\"pt-cv-title\"><a href=\"https:\/\/www.tvnovelas.com.br\/tvnews\/garota-do-momento-clarice-sequestrada-por-juliano-desespera-beatriz\/\" class=\"_self\" target=\"_self\" >Garota do Momento: Clarice sequestrada por Juliano desespera Beatriz<\/a><\/h4><\/div><\/div>\n<div class=\"col-md-12 col-sm-12 col-xs-12 pt-cv-content-item pt-cv-1-col\" ><div class='pt-cv-ifield'><h4 class=\"pt-cv-title\"><a href=\"https:\/\/www.tvnovelas.com.br\/tvnews\/garota-do-momento-clarice-cospe-na-cara-de-maristela\/\" class=\"_self\" target=\"_self\" >Garota do Momento: Clarice cospe na cara de Maristela<\/a><\/h4><\/div><\/div>\n<div class=\"col-md-12 col-sm-12 col-xs-12 pt-cv-content-item pt-cv-1-col\" ><div class='pt-cv-ifield'><h4 class=\"pt-cv-title\"><a href=\"https:\/\/www.tvnovelas.com.br\/tvnews\/garota-do-momento-ligia-emociona-ao-dedicar-nova-musica-a-raimundo\/\" class=\"_self\" target=\"_self\" >Garota do Momento: Ligia emociona ao dedicar nova m\u00fasica a Raimundo<\/a><\/h4><\/div><\/div>\n<div class=\"col-md-12 col-sm-12 col-xs-12 pt-cv-content-item pt-cv-1-col\" ><div class='pt-cv-ifield'><h4 class=\"pt-cv-title\"><a href=\"https:\/\/www.tvnovelas.com.br\/tvnews\/garota-do-momento-zelia-beatriz-e-basilio-unidos-para-desmascarar-juliano\/\" class=\"_self\" target=\"_self\" >Garota do Momento: Z\u00e9lia, Beatriz e Bas\u00edlio unidos para desmascarar Juliano<\/a><\/h4><\/div><\/div>\n<div class=\"col-md-12 col-sm-12 col-xs-12 pt-cv-content-item pt-cv-1-col\" ><div class='pt-cv-ifield'><h4 class=\"pt-cv-title\"><a href=\"https:\/\/www.tvnovelas.com.br\/tvnews\/garota-do-momento-ligia-confessa-que-ama-raimundo-e-quer-voltar\/\" class=\"_self\" target=\"_self\" >Garota do Momento: Ligia confessa que ama Raimundo e quer voltar<\/a><\/h4><\/div><\/div><\/div><\/div><\/div>\n<h2>\u00daltimas not\u00edcias das novelas<\/h2>\n<p>[wp-rss-aggregator feeds=&#8221;todas&#8221;]<br \/>\n<a href=\"https:\/\/wp.me\/pfspD2-Ti\" target=\"_blank\" rel=\"noopener\"><strong>Garota do Momento: A saga dos Alencar<\/strong><\/a> (Sinopse)<br \/>\n<a href=\"https:\/\/tvnovelas.com.br\/filmes\/filmes-na-tv-segunda\/\" target=\"_blank\" rel=\"noopener\">Confira a programa\u00e7\u00e3o de filmes na TV aberta<\/a><br \/>\n<a href=\"https:\/\/www.tvnovelas.com.br\/tvnews\/\">\u00daltimas not\u00edcias de todas as novelas<\/a><\/p>\n","protected":false},"excerpt":{"rendered":"<p>Garota do Momento na semana&#8230;. Nos pr\u00f3ximos cap\u00edtulos de Garota do Momento <\/strong>Bas\u00edlio provoca um curto-circuito no orfanato; Beatriz \u00e9 contratada como nova&#8230;.<\/p>\n","protected":false},"author":1,"featured_media":70482,"comment_status":"closed","ping_status":"closed","sticky":false,"template":"","format":"standard","meta":{"_uf_show_specific_survey":0,"_uf_disable_surveys":false,"_jetpack_memberships_contains_paid_content":false,"footnotes":"","_wp_rev_ctl_limit":""},"categories":[812],"tags":[813,5,64],"class_list":["post-70481","post","type-post","status-publish","format-standard","has-post-thumbnail","hentry","category-garota-do-momento","tag-garota-do-momento","tag-globo","tag-novelas","wpcat-812-id"],"aioseo_notices":[],"jetpack_featured_media_url":"https:\/\/i0.wp.com\/www.tvnovelas.com.br\/tvnews\/wp-content\/uploads\/2024\/11\/40442a.jpg?fit=728%2C410&ssl=1","jetpack_shortlink":"https:\/\/wp.me\/pdP2BO-ikN","jetpack_sharing_enabled":true,"_links":{"self":[{"href":"https:\/\/www.tvnovelas.com.br\/tvnews\/wp-json\/wp\/v2\/posts\/70481","targetHints":{"allow":["GET"]}}],"collection":[{"href":"https:\/\/www.tvnovelas.com.br\/tvnews\/wp-json\/wp\/v2\/posts"}],"about":[{"href":"https:\/\/www.tvnovelas.com.br\/tvnews\/wp-json\/wp\/v2\/types\/post"}],"author":[{"embeddable":true,"href":"https:\/\/www.tvnovelas.com.br\/tvnews\/wp-json\/wp\/v2\/users\/1"}],"replies":[{"embeddable":true,"href":"https:\/\/www.tvnovelas.com.br\/tvnews\/wp-json\/wp\/v2\/comments?post=70481"}],"version-history":[{"count":4,"href":"https:\/\/www.tvnovelas.com.br\/tvnews\/wp-json\/wp\/v2\/posts\/70481\/revisions"}],"predecessor-version":[{"id":70500,"href":"https:\/\/www.tvnovelas.com.br\/tvnews\/wp-json\/wp\/v2\/posts\/70481\/revisions\/70500"}],"wp:featuredmedia":[{"embeddable":true,"href":"https:\/\/www.tvnovelas.com.br\/tvnews\/wp-json\/wp\/v2\/media\/70482"}],"wp:attachment":[{"href":"https:\/\/www.tvnovelas.com.br\/tvnews\/wp-json\/wp\/v2\/media?parent=70481"}],"wp:term":[{"taxonomy":"category","embeddable":true,"href":"https:\/\/www.tvnovelas.com.br\/tvnews\/wp-json\/wp\/v2\/categories?post=70481"},{"taxonomy":"post_tag","embeddable":true,"href":"https:\/\/www.tvnovelas.com.br\/tvnews\/wp-json\/wp\/v2\/tags?post=70481"}],"curies":[{"name":"wp","href":"https:\/\/api.w.org\/{rel}","templated":true}]}}