{"id":70670,"date":"2024-11-22T13:10:10","date_gmt":"2024-11-22T16:10:10","guid":{"rendered":"https:\/\/www.tvnovelas.com.br\/tvnews\/?p=70670"},"modified":"2024-11-22T13:10:10","modified_gmt":"2024-11-22T16:10:10","slug":"forca-de-mulher-enver-percebe-gravidade-do-estado-de-saude-de-bahar","status":"publish","type":"post","link":"https:\/\/www.tvnovelas.com.br\/tvnews\/forca-de-mulher-enver-percebe-gravidade-do-estado-de-saude-de-bahar\/","title":{"rendered":"For\u00e7a de Mulher: Enver percebe gravidade do estado de sa\u00fade de Bahar"},"content":{"rendered":"<figure id=\"attachment_70671\" aria-describedby=\"caption-attachment-70671\" style=\"width: 728px\" class=\"wp-caption alignnone\"><img data-recalc-dims=\"1\" decoding=\"async\" class=\"wp-image-70671 size-full\" title=\"(Foto: Reprodu\u00e7\u00e3o\/Record\/For\u00e7a de Mulher)\" src=\"https:\/\/i0.wp.com\/www.tvnovelas.com.br\/tvnews\/wp-content\/uploads\/2024\/11\/40473.jpg?resize=728%2C410&#038;ssl=1\" alt=\"Foto em For\u00e7a de Mulher: Enver percebe\" width=\"728\" height=\"410\" \/><figcaption id=\"caption-attachment-70671\" class=\"wp-caption-text\">For\u00e7a de Mulher: Enver percebe&#8230;.<\/figcaption><\/figure>\n<p>No cap\u00edtulo de For\u00e7a de Mulher desta sexta, dia 22, O estado de sa\u00fade de Bahar piora e ela sofre uma nova reca\u00edda e ela se sente-se cada vez mais fraca devido \u00e0 evolu\u00e7\u00e3o da sua doen\u00e7a&#8230;. Confira o resumo do dia:<\/p>\n<h2 style=\"color: #795548;\">Resumo de sexta-feira, 22 de novembro<\/h2>\n<p>O estado de sa\u00fade de Bahar piora e ela sofre uma nova reca\u00edda: sente-se cada vez mais fraca devido \u00e0 evolu\u00e7\u00e3o da sua doen\u00e7a. Enver, que percebe a gravidade da situa\u00e7\u00e3o, acha melhor que ela v\u00e1 urgentemente ao hospital. Nisan percebe o quanto sua m\u00e3e est\u00e1 doente, fica apreensiva e n\u00e3o consegue dormir. Acreditando que Alp n\u00e3o retornar\u00e1 aos Estados Unidos, \u00e9 Piril quem decide retornar. E, ao chegar em casa, em Istambul, conhece inesperadamente uma pessoa: Julide. E ela descobre que vai ficar para morar l\u00e1.<\/p>\n<div class=\"fb-comments\" data-width=\"100%\" data-order-by=\"reverse_time\" data-numposts=\"5\"><\/div>\n<h2>Saiba mais:<\/h2>\n<p><a href=\"https:\/\/tvnovelas.com.br\/novelas\/resumos-de-forca-de-mulher\/\" target=\"_blank\" rel=\"noopener\">Resumos da semana de For\u00e7a de Mulher<\/a><br \/>\n<a href=\"https:\/\/tvnovelas.com.br\/page2\/arquivo\/forca-de-mulher-as-lutas-de-bahar\/\" target=\"_blank\" rel=\"noopener\">For\u00e7a de Mulher: As lutas de Bahar (Sinopse)<\/a><br \/>\n<a href=\"https:\/\/pt.wikipedia.org\/wiki\/Kad%C4%B1n\" target=\"_blank\" rel=\"noopener\">Sobre For\u00e7a de Mulher na Wikipedia<\/a><br \/>\n<a href=\"https:\/\/www.facebook.com\/tevenovelas\/\">\u00daltimas not\u00edcias do TV Novelas no Facebook<\/a><br \/>\n<a href=\"https:\/\/tvnovelas.com.br\/novelas\/\">Resumos de todas as novelas<\/a><\/p>\n","protected":false},"excerpt":{"rendered":"<p>For\u00e7a de Mulher: Enver percebe&#8230; No cap\u00edtulo de For\u00e7a de Mulher desta sexta, dia 22, O estado de sa\u00fade de Bahar piora e ela sofre uma nova reca\u00edda e ela&#8230;<\/p>\n","protected":false},"author":1,"featured_media":70671,"comment_status":"closed","ping_status":"closed","sticky":false,"template":"","format":"standard","meta":{"_uf_show_specific_survey":0,"_uf_disable_surveys":false,"_jetpack_memberships_contains_paid_content":false,"footnotes":"","_wp_rev_ctl_limit":""},"categories":[803],"tags":[805,64,14],"class_list":["post-70670","post","type-post","status-publish","format-standard","has-post-thumbnail","hentry","category-forca-de-mulher","tag-forca-de-mulher","tag-novelas","tag-record","wpcat-803-id"],"aioseo_notices":[],"jetpack_featured_media_url":"https:\/\/i0.wp.com\/www.tvnovelas.com.br\/tvnews\/wp-content\/uploads\/2024\/11\/40473.jpg?fit=728%2C410&ssl=1","jetpack_shortlink":"https:\/\/wp.me\/pdP2BO-inQ","jetpack_sharing_enabled":true,"_links":{"self":[{"href":"https:\/\/www.tvnovelas.com.br\/tvnews\/wp-json\/wp\/v2\/posts\/70670","targetHints":{"allow":["GET"]}}],"collection":[{"href":"https:\/\/www.tvnovelas.com.br\/tvnews\/wp-json\/wp\/v2\/posts"}],"about":[{"href":"https:\/\/www.tvnovelas.com.br\/tvnews\/wp-json\/wp\/v2\/types\/post"}],"author":[{"embeddable":true,"href":"https:\/\/www.tvnovelas.com.br\/tvnews\/wp-json\/wp\/v2\/users\/1"}],"replies":[{"embeddable":true,"href":"https:\/\/www.tvnovelas.com.br\/tvnews\/wp-json\/wp\/v2\/comments?post=70670"}],"version-history":[{"count":2,"href":"https:\/\/www.tvnovelas.com.br\/tvnews\/wp-json\/wp\/v2\/posts\/70670\/revisions"}],"predecessor-version":[{"id":70673,"href":"https:\/\/www.tvnovelas.com.br\/tvnews\/wp-json\/wp\/v2\/posts\/70670\/revisions\/70673"}],"wp:featuredmedia":[{"embeddable":true,"href":"https:\/\/www.tvnovelas.com.br\/tvnews\/wp-json\/wp\/v2\/media\/70671"}],"wp:attachment":[{"href":"https:\/\/www.tvnovelas.com.br\/tvnews\/wp-json\/wp\/v2\/media?parent=70670"}],"wp:term":[{"taxonomy":"category","embeddable":true,"href":"https:\/\/www.tvnovelas.com.br\/tvnews\/wp-json\/wp\/v2\/categories?post=70670"},{"taxonomy":"post_tag","embeddable":true,"href":"https:\/\/www.tvnovelas.com.br\/tvnews\/wp-json\/wp\/v2\/tags?post=70670"}],"curies":[{"name":"wp","href":"https:\/\/api.w.org\/{rel}","templated":true}]}}