{"id":70881,"date":"2024-11-30T10:14:55","date_gmt":"2024-11-30T13:14:55","guid":{"rendered":"https:\/\/www.tvnovelas.com.br\/tvnews\/?p=70881"},"modified":"2024-11-30T10:14:55","modified_gmt":"2024-11-30T13:14:55","slug":"garota-do-momento-basilio-canta-ligia-e-beto-parte-para-cima-de-malandro","status":"publish","type":"post","link":"https:\/\/www.tvnovelas.com.br\/tvnews\/garota-do-momento-basilio-canta-ligia-e-beto-parte-para-cima-de-malandro\/","title":{"rendered":"Garota do Momento: Bas\u00edlio &#8216;canta&#8217; L\u00edgia e Beto parte para cima de malandro"},"content":{"rendered":"<figure id=\"attachment_70882\" aria-describedby=\"caption-attachment-70882\" style=\"width: 728px\" class=\"wp-caption alignnone\"><img data-recalc-dims=\"1\" decoding=\"async\" class=\"wp-image-70882 size-full\" title=\"(Foto: TV Globo\/Garota do Momento)\" src=\"https:\/\/i0.wp.com\/www.tvnovelas.com.br\/tvnews\/wp-content\/uploads\/2024\/11\/40513.jpg?resize=728%2C410&#038;ssl=1\" alt=\"Foto em Garota do Momento: Bas\u00edlio 'canta'...\" width=\"728\" height=\"410\" \/><figcaption id=\"caption-attachment-70882\" class=\"wp-caption-text\">Garota do Momento: Bas\u00edlio &#8216;canta&#8217;&#8230;<\/figcaption><\/figure>\n<p>Em Garota do Momento, Maristela (Lilia Cabral) promete armar um jantar especial em homenagem a Beatriz (Duda Santos). S\u00f3 que tudo n\u00e3o passa de um plano. Com Bas\u00edlio (Cau\u00ea Campos) como aliado, a poderosa banca a sonsa ao garantir a namorada de Beto (Pedro Novaes) que est\u00e1 disposta a colocar uma pedra em cima de toda a humilha\u00e7\u00e3o que a fez passar.<\/p>\n<p>Nos pr\u00f3ximos cap\u00edtulos, o clim\u00e3o j\u00e1 come\u00e7a antes mesmo do jantar ser servido. Bia (Maisa) n\u00e3o poupa suas tiradas ir\u00f4nicas da inimiga. Mas o destaque mesmo \u00e9 para a arma\u00e7\u00e3o da poderosa Maristela que faz Bas\u00edlio &#8216;elogiar&#8217; L\u00edgia (Palomma Duarte) e deixar Beto uma fera: &#8220;Olha o respeito, rapaz. Aquela \u00e9 a minha m\u00e3e!&#8221;.<\/p>\n<p>&#8220;\u00c9 mesmo? N\u00e3o parece ter filho desse tamanho. Mas n\u00e3o se ofenda. S\u00f3 elogiei a madame&#8221;, retruca o malandro.<\/p>\n<p>N\u00e3o demora muito para Ligia se apresentar e Bas\u00edlio dar um daqueles beijos demorados, deixando Beto ainda mais irritado. E s\u00f3 piora quando o amigo de Beatriz come\u00e7a a trocar elogios com a cantora: &#8220;Sua voz \u00e9 bonita demais. Tenho certeza que cantando deve parecer um anjo&#8221;.<\/p>\n<p>&#8220;Por que t\u00e1 me provocando, hein? Respeita a minha m\u00e3e, seu moleque!&#8221;, ordena o jornalista.<\/p>\n<p>&#8220;Separada, n\u00e9? Deve ser mulher de vida livre, doida por um chamego. N\u00e3o seria um sacrif\u00edcio pra mim! Carente, facinha, aposto&#8221;, dispara Basilio, fazendo Beto perder a cabe\u00e7a.<\/p>\n<p>Ele pega Bas\u00edlio pelo colarinho e explode: &#8220;N\u00e3o fala assim da minha m\u00e3e que eu te arrebento, seu abusado!&#8221;.<\/p>\n<p>Chocada, Beatriz tenta separar a briga e pede satisfa\u00e7\u00f5es ao namorado: &#8220;Solta o Bas\u00edlio! O que est\u00e1 acontecendo?&#8221;.<br \/>\n<!--END--><\/p>\n<div class=\"fb-comments\" data-width=\"100%\" data-order-by=\"reverse_time\" data-numposts=\"5\"><\/div>\n<h2>\u00daltimas publica\u00e7\u00f5es de Garota do Momento<\/h2>\n<div class=\"pt-cv-wrapper\"><div class=\"pt-cv-view pt-cv-grid pt-cv-colsys\" id=\"pt-cv-view-54854578lu\"><div data-id=\"pt-cv-page-1\" class=\"pt-cv-page\" data-cvc=\"1\"><div class=\"col-md-12 col-sm-12 col-xs-12 pt-cv-content-item pt-cv-1-col\" ><div class='pt-cv-ifield'><h4 class=\"pt-cv-title\"><a href=\"https:\/\/www.tvnovelas.com.br\/tvnews\/garota-do-momento-beatriz-e-beto-se-casam\/\" class=\"_self\" target=\"_self\" >Garota do Momento: Beatriz e Beto se casam<\/a><\/h4><\/div><\/div>\n<div class=\"col-md-12 col-sm-12 col-xs-12 pt-cv-content-item pt-cv-1-col\" ><div class='pt-cv-ifield'><h4 class=\"pt-cv-title\"><a href=\"https:\/\/www.tvnovelas.com.br\/tvnews\/garota-do-momento-clarice-sequestrada-por-juliano-desespera-beatriz\/\" class=\"_self\" target=\"_self\" >Garota do Momento: Clarice sequestrada por Juliano desespera Beatriz<\/a><\/h4><\/div><\/div>\n<div class=\"col-md-12 col-sm-12 col-xs-12 pt-cv-content-item pt-cv-1-col\" ><div class='pt-cv-ifield'><h4 class=\"pt-cv-title\"><a href=\"https:\/\/www.tvnovelas.com.br\/tvnews\/garota-do-momento-clarice-cospe-na-cara-de-maristela\/\" class=\"_self\" target=\"_self\" >Garota do Momento: Clarice cospe na cara de Maristela<\/a><\/h4><\/div><\/div>\n<div class=\"col-md-12 col-sm-12 col-xs-12 pt-cv-content-item pt-cv-1-col\" ><div class='pt-cv-ifield'><h4 class=\"pt-cv-title\"><a href=\"https:\/\/www.tvnovelas.com.br\/tvnews\/garota-do-momento-ligia-emociona-ao-dedicar-nova-musica-a-raimundo\/\" class=\"_self\" target=\"_self\" >Garota do Momento: Ligia emociona ao dedicar nova m\u00fasica a Raimundo<\/a><\/h4><\/div><\/div>\n<div class=\"col-md-12 col-sm-12 col-xs-12 pt-cv-content-item pt-cv-1-col\" ><div class='pt-cv-ifield'><h4 class=\"pt-cv-title\"><a href=\"https:\/\/www.tvnovelas.com.br\/tvnews\/garota-do-momento-zelia-beatriz-e-basilio-unidos-para-desmascarar-juliano\/\" class=\"_self\" target=\"_self\" >Garota do Momento: Z\u00e9lia, Beatriz e Bas\u00edlio unidos para desmascarar Juliano<\/a><\/h4><\/div><\/div>\n<div class=\"col-md-12 col-sm-12 col-xs-12 pt-cv-content-item pt-cv-1-col\" ><div class='pt-cv-ifield'><h4 class=\"pt-cv-title\"><a href=\"https:\/\/www.tvnovelas.com.br\/tvnews\/garota-do-momento-ligia-confessa-que-ama-raimundo-e-quer-voltar\/\" class=\"_self\" target=\"_self\" >Garota do Momento: Ligia confessa que ama Raimundo e quer voltar<\/a><\/h4><\/div><\/div><\/div><\/div><\/div>\n<h2>\u00daltimas not\u00edcias das novelas<\/h2>\n<p>[wp-rss-aggregator feeds=&#8221;todas&#8221;]<br \/>\n<a href=\"https:\/\/wp.me\/pfspD2-Ti\" target=\"_blank\" rel=\"noopener\"><strong>Garota do Momento: A saga dos Alencar<\/strong><\/a> (Sinopse)<br \/>\n<a href=\"https:\/\/tvnovelas.com.br\/filmes\/filmes-na-tv-segunda\/\" target=\"_blank\" rel=\"noopener\">Confira a programa\u00e7\u00e3o de filmes na TV aberta<\/a><br \/>\n<a href=\"https:\/\/www.tvnovelas.com.br\/tvnews\/\">\u00daltimas not\u00edcias de todas as novelas<\/a><\/p>\n","protected":false},"excerpt":{"rendered":"<p>Garota do Momento: Bas\u00edlio &#8216;canta&#8217;&#8230; Em Garota do Momento, Maristela (Lilia Cabral) promete armar um jantar especial em homenagem a Beatriz&#8230;.<\/p>\n","protected":false},"author":1,"featured_media":70882,"comment_status":"closed","ping_status":"closed","sticky":false,"template":"","format":"standard","meta":{"_uf_show_specific_survey":0,"_uf_disable_surveys":false,"_jetpack_memberships_contains_paid_content":false,"footnotes":"","_wp_rev_ctl_limit":""},"categories":[812],"tags":[813,5,64],"class_list":["post-70881","post","type-post","status-publish","format-standard","has-post-thumbnail","hentry","category-garota-do-momento","tag-garota-do-momento","tag-globo","tag-novelas","wpcat-812-id"],"aioseo_notices":[],"jetpack_featured_media_url":"https:\/\/i0.wp.com\/www.tvnovelas.com.br\/tvnews\/wp-content\/uploads\/2024\/11\/40513.jpg?fit=728%2C410&ssl=1","jetpack_shortlink":"https:\/\/wp.me\/pdP2BO-irf","jetpack_sharing_enabled":true,"_links":{"self":[{"href":"https:\/\/www.tvnovelas.com.br\/tvnews\/wp-json\/wp\/v2\/posts\/70881","targetHints":{"allow":["GET"]}}],"collection":[{"href":"https:\/\/www.tvnovelas.com.br\/tvnews\/wp-json\/wp\/v2\/posts"}],"about":[{"href":"https:\/\/www.tvnovelas.com.br\/tvnews\/wp-json\/wp\/v2\/types\/post"}],"author":[{"embeddable":true,"href":"https:\/\/www.tvnovelas.com.br\/tvnews\/wp-json\/wp\/v2\/users\/1"}],"replies":[{"embeddable":true,"href":"https:\/\/www.tvnovelas.com.br\/tvnews\/wp-json\/wp\/v2\/comments?post=70881"}],"version-history":[{"count":1,"href":"https:\/\/www.tvnovelas.com.br\/tvnews\/wp-json\/wp\/v2\/posts\/70881\/revisions"}],"predecessor-version":[{"id":70883,"href":"https:\/\/www.tvnovelas.com.br\/tvnews\/wp-json\/wp\/v2\/posts\/70881\/revisions\/70883"}],"wp:featuredmedia":[{"embeddable":true,"href":"https:\/\/www.tvnovelas.com.br\/tvnews\/wp-json\/wp\/v2\/media\/70882"}],"wp:attachment":[{"href":"https:\/\/www.tvnovelas.com.br\/tvnews\/wp-json\/wp\/v2\/media?parent=70881"}],"wp:term":[{"taxonomy":"category","embeddable":true,"href":"https:\/\/www.tvnovelas.com.br\/tvnews\/wp-json\/wp\/v2\/categories?post=70881"},{"taxonomy":"post_tag","embeddable":true,"href":"https:\/\/www.tvnovelas.com.br\/tvnews\/wp-json\/wp\/v2\/tags?post=70881"}],"curies":[{"name":"wp","href":"https:\/\/api.w.org\/{rel}","templated":true}]}}