{"id":71068,"date":"2024-12-10T09:20:47","date_gmt":"2024-12-10T12:20:47","guid":{"rendered":"https:\/\/www.tvnovelas.com.br\/tvnews\/?p=71068"},"modified":"2024-12-10T09:20:47","modified_gmt":"2024-12-10T12:20:47","slug":"garota-do-momento-zelia-revela-que-descobriu-mais-um-segredo-de-maristela","status":"publish","type":"post","link":"https:\/\/www.tvnovelas.com.br\/tvnews\/garota-do-momento-zelia-revela-que-descobriu-mais-um-segredo-de-maristela\/","title":{"rendered":"Garota do Momento: Z\u00e9lia revela que descobriu mais um segredo de Maristela"},"content":{"rendered":"<figure id=\"attachment_71069\" aria-describedby=\"caption-attachment-71069\" style=\"width: 728px\" class=\"wp-caption alignnone\"><img data-recalc-dims=\"1\" decoding=\"async\" class=\"wp-image-71069 size-full\" title=\"(Foto: TV Globo\/Garota do Momento)\" src=\"https:\/\/i0.wp.com\/www.tvnovelas.com.br\/tvnews\/wp-content\/uploads\/2024\/12\/40548.jpg?resize=728%2C410&#038;ssl=1\" alt=\"Foto em Garota do Momento: Z\u00e9lia revela\" width=\"728\" height=\"410\" \/><figcaption id=\"caption-attachment-71069\" class=\"wp-caption-text\">Garota do Momento: Z\u00e9lia revela<\/figcaption><\/figure>\n<p>Em Garota do Momento, j\u00e1 tem um tempinho que Z\u00e9lia (Leticia Colin) anda sentindo cheiro de arma\u00e7\u00e3o atr\u00e1s de arma\u00e7\u00e3o quando se trata de Maristela (Lilia Cabral) e Juliano (Fabio Assun\u00e7\u00e3o). A platinada conseguiu descobrir que a poderosa est\u00e1 por tr\u00e1s do t\u00e9rmino de Beto (Pedro Novaes) e Beatriz (Duda Santos), e agora, j\u00e1 sabe que a fam\u00edlia Alencar &#8216;dopa&#8217; Clarice (Carol Castro). E est\u00e1 doida para saber o motivo.<\/p>\n<p>Nos pr\u00f3ximos cap\u00edtulos, Z\u00e9lia recebe uma liga\u00e7\u00e3o misteriosa em seu mais novo apartamento na Avenida Atl\u00e2ntica, em Copacabana, &#8211; tudo fruto de chantagem com Maristela &#8211; , e conta tudo o que andou descobrindo recentemente. A platinada relembra, inclusive, quando tudo come\u00e7ou:<\/p>\n<p>&#8220;L\u00f3gico que estou tomando cuidado. Ent\u00e3o, foi por isso que liguei. Mudei de n\u00famero. Anota a\u00ed. Cinco-sete, cinco-um, um, cinco. Mas \u00e9 s\u00f3 por seguran\u00e7a, continua valendo o combinado: voc\u00ea n\u00e3o me liga, s\u00f3 eu ligo&#8221;, comenta.<\/p>\n<p>Z\u00e9lia relembra ainda quando come\u00e7ou a ouvir falar de Clarice: &#8220;S\u00f3 pode ser pra impedir que ela se lembre de alguma coisa do passado, \u00e9 batata. Alguma coisa que aconteceu antes do acidente. (&#8230;)&#8221;.<\/p>\n<p>Um novo flashback in\u00e9dito mostra Z\u00e9lia como secret\u00e1ria da Perfumaria Carioca, logo no in\u00edcio do namoro de Juliano e Clarice.<\/p>\n<p>&#8220;(&#8230;) Dava a impress\u00e3o que precisava de uma amiga, algu\u00e9m pra falar do que estava vivendo. Era s\u00f3 dar corda, mas foi a primeira e \u00fanica vez que vi a Clarice. Depois aconteceu tudo muito r\u00e1pido. Maristela descobriu que eu estava desviando dinheiro da empresa, Clarice sofreu o acidente e ficou desmemoriada e me obrigaram a fingir que era irm\u00e3 dela&#8221;, conta.<\/p>\n<p>&#8220;(&#8230;) Mas \u00e9 evidente que aconteceu alguma coisa, entre aquele dia que conheci a Clarice e o acidente dela. S\u00f3 n\u00e3o sei o qu\u00ea. Claro que n\u00e3o vou me acomodar com o apartamento. Vou investigar e descobrir do que eles n\u00e3o querem que a Clarice se lembre. O plano continua o mesmo de anos atr\u00e1s: vou destruir aquela fam\u00edlia e reaver o que \u00e9 meu&#8221;.<br \/>\n<!--END--><\/p>\n<div class=\"fb-comments\" data-width=\"100%\" data-order-by=\"reverse_time\" data-numposts=\"5\"><\/div>\n<h2>\u00daltimas publica\u00e7\u00f5es de Garota do Momento<\/h2>\n<div class=\"pt-cv-wrapper\"><div class=\"pt-cv-view pt-cv-grid pt-cv-colsys\" id=\"pt-cv-view-54854578lu\"><div data-id=\"pt-cv-page-1\" class=\"pt-cv-page\" data-cvc=\"1\"><div class=\"col-md-12 col-sm-12 col-xs-12 pt-cv-content-item pt-cv-1-col\" ><div class='pt-cv-ifield'><h4 class=\"pt-cv-title\"><a href=\"https:\/\/www.tvnovelas.com.br\/tvnews\/garota-do-momento-beatriz-e-beto-se-casam\/\" class=\"_self\" target=\"_self\" >Garota do Momento: Beatriz e Beto se casam<\/a><\/h4><\/div><\/div>\n<div class=\"col-md-12 col-sm-12 col-xs-12 pt-cv-content-item pt-cv-1-col\" ><div class='pt-cv-ifield'><h4 class=\"pt-cv-title\"><a href=\"https:\/\/www.tvnovelas.com.br\/tvnews\/garota-do-momento-clarice-sequestrada-por-juliano-desespera-beatriz\/\" class=\"_self\" target=\"_self\" >Garota do Momento: Clarice sequestrada por Juliano desespera Beatriz<\/a><\/h4><\/div><\/div>\n<div class=\"col-md-12 col-sm-12 col-xs-12 pt-cv-content-item pt-cv-1-col\" ><div class='pt-cv-ifield'><h4 class=\"pt-cv-title\"><a href=\"https:\/\/www.tvnovelas.com.br\/tvnews\/garota-do-momento-clarice-cospe-na-cara-de-maristela\/\" class=\"_self\" target=\"_self\" >Garota do Momento: Clarice cospe na cara de Maristela<\/a><\/h4><\/div><\/div>\n<div class=\"col-md-12 col-sm-12 col-xs-12 pt-cv-content-item pt-cv-1-col\" ><div class='pt-cv-ifield'><h4 class=\"pt-cv-title\"><a href=\"https:\/\/www.tvnovelas.com.br\/tvnews\/garota-do-momento-ligia-emociona-ao-dedicar-nova-musica-a-raimundo\/\" class=\"_self\" target=\"_self\" >Garota do Momento: Ligia emociona ao dedicar nova m\u00fasica a Raimundo<\/a><\/h4><\/div><\/div>\n<div class=\"col-md-12 col-sm-12 col-xs-12 pt-cv-content-item pt-cv-1-col\" ><div class='pt-cv-ifield'><h4 class=\"pt-cv-title\"><a href=\"https:\/\/www.tvnovelas.com.br\/tvnews\/garota-do-momento-zelia-beatriz-e-basilio-unidos-para-desmascarar-juliano\/\" class=\"_self\" target=\"_self\" >Garota do Momento: Z\u00e9lia, Beatriz e Bas\u00edlio unidos para desmascarar Juliano<\/a><\/h4><\/div><\/div>\n<div class=\"col-md-12 col-sm-12 col-xs-12 pt-cv-content-item pt-cv-1-col\" ><div class='pt-cv-ifield'><h4 class=\"pt-cv-title\"><a href=\"https:\/\/www.tvnovelas.com.br\/tvnews\/garota-do-momento-ligia-confessa-que-ama-raimundo-e-quer-voltar\/\" class=\"_self\" target=\"_self\" >Garota do Momento: Ligia confessa que ama Raimundo e quer voltar<\/a><\/h4><\/div><\/div><\/div><\/div><\/div>\n<h2>\u00daltimas not\u00edcias das novelas<\/h2>\n<p>[wp-rss-aggregator feeds=&#8221;todas&#8221;]<br \/>\n<a href=\"https:\/\/wp.me\/pfspD2-Ti\" target=\"_blank\" rel=\"noopener\"><strong>Garota do Momento: A saga dos Alencar<\/strong><\/a> (Sinopse)<br \/>\n<a href=\"https:\/\/tvnovelas.com.br\/filmes\/filmes-na-tv-segunda\/\" target=\"_blank\" rel=\"noopener\">Confira a programa\u00e7\u00e3o de filmes na TV aberta<\/a><br \/>\n<a href=\"https:\/\/www.tvnovelas.com.br\/tvnews\/\">\u00daltimas not\u00edcias de todas as novelas<\/a><\/p>\n","protected":false},"excerpt":{"rendered":"<p>Garota do Momento: Z\u00e9lia revela&#8230; Em Garota do Momento, j\u00e1 tem um tempinho que Z\u00e9lia (Leticia Colin) anda sentindo cheiro de arma\u00e7\u00e3o atr\u00e1s de arma\u00e7\u00e3o&#8230;<\/p>\n","protected":false},"author":1,"featured_media":71069,"comment_status":"closed","ping_status":"closed","sticky":false,"template":"","format":"standard","meta":{"_uf_show_specific_survey":0,"_uf_disable_surveys":false,"_jetpack_memberships_contains_paid_content":false,"footnotes":"","_wp_rev_ctl_limit":""},"categories":[812],"tags":[813,5,64],"class_list":["post-71068","post","type-post","status-publish","format-standard","has-post-thumbnail","hentry","category-garota-do-momento","tag-garota-do-momento","tag-globo","tag-novelas","wpcat-812-id"],"aioseo_notices":[],"jetpack_featured_media_url":"https:\/\/i0.wp.com\/www.tvnovelas.com.br\/tvnews\/wp-content\/uploads\/2024\/12\/40548.jpg?fit=728%2C410&ssl=1","jetpack_shortlink":"https:\/\/wp.me\/pdP2BO-iug","jetpack_sharing_enabled":true,"_links":{"self":[{"href":"https:\/\/www.tvnovelas.com.br\/tvnews\/wp-json\/wp\/v2\/posts\/71068","targetHints":{"allow":["GET"]}}],"collection":[{"href":"https:\/\/www.tvnovelas.com.br\/tvnews\/wp-json\/wp\/v2\/posts"}],"about":[{"href":"https:\/\/www.tvnovelas.com.br\/tvnews\/wp-json\/wp\/v2\/types\/post"}],"author":[{"embeddable":true,"href":"https:\/\/www.tvnovelas.com.br\/tvnews\/wp-json\/wp\/v2\/users\/1"}],"replies":[{"embeddable":true,"href":"https:\/\/www.tvnovelas.com.br\/tvnews\/wp-json\/wp\/v2\/comments?post=71068"}],"version-history":[{"count":1,"href":"https:\/\/www.tvnovelas.com.br\/tvnews\/wp-json\/wp\/v2\/posts\/71068\/revisions"}],"predecessor-version":[{"id":71070,"href":"https:\/\/www.tvnovelas.com.br\/tvnews\/wp-json\/wp\/v2\/posts\/71068\/revisions\/71070"}],"wp:featuredmedia":[{"embeddable":true,"href":"https:\/\/www.tvnovelas.com.br\/tvnews\/wp-json\/wp\/v2\/media\/71069"}],"wp:attachment":[{"href":"https:\/\/www.tvnovelas.com.br\/tvnews\/wp-json\/wp\/v2\/media?parent=71068"}],"wp:term":[{"taxonomy":"category","embeddable":true,"href":"https:\/\/www.tvnovelas.com.br\/tvnews\/wp-json\/wp\/v2\/categories?post=71068"},{"taxonomy":"post_tag","embeddable":true,"href":"https:\/\/www.tvnovelas.com.br\/tvnews\/wp-json\/wp\/v2\/tags?post=71068"}],"curies":[{"name":"wp","href":"https:\/\/api.w.org\/{rel}","templated":true}]}}