{"id":71146,"date":"2024-12-13T09:22:13","date_gmt":"2024-12-13T12:22:13","guid":{"rendered":"https:\/\/www.tvnovelas.com.br\/tvnews\/?p=71146"},"modified":"2024-12-13T09:22:13","modified_gmt":"2024-12-13T12:22:13","slug":"garota-do-momento-clarice-tem-recordacao-procura-beatriz-e-elas-choram","status":"publish","type":"post","link":"https:\/\/www.tvnovelas.com.br\/tvnews\/garota-do-momento-clarice-tem-recordacao-procura-beatriz-e-elas-choram\/","title":{"rendered":"Garota do Momento: Clarice tem recorda\u00e7\u00e3o, procura Beatriz e elas choram"},"content":{"rendered":"<figure id=\"attachment_71147\" aria-describedby=\"caption-attachment-71147\" style=\"width: 728px\" class=\"wp-caption alignnone\"><img data-recalc-dims=\"1\" decoding=\"async\" class=\"wp-image-71147 size-full\" title=\"(Foto: TV Globo\/Garota do Momento)\" src=\"https:\/\/i0.wp.com\/www.tvnovelas.com.br\/tvnews\/wp-content\/uploads\/2024\/12\/10264.jpg?resize=728%2C410&#038;ssl=1\" alt=\"Foto em Garota do Momento: Clarice....\" width=\"728\" height=\"410\" \/><figcaption id=\"caption-attachment-71147\" class=\"wp-caption-text\">Garota do Momento: Clarice&#8230;<\/figcaption><\/figure>\n<p>Em Garota do Momento, Clarice (Carol Castro) n\u00e3o sabe que Beatriz (Duda Santos) \u00e9 sua filha. Mas seu cora\u00e7\u00e3o est\u00e1 sempre tentando lhe dizer algo sobre a menina. Clarice ter\u00e1 uma forte lembran\u00e7a do passado, que, mesmo sem ela entender direito, a levar\u00e1 diretamente at\u00e9 Beatriz. Ao encontrar a menina, ela n\u00e3o conseguir\u00e1 conter as l\u00e1grimas&#8230;<\/p>\n<p>Quando estiver dando suas aulas de etiqueta, uma m\u00fasica invadir\u00e1 os pensamentos de Clarice:<\/p>\n<p>\u201cSe essa rua, se essa rua fosse minha \/ Eu mandava, eu mandava ladrilhar \/ Com pedrinhas, com pedrinhas de brilhante&#8230;\u201d<\/p>\n<p>De repente, Clarice abrir\u00e1 os olhos e dar\u00e1 de cara com Z\u00e9lia (Let\u00edcia Colin). Ela, ent\u00e3o, sair\u00e1 correndo dali e ir\u00e1 diretamente para o Clube Gente Fina, onde encontrar\u00e1 Beatriz dando aula de matem\u00e1tica para crian\u00e7as. Ao notar a presen\u00e7a da m\u00e3e, a menina ficar\u00e1 nervosa.<\/p>\n<p>\u201cClarice?\u201d<\/p>\n<p>\u201cOi, Beatriz, vim te visitar.\u201d<\/p>\n<p>Clarice, ent\u00e3o, dir\u00e1 que ficou preocupada por Beatriz ter desistido das aulas de etiqueta e perguntar\u00e1 se ela est\u00e1 bem.<\/p>\n<p>\u201cFiquei preocupada com sua desist\u00eancia das aulas da Magnifique e vim ver se est\u00e1 bem.\u201d<\/p>\n<p>Emocionada, por\u00e9m, incomodada, Beatriz ser\u00e1 firme com Clarice.<\/p>\n<p>\u201cEstou \u00f3tima. Era s\u00f3 isso?\u201d<\/p>\n<p>Clarice notar\u00e1 a rea\u00e7\u00e3o de Beatriz e a questionar\u00e1:<\/p>\n<p>\u201cBeatriz, eu fiz alguma coisa que te magoou?\u201d<\/p>\n<p>\u201cN\u00e3o. Claro que n\u00e3o. Com licen\u00e7a.\u201d<\/p>\n<p>Neste momento, Beatriz se afastar\u00e1 quase chorando. Clarice tamb\u00e9m estar\u00e1 com os olhos cheios de l\u00e1grimas&#8230;<br \/>\n<!--END--><\/p>\n<div class=\"fb-comments\" data-width=\"100%\" data-order-by=\"reverse_time\" data-numposts=\"5\"><\/div>\n<h2>\u00daltimas publica\u00e7\u00f5es de Garota do Momento<\/h2>\n<div class=\"pt-cv-wrapper\"><div class=\"pt-cv-view pt-cv-grid pt-cv-colsys\" id=\"pt-cv-view-54854578lu\"><div data-id=\"pt-cv-page-1\" class=\"pt-cv-page\" data-cvc=\"1\"><div class=\"col-md-12 col-sm-12 col-xs-12 pt-cv-content-item pt-cv-1-col\" ><div class='pt-cv-ifield'><h4 class=\"pt-cv-title\"><a href=\"https:\/\/www.tvnovelas.com.br\/tvnews\/garota-do-momento-beatriz-e-beto-se-casam\/\" class=\"_self\" target=\"_self\" >Garota do Momento: Beatriz e Beto se casam<\/a><\/h4><\/div><\/div>\n<div class=\"col-md-12 col-sm-12 col-xs-12 pt-cv-content-item pt-cv-1-col\" ><div class='pt-cv-ifield'><h4 class=\"pt-cv-title\"><a href=\"https:\/\/www.tvnovelas.com.br\/tvnews\/garota-do-momento-clarice-sequestrada-por-juliano-desespera-beatriz\/\" class=\"_self\" target=\"_self\" >Garota do Momento: Clarice sequestrada por Juliano desespera Beatriz<\/a><\/h4><\/div><\/div>\n<div class=\"col-md-12 col-sm-12 col-xs-12 pt-cv-content-item pt-cv-1-col\" ><div class='pt-cv-ifield'><h4 class=\"pt-cv-title\"><a href=\"https:\/\/www.tvnovelas.com.br\/tvnews\/garota-do-momento-clarice-cospe-na-cara-de-maristela\/\" class=\"_self\" target=\"_self\" >Garota do Momento: Clarice cospe na cara de Maristela<\/a><\/h4><\/div><\/div>\n<div class=\"col-md-12 col-sm-12 col-xs-12 pt-cv-content-item pt-cv-1-col\" ><div class='pt-cv-ifield'><h4 class=\"pt-cv-title\"><a href=\"https:\/\/www.tvnovelas.com.br\/tvnews\/garota-do-momento-ligia-emociona-ao-dedicar-nova-musica-a-raimundo\/\" class=\"_self\" target=\"_self\" >Garota do Momento: Ligia emociona ao dedicar nova m\u00fasica a Raimundo<\/a><\/h4><\/div><\/div>\n<div class=\"col-md-12 col-sm-12 col-xs-12 pt-cv-content-item pt-cv-1-col\" ><div class='pt-cv-ifield'><h4 class=\"pt-cv-title\"><a href=\"https:\/\/www.tvnovelas.com.br\/tvnews\/garota-do-momento-zelia-beatriz-e-basilio-unidos-para-desmascarar-juliano\/\" class=\"_self\" target=\"_self\" >Garota do Momento: Z\u00e9lia, Beatriz e Bas\u00edlio unidos para desmascarar Juliano<\/a><\/h4><\/div><\/div>\n<div class=\"col-md-12 col-sm-12 col-xs-12 pt-cv-content-item pt-cv-1-col\" ><div class='pt-cv-ifield'><h4 class=\"pt-cv-title\"><a href=\"https:\/\/www.tvnovelas.com.br\/tvnews\/garota-do-momento-ligia-confessa-que-ama-raimundo-e-quer-voltar\/\" class=\"_self\" target=\"_self\" >Garota do Momento: Ligia confessa que ama Raimundo e quer voltar<\/a><\/h4><\/div><\/div><\/div><\/div><\/div>\n<h2>\u00daltimas not\u00edcias das novelas<\/h2>\n<p>[wp-rss-aggregator feeds=&#8221;todas&#8221;]<br \/>\n<a href=\"https:\/\/wp.me\/pfspD2-Ti\" target=\"_blank\" rel=\"noopener\"><strong>Garota do Momento: A saga dos Alencar<\/strong><\/a> (Sinopse)<br \/>\n<a href=\"https:\/\/tvnovelas.com.br\/filmes\/filmes-na-tv-segunda\/\" target=\"_blank\" rel=\"noopener\">Confira a programa\u00e7\u00e3o de filmes na TV aberta<\/a><br \/>\n<a href=\"https:\/\/www.tvnovelas.com.br\/tvnews\/\">\u00daltimas not\u00edcias de todas as novelas<\/a><\/p>\n","protected":false},"excerpt":{"rendered":"<p>Garota do Momento: Clarice&#8230; Em Garota do Momento, Clarice (Carol Castro) n\u00e3o sabe que Beatriz (Duda Santos) \u00e9 sua filha. Mas seu cora\u00e7\u00e3o&#8230;<\/p>\n","protected":false},"author":1,"featured_media":71147,"comment_status":"closed","ping_status":"closed","sticky":false,"template":"","format":"standard","meta":{"_uf_show_specific_survey":0,"_uf_disable_surveys":false,"_jetpack_memberships_contains_paid_content":false,"footnotes":"","_wp_rev_ctl_limit":""},"categories":[812],"tags":[813,5,64],"class_list":["post-71146","post","type-post","status-publish","format-standard","has-post-thumbnail","hentry","category-garota-do-momento","tag-garota-do-momento","tag-globo","tag-novelas","wpcat-812-id"],"aioseo_notices":[],"jetpack_featured_media_url":"https:\/\/i0.wp.com\/www.tvnovelas.com.br\/tvnews\/wp-content\/uploads\/2024\/12\/10264.jpg?fit=728%2C410&ssl=1","jetpack_shortlink":"https:\/\/wp.me\/pdP2BO-ivw","jetpack_sharing_enabled":true,"_links":{"self":[{"href":"https:\/\/www.tvnovelas.com.br\/tvnews\/wp-json\/wp\/v2\/posts\/71146","targetHints":{"allow":["GET"]}}],"collection":[{"href":"https:\/\/www.tvnovelas.com.br\/tvnews\/wp-json\/wp\/v2\/posts"}],"about":[{"href":"https:\/\/www.tvnovelas.com.br\/tvnews\/wp-json\/wp\/v2\/types\/post"}],"author":[{"embeddable":true,"href":"https:\/\/www.tvnovelas.com.br\/tvnews\/wp-json\/wp\/v2\/users\/1"}],"replies":[{"embeddable":true,"href":"https:\/\/www.tvnovelas.com.br\/tvnews\/wp-json\/wp\/v2\/comments?post=71146"}],"version-history":[{"count":1,"href":"https:\/\/www.tvnovelas.com.br\/tvnews\/wp-json\/wp\/v2\/posts\/71146\/revisions"}],"predecessor-version":[{"id":71148,"href":"https:\/\/www.tvnovelas.com.br\/tvnews\/wp-json\/wp\/v2\/posts\/71146\/revisions\/71148"}],"wp:featuredmedia":[{"embeddable":true,"href":"https:\/\/www.tvnovelas.com.br\/tvnews\/wp-json\/wp\/v2\/media\/71147"}],"wp:attachment":[{"href":"https:\/\/www.tvnovelas.com.br\/tvnews\/wp-json\/wp\/v2\/media?parent=71146"}],"wp:term":[{"taxonomy":"category","embeddable":true,"href":"https:\/\/www.tvnovelas.com.br\/tvnews\/wp-json\/wp\/v2\/categories?post=71146"},{"taxonomy":"post_tag","embeddable":true,"href":"https:\/\/www.tvnovelas.com.br\/tvnews\/wp-json\/wp\/v2\/tags?post=71146"}],"curies":[{"name":"wp","href":"https:\/\/api.w.org\/{rel}","templated":true}]}}