{"id":71168,"date":"2024-12-14T09:43:04","date_gmt":"2024-12-14T12:43:04","guid":{"rendered":"https:\/\/www.tvnovelas.com.br\/tvnews\/?p=71168"},"modified":"2024-12-14T09:43:04","modified_gmt":"2024-12-14T12:43:04","slug":"garota-do-momento-juliano-manda-beatriz-alisar-o-cabelo-e-ela-se-revolta","status":"publish","type":"post","link":"https:\/\/www.tvnovelas.com.br\/tvnews\/garota-do-momento-juliano-manda-beatriz-alisar-o-cabelo-e-ela-se-revolta\/","title":{"rendered":"Garota do Momento: Juliano manda Beatriz alisar o cabelo, e ela se revolta"},"content":{"rendered":"<figure id=\"attachment_71169\" aria-describedby=\"caption-attachment-71169\" style=\"width: 728px\" class=\"wp-caption alignnone\"><img data-recalc-dims=\"1\" decoding=\"async\" class=\"wp-image-71169 size-full\" title=\"(Foto: TV Globo\/Garota do Momento)\" src=\"https:\/\/i0.wp.com\/www.tvnovelas.com.br\/tvnews\/wp-content\/uploads\/2024\/12\/40563.jpg?resize=728%2C410&#038;ssl=1\" alt=\"Foto em Garota do Momento: Juliano manda\" width=\"728\" height=\"410\" \/><figcaption id=\"caption-attachment-71169\" class=\"wp-caption-text\">Garota do Momento: Juliano manda&#8230;.<\/figcaption><\/figure>\n<p>Em Garota do Momento, Juliano (F\u00e1bio Assun\u00e7\u00e3o) aceitou ter Beatriz (Duda Santos) como garota-propaganda de sua empresa para evitar mais problemas com a menina. No entanto, o dono da Perfumaria Carioca n\u00e3o vai desistir de tentar mudar a ess\u00eancia de Beatriz. No cap\u00edtulo deste s\u00e1bado (14) de Garota do Momento, Juliano dir\u00e1 que para estar \u00e0 frente da campanha da perfumaria, Beatriz ter\u00e1 que alisar os cabelos.Ela, claro, ir\u00e1 reagir.<\/p>\n<p>Primeiro, Juliano confessar\u00e1 a Raimundo (Danton Mello), o dono da Hi-Fi, e Alfredo Hon\u00f3rio (Eduardo Sterblitch) o seu medo de a campanha com Beatriz como protagonista n\u00e3o ser bem aceita pelo p\u00fablico.<\/p>\n<p>\u201cN\u00e3o se v\u00ea um an\u00fancio com uma mulher negra. E se essa campanha n\u00e3o der certo? Olha isso. S\u00f3 modelos brancas, de olhos claros, cabelos lisos. O oposto da Beatriz\u201d, diz ele, mostrando uma revista aos amigos.<\/p>\n<p>\u201cAs brasileiras s\u00e3o muito mais a cara da Beatriz do que dessas loiras escandinavas. Vejo no meu audit\u00f3rio\u201d, alega o radialista.<\/p>\n<p>Mas Juliano n\u00e3o se convencer\u00e1 e ir\u00e1 at\u00e9 o est\u00fadio fotogr\u00e1fico falar pessoalmente com Beatriz.<\/p>\n<p>\u201cCom licen\u00e7a, bom-dia a todos. Beatriz, uma palavrinha por favor\u201d, diz ele.<\/p>\n<p>\u201cPois n\u00e3o, doutor\u201d, responde Beatriz.<\/p>\n<p>\u201cVeja, Raimundo, \u00e9 isso que n\u00e3o pode. Pra essa mo\u00e7a conseguir agradar o nosso p\u00fablico, precisa alisar esse cabelo!<\/p>\n<p>Providencie isso j\u00e1\u201d, afirma ele, sem a menor cerim\u00f4nia.<\/p>\n<p>Beatriz, \u00e9 claro, ficar\u00e1 revoltada e afastar\u00e1 a m\u00e3o dele de seu cabelo instintivamente.<\/p>\n<p>\u201cComo \u00e9 que \u00e9? Mas n\u00e3o vou alisar meu cabelo de jeito nenhum!\u201d, reage a menina.<br \/>\n<!--END--><\/p>\n<div class=\"fb-comments\" data-width=\"100%\" data-order-by=\"reverse_time\" data-numposts=\"5\"><\/div>\n<h2>\u00daltimas publica\u00e7\u00f5es de Garota do Momento<\/h2>\n<div class=\"pt-cv-wrapper\"><div class=\"pt-cv-view pt-cv-grid pt-cv-colsys\" id=\"pt-cv-view-54854578lu\"><div data-id=\"pt-cv-page-1\" class=\"pt-cv-page\" data-cvc=\"1\"><div class=\"col-md-12 col-sm-12 col-xs-12 pt-cv-content-item pt-cv-1-col\" ><div class='pt-cv-ifield'><h4 class=\"pt-cv-title\"><a href=\"https:\/\/www.tvnovelas.com.br\/tvnews\/garota-do-momento-beatriz-e-beto-se-casam\/\" class=\"_self\" target=\"_self\" >Garota do Momento: Beatriz e Beto se casam<\/a><\/h4><\/div><\/div>\n<div class=\"col-md-12 col-sm-12 col-xs-12 pt-cv-content-item pt-cv-1-col\" ><div class='pt-cv-ifield'><h4 class=\"pt-cv-title\"><a href=\"https:\/\/www.tvnovelas.com.br\/tvnews\/garota-do-momento-clarice-sequestrada-por-juliano-desespera-beatriz\/\" class=\"_self\" target=\"_self\" >Garota do Momento: Clarice sequestrada por Juliano desespera Beatriz<\/a><\/h4><\/div><\/div>\n<div class=\"col-md-12 col-sm-12 col-xs-12 pt-cv-content-item pt-cv-1-col\" ><div class='pt-cv-ifield'><h4 class=\"pt-cv-title\"><a href=\"https:\/\/www.tvnovelas.com.br\/tvnews\/garota-do-momento-clarice-cospe-na-cara-de-maristela\/\" class=\"_self\" target=\"_self\" >Garota do Momento: Clarice cospe na cara de Maristela<\/a><\/h4><\/div><\/div>\n<div class=\"col-md-12 col-sm-12 col-xs-12 pt-cv-content-item pt-cv-1-col\" ><div class='pt-cv-ifield'><h4 class=\"pt-cv-title\"><a href=\"https:\/\/www.tvnovelas.com.br\/tvnews\/garota-do-momento-ligia-emociona-ao-dedicar-nova-musica-a-raimundo\/\" class=\"_self\" target=\"_self\" >Garota do Momento: Ligia emociona ao dedicar nova m\u00fasica a Raimundo<\/a><\/h4><\/div><\/div>\n<div class=\"col-md-12 col-sm-12 col-xs-12 pt-cv-content-item pt-cv-1-col\" ><div class='pt-cv-ifield'><h4 class=\"pt-cv-title\"><a href=\"https:\/\/www.tvnovelas.com.br\/tvnews\/garota-do-momento-zelia-beatriz-e-basilio-unidos-para-desmascarar-juliano\/\" class=\"_self\" target=\"_self\" >Garota do Momento: Z\u00e9lia, Beatriz e Bas\u00edlio unidos para desmascarar Juliano<\/a><\/h4><\/div><\/div>\n<div class=\"col-md-12 col-sm-12 col-xs-12 pt-cv-content-item pt-cv-1-col\" ><div class='pt-cv-ifield'><h4 class=\"pt-cv-title\"><a href=\"https:\/\/www.tvnovelas.com.br\/tvnews\/garota-do-momento-ligia-confessa-que-ama-raimundo-e-quer-voltar\/\" class=\"_self\" target=\"_self\" >Garota do Momento: Ligia confessa que ama Raimundo e quer voltar<\/a><\/h4><\/div><\/div><\/div><\/div><\/div>\n<h2>\u00daltimas not\u00edcias das novelas<\/h2>\n<p>[wp-rss-aggregator feeds=&#8221;todas&#8221;]<br \/>\n<a href=\"https:\/\/wp.me\/pfspD2-Ti\" target=\"_blank\" rel=\"noopener\"><strong>Garota do Momento: A saga dos Alencar<\/strong><\/a> (Sinopse)<br \/>\n<a href=\"https:\/\/tvnovelas.com.br\/filmes\/filmes-na-tv-segunda\/\" target=\"_blank\" rel=\"noopener\">Confira a programa\u00e7\u00e3o de filmes na TV aberta<\/a><br \/>\n<a href=\"https:\/\/www.tvnovelas.com.br\/tvnews\/\">\u00daltimas not\u00edcias de todas as novelas<\/a><\/p>\n","protected":false},"excerpt":{"rendered":"<p>Garota do Momento: Juliano manda&#8230;.  Em Garota do Momento, Juliano (F\u00e1bio Assun\u00e7\u00e3o) aceitou ter Beatriz (Duda Santos) como garota-propaganda&#8230;.<\/p>\n","protected":false},"author":1,"featured_media":71169,"comment_status":"closed","ping_status":"closed","sticky":false,"template":"","format":"standard","meta":{"_uf_show_specific_survey":0,"_uf_disable_surveys":false,"_jetpack_memberships_contains_paid_content":false,"footnotes":"","_wp_rev_ctl_limit":""},"categories":[812],"tags":[813,5,64],"class_list":["post-71168","post","type-post","status-publish","format-standard","has-post-thumbnail","hentry","category-garota-do-momento","tag-garota-do-momento","tag-globo","tag-novelas","wpcat-812-id"],"aioseo_notices":[],"jetpack_featured_media_url":"https:\/\/i0.wp.com\/www.tvnovelas.com.br\/tvnews\/wp-content\/uploads\/2024\/12\/40563.jpg?fit=728%2C410&ssl=1","jetpack_shortlink":"https:\/\/wp.me\/pdP2BO-ivS","jetpack_sharing_enabled":true,"_links":{"self":[{"href":"https:\/\/www.tvnovelas.com.br\/tvnews\/wp-json\/wp\/v2\/posts\/71168","targetHints":{"allow":["GET"]}}],"collection":[{"href":"https:\/\/www.tvnovelas.com.br\/tvnews\/wp-json\/wp\/v2\/posts"}],"about":[{"href":"https:\/\/www.tvnovelas.com.br\/tvnews\/wp-json\/wp\/v2\/types\/post"}],"author":[{"embeddable":true,"href":"https:\/\/www.tvnovelas.com.br\/tvnews\/wp-json\/wp\/v2\/users\/1"}],"replies":[{"embeddable":true,"href":"https:\/\/www.tvnovelas.com.br\/tvnews\/wp-json\/wp\/v2\/comments?post=71168"}],"version-history":[{"count":1,"href":"https:\/\/www.tvnovelas.com.br\/tvnews\/wp-json\/wp\/v2\/posts\/71168\/revisions"}],"predecessor-version":[{"id":71170,"href":"https:\/\/www.tvnovelas.com.br\/tvnews\/wp-json\/wp\/v2\/posts\/71168\/revisions\/71170"}],"wp:featuredmedia":[{"embeddable":true,"href":"https:\/\/www.tvnovelas.com.br\/tvnews\/wp-json\/wp\/v2\/media\/71169"}],"wp:attachment":[{"href":"https:\/\/www.tvnovelas.com.br\/tvnews\/wp-json\/wp\/v2\/media?parent=71168"}],"wp:term":[{"taxonomy":"category","embeddable":true,"href":"https:\/\/www.tvnovelas.com.br\/tvnews\/wp-json\/wp\/v2\/categories?post=71168"},{"taxonomy":"post_tag","embeddable":true,"href":"https:\/\/www.tvnovelas.com.br\/tvnews\/wp-json\/wp\/v2\/tags?post=71168"}],"curies":[{"name":"wp","href":"https:\/\/api.w.org\/{rel}","templated":true}]}}