{"id":71199,"date":"2024-12-15T09:09:12","date_gmt":"2024-12-15T12:09:12","guid":{"rendered":"https:\/\/www.tvnovelas.com.br\/tvnews\/?p=71199"},"modified":"2024-12-15T09:09:12","modified_gmt":"2024-12-15T12:09:12","slug":"garota-do-momento-beatriz-desmaia-no-palco-apos-sabotagem-de-bia","status":"publish","type":"post","link":"https:\/\/www.tvnovelas.com.br\/tvnews\/garota-do-momento-beatriz-desmaia-no-palco-apos-sabotagem-de-bia\/","title":{"rendered":"Garota do Momento: Beatriz desmaia no palco ap\u00f3s sabotagem de Bia"},"content":{"rendered":"<figure id=\"attachment_71200\" aria-describedby=\"caption-attachment-71200\" style=\"width: 728px\" class=\"wp-caption alignnone\"><img data-recalc-dims=\"1\" decoding=\"async\" class=\"wp-image-71200 size-full\" title=\"(Foto: TV Globo\/Garota do Momento)\" src=\"https:\/\/i0.wp.com\/www.tvnovelas.com.br\/tvnews\/wp-content\/uploads\/2024\/12\/40570.jpg?resize=728%2C410&#038;ssl=1\" alt=\"Foto em Garota do Momento: Beatriz desmaia\" width=\"728\" height=\"410\" \/><figcaption id=\"caption-attachment-71200\" class=\"wp-caption-text\">Garota do Momento: Beatriz desmaia<\/figcaption><\/figure>\n<p>Em Garota do Momento, chega o dia em que Beatriz (Duda Santos) ser\u00e1 apresentada ao vivo no programa Alfredo Hon\u00f3rio Show como garota-propaganda da Perfumaria Carioca. Mas Bia (Maisa) n\u00e3o est\u00e1 disposta a deixar a rival brilhar. Beatriz ir\u00e1 desmaiar no meio do palco! Tudo porque Bia ir\u00e1 colocar desinfetante no creme de cabelo dela&#8230;<\/p>\n<p>No camarim, Glorinha (Mariana Sena) ir\u00e1 arrumar o cabelo de Beatriz para ela brilhar no palco, sem perceber que o creme que usa ter\u00e1 sido sabotado por Bia.<\/p>\n<p>\u201cDuvido que esse cabelo n\u00e3o desmonte todinho!\u201d, comenta a vilazinha para si mesma.<\/p>\n<p>J\u00e1 com o programa no ar, Alfredo (Eduardo Sterblitch) chamar\u00e1 o presidente da Perfumaria Carioca, Juliano (Fabio Assun\u00e7\u00e3o), para apresentar Beatriz como nova garota propaganda da marca. O dono da empresa, como combinado no contrato dela, pedir\u00e1 desculpas publicamente para a mo\u00e7a.<\/p>\n<p>\u201cComo presidente da Perfumaria Carioca, tenho o enorme prazer e orgulho de apresentar a nossa nova garota-propaganda, a jovem Beatriz Toledo!\u201d, diz ele, para continuar:<\/p>\n<p>\u201cQuero aproveitar a oportunidade para pedir desculpas publicamente a Beatriz e a todos que se sentiram ofendidos como ela. Meu arrependimento \u00e9 imenso e garanto que meu equ\u00edvoco n\u00e3o foi motivado de forma alguma por racismo.\u201d<\/p>\n<p>Neste momento, Beatriz, nervosa, j\u00e1 estar\u00e1 se sentindo mal. E, ao ser chamada ao palco, a neta de Carmen (Solange Couto) come\u00e7ar\u00e1 a ter uma crise de asma.<\/p>\n<p>\u201cObrigada, eu&#8230;\u201d, diz Beatriz, sem conseguir completar a frase.<\/p>\n<p>A menina, ent\u00e3o, n\u00e3o conseguir\u00e1 mais respirar por causa do desinfetante em seu cabelo e ir\u00e1 desmaiar, para desespero de todos presentes no programa.<br \/>\n<!--END--><\/p>\n<div class=\"fb-comments\" data-width=\"100%\" data-order-by=\"reverse_time\" data-numposts=\"5\"><\/div>\n<h2>\u00daltimas publica\u00e7\u00f5es de Garota do Momento<\/h2>\n<div class=\"pt-cv-wrapper\"><div class=\"pt-cv-view pt-cv-grid pt-cv-colsys\" id=\"pt-cv-view-54854578lu\"><div data-id=\"pt-cv-page-1\" class=\"pt-cv-page\" data-cvc=\"1\"><div class=\"col-md-12 col-sm-12 col-xs-12 pt-cv-content-item pt-cv-1-col\" ><div class='pt-cv-ifield'><h4 class=\"pt-cv-title\"><a href=\"https:\/\/www.tvnovelas.com.br\/tvnews\/garota-do-momento-beatriz-e-beto-se-casam\/\" class=\"_self\" target=\"_self\" >Garota do Momento: Beatriz e Beto se casam<\/a><\/h4><\/div><\/div>\n<div class=\"col-md-12 col-sm-12 col-xs-12 pt-cv-content-item pt-cv-1-col\" ><div class='pt-cv-ifield'><h4 class=\"pt-cv-title\"><a href=\"https:\/\/www.tvnovelas.com.br\/tvnews\/garota-do-momento-clarice-sequestrada-por-juliano-desespera-beatriz\/\" class=\"_self\" target=\"_self\" >Garota do Momento: Clarice sequestrada por Juliano desespera Beatriz<\/a><\/h4><\/div><\/div>\n<div class=\"col-md-12 col-sm-12 col-xs-12 pt-cv-content-item pt-cv-1-col\" ><div class='pt-cv-ifield'><h4 class=\"pt-cv-title\"><a href=\"https:\/\/www.tvnovelas.com.br\/tvnews\/garota-do-momento-clarice-cospe-na-cara-de-maristela\/\" class=\"_self\" target=\"_self\" >Garota do Momento: Clarice cospe na cara de Maristela<\/a><\/h4><\/div><\/div>\n<div class=\"col-md-12 col-sm-12 col-xs-12 pt-cv-content-item pt-cv-1-col\" ><div class='pt-cv-ifield'><h4 class=\"pt-cv-title\"><a href=\"https:\/\/www.tvnovelas.com.br\/tvnews\/garota-do-momento-ligia-emociona-ao-dedicar-nova-musica-a-raimundo\/\" class=\"_self\" target=\"_self\" >Garota do Momento: Ligia emociona ao dedicar nova m\u00fasica a Raimundo<\/a><\/h4><\/div><\/div>\n<div class=\"col-md-12 col-sm-12 col-xs-12 pt-cv-content-item pt-cv-1-col\" ><div class='pt-cv-ifield'><h4 class=\"pt-cv-title\"><a href=\"https:\/\/www.tvnovelas.com.br\/tvnews\/garota-do-momento-zelia-beatriz-e-basilio-unidos-para-desmascarar-juliano\/\" class=\"_self\" target=\"_self\" >Garota do Momento: Z\u00e9lia, Beatriz e Bas\u00edlio unidos para desmascarar Juliano<\/a><\/h4><\/div><\/div>\n<div class=\"col-md-12 col-sm-12 col-xs-12 pt-cv-content-item pt-cv-1-col\" ><div class='pt-cv-ifield'><h4 class=\"pt-cv-title\"><a href=\"https:\/\/www.tvnovelas.com.br\/tvnews\/garota-do-momento-ligia-confessa-que-ama-raimundo-e-quer-voltar\/\" class=\"_self\" target=\"_self\" >Garota do Momento: Ligia confessa que ama Raimundo e quer voltar<\/a><\/h4><\/div><\/div><\/div><\/div><\/div>\n<h2>\u00daltimas not\u00edcias das novelas<\/h2>\n<p>[wp-rss-aggregator feeds=&#8221;todas&#8221;]<br \/>\n<a href=\"https:\/\/wp.me\/pfspD2-Ti\" target=\"_blank\" rel=\"noopener\"><strong>Garota do Momento: A saga dos Alencar<\/strong><\/a> (Sinopse)<br \/>\n<a href=\"https:\/\/tvnovelas.com.br\/filmes\/filmes-na-tv-segunda\/\" target=\"_blank\" rel=\"noopener\">Confira a programa\u00e7\u00e3o de filmes na TV aberta<\/a><br \/>\n<a href=\"https:\/\/www.tvnovelas.com.br\/tvnews\/\">\u00daltimas not\u00edcias de todas as novelas<\/a><\/p>\n","protected":false},"excerpt":{"rendered":"<p>Garota do Momento: Beatriz desmaia&#8230; Em Garota do Momento, chega o dia em que Beatriz (Duda Santos) ser\u00e1 apresentada ao vivo no programa&#8230;<\/p>\n","protected":false},"author":1,"featured_media":71200,"comment_status":"closed","ping_status":"closed","sticky":false,"template":"","format":"standard","meta":{"_uf_show_specific_survey":0,"_uf_disable_surveys":false,"_jetpack_memberships_contains_paid_content":false,"footnotes":"","_wp_rev_ctl_limit":""},"categories":[812],"tags":[813,5,64],"class_list":["post-71199","post","type-post","status-publish","format-standard","has-post-thumbnail","hentry","category-garota-do-momento","tag-garota-do-momento","tag-globo","tag-novelas","wpcat-812-id"],"aioseo_notices":[],"jetpack_featured_media_url":"https:\/\/i0.wp.com\/www.tvnovelas.com.br\/tvnews\/wp-content\/uploads\/2024\/12\/40570.jpg?fit=728%2C410&ssl=1","jetpack_shortlink":"https:\/\/wp.me\/pdP2BO-iwn","jetpack_sharing_enabled":true,"_links":{"self":[{"href":"https:\/\/www.tvnovelas.com.br\/tvnews\/wp-json\/wp\/v2\/posts\/71199","targetHints":{"allow":["GET"]}}],"collection":[{"href":"https:\/\/www.tvnovelas.com.br\/tvnews\/wp-json\/wp\/v2\/posts"}],"about":[{"href":"https:\/\/www.tvnovelas.com.br\/tvnews\/wp-json\/wp\/v2\/types\/post"}],"author":[{"embeddable":true,"href":"https:\/\/www.tvnovelas.com.br\/tvnews\/wp-json\/wp\/v2\/users\/1"}],"replies":[{"embeddable":true,"href":"https:\/\/www.tvnovelas.com.br\/tvnews\/wp-json\/wp\/v2\/comments?post=71199"}],"version-history":[{"count":1,"href":"https:\/\/www.tvnovelas.com.br\/tvnews\/wp-json\/wp\/v2\/posts\/71199\/revisions"}],"predecessor-version":[{"id":71201,"href":"https:\/\/www.tvnovelas.com.br\/tvnews\/wp-json\/wp\/v2\/posts\/71199\/revisions\/71201"}],"wp:featuredmedia":[{"embeddable":true,"href":"https:\/\/www.tvnovelas.com.br\/tvnews\/wp-json\/wp\/v2\/media\/71200"}],"wp:attachment":[{"href":"https:\/\/www.tvnovelas.com.br\/tvnews\/wp-json\/wp\/v2\/media?parent=71199"}],"wp:term":[{"taxonomy":"category","embeddable":true,"href":"https:\/\/www.tvnovelas.com.br\/tvnews\/wp-json\/wp\/v2\/categories?post=71199"},{"taxonomy":"post_tag","embeddable":true,"href":"https:\/\/www.tvnovelas.com.br\/tvnews\/wp-json\/wp\/v2\/tags?post=71199"}],"curies":[{"name":"wp","href":"https:\/\/api.w.org\/{rel}","templated":true}]}}