{"id":71241,"date":"2024-12-17T09:13:28","date_gmt":"2024-12-17T12:13:28","guid":{"rendered":"https:\/\/www.tvnovelas.com.br\/tvnews\/?p=71241"},"modified":"2024-12-17T09:13:28","modified_gmt":"2024-12-17T12:13:28","slug":"garota-do-momento-ronaldo-descobre-que-bia-sabotou-cabelo-de-beatriz","status":"publish","type":"post","link":"https:\/\/www.tvnovelas.com.br\/tvnews\/garota-do-momento-ronaldo-descobre-que-bia-sabotou-cabelo-de-beatriz\/","title":{"rendered":"Garota do Momento: Ronaldo descobre que Bia sabotou cabelo de Beatriz"},"content":{"rendered":"<figure id=\"attachment_71242\" aria-describedby=\"caption-attachment-71242\" style=\"width: 728px\" class=\"wp-caption alignnone\"><img data-recalc-dims=\"1\" decoding=\"async\" class=\"wp-image-71242 size-full\" title=\"(Foto: TV Globo\/Garota do Momento)\" src=\"https:\/\/i0.wp.com\/www.tvnovelas.com.br\/tvnews\/wp-content\/uploads\/2024\/12\/10270.jpg?resize=728%2C410&#038;ssl=1\" alt=\"Foto em Garota do Momento: Ronaldo....\" width=\"728\" height=\"410\" \/><figcaption id=\"caption-attachment-71242\" class=\"wp-caption-text\">Garota do Momento: Ronaldo&#8230;<\/figcaption><\/figure>\n<p>Em Garota do Momento, o plano de Bia (Maisa) para acabar com o sucesso de Beatriz (Duda Santos) no Alfredo Hon\u00f3rio Show foi longe demais e, com desinfetante no seu creme de cabelo, a garota-propaganda da Perfumaria Carioca teve uma crise de asma e desmaiou no palco. E quem vai descobrir que todo o ocorrido \u00e9 culpa de Bia ser\u00e1 Ronaldo (Jo\u00e3o Vitor Silva). Ele, claro, vai se aproveitar dessa informa\u00e7\u00e3o. Ronaldo ir\u00e1 colocar Bia contra a parede e amea\u00e7ar\u00e1 contar tudo para Beto (Pedro Novaes). Vem saber mais!<\/p>\n<p>\u201cBom dia, bom dia. Acordei animad\u00edssima para o trabalho\u201d, diz Bia ao chegar \u00e0 Hi-Fi Propaganda.<\/p>\n<p>\u201cEssa anima\u00e7\u00e3o toda \u00e9 porque voc\u00ea conseguiu arruinar a apresenta\u00e7\u00e3o da Beatriz?\u201d, pergunta Ronaldo, na lata.<br \/>\nBia, claro, se far\u00e1 de desentendida.<\/p>\n<p>\u201cWhat?\u201d, questiona ela.<\/p>\n<p>\u201cOu vai negar na cara dura que jogou desinfetante no creme de cabelo dela?\u201d, insiste ele.<\/p>\n<p>\u201cQue absurdo, Ronaldo! Jamais faria isso\u201d, defende-se Bia.<\/p>\n<p>Mas Ronaldo dir\u00e1 que viu o desinfetante na bolsa de Bia no dia do Alfredo Hon\u00f3rio Show.<\/p>\n<p>\u201cEu vi o frasco de Germinex na sua bolsa ontem, Bia. Por acaso voc\u00ea anda por a\u00ed disposta a faxinar algum banheiro? A esfregar um piso?\u201d, ironiza o irm\u00e3o de Beto.<\/p>\n<p>E Ronaldo ir\u00e1 ainda mais longe. Ele amea\u00e7ar\u00e1 contar tudo para Beto!<\/p>\n<p>\u201cQue grande vigarista voc\u00ea, menina. At\u00e9 agora n\u00e3o acredito que tenha feito essa marmota. Quero s\u00f3 ver o que o Beto vai achar disso.\u201d<br \/>\n<!--END--><\/p>\n<div class=\"fb-comments\" data-width=\"100%\" data-order-by=\"reverse_time\" data-numposts=\"5\"><\/div>\n<h2>\u00daltimas publica\u00e7\u00f5es de Garota do Momento<\/h2>\n<div class=\"pt-cv-wrapper\"><div class=\"pt-cv-view pt-cv-grid pt-cv-colsys\" id=\"pt-cv-view-54854578lu\"><div data-id=\"pt-cv-page-1\" class=\"pt-cv-page\" data-cvc=\"1\"><div class=\"col-md-12 col-sm-12 col-xs-12 pt-cv-content-item pt-cv-1-col\" ><div class='pt-cv-ifield'><h4 class=\"pt-cv-title\"><a href=\"https:\/\/www.tvnovelas.com.br\/tvnews\/garota-do-momento-beatriz-e-beto-se-casam\/\" class=\"_self\" target=\"_self\" >Garota do Momento: Beatriz e Beto se casam<\/a><\/h4><\/div><\/div>\n<div class=\"col-md-12 col-sm-12 col-xs-12 pt-cv-content-item pt-cv-1-col\" ><div class='pt-cv-ifield'><h4 class=\"pt-cv-title\"><a href=\"https:\/\/www.tvnovelas.com.br\/tvnews\/garota-do-momento-clarice-sequestrada-por-juliano-desespera-beatriz\/\" class=\"_self\" target=\"_self\" >Garota do Momento: Clarice sequestrada por Juliano desespera Beatriz<\/a><\/h4><\/div><\/div>\n<div class=\"col-md-12 col-sm-12 col-xs-12 pt-cv-content-item pt-cv-1-col\" ><div class='pt-cv-ifield'><h4 class=\"pt-cv-title\"><a href=\"https:\/\/www.tvnovelas.com.br\/tvnews\/garota-do-momento-clarice-cospe-na-cara-de-maristela\/\" class=\"_self\" target=\"_self\" >Garota do Momento: Clarice cospe na cara de Maristela<\/a><\/h4><\/div><\/div>\n<div class=\"col-md-12 col-sm-12 col-xs-12 pt-cv-content-item pt-cv-1-col\" ><div class='pt-cv-ifield'><h4 class=\"pt-cv-title\"><a href=\"https:\/\/www.tvnovelas.com.br\/tvnews\/garota-do-momento-ligia-emociona-ao-dedicar-nova-musica-a-raimundo\/\" class=\"_self\" target=\"_self\" >Garota do Momento: Ligia emociona ao dedicar nova m\u00fasica a Raimundo<\/a><\/h4><\/div><\/div>\n<div class=\"col-md-12 col-sm-12 col-xs-12 pt-cv-content-item pt-cv-1-col\" ><div class='pt-cv-ifield'><h4 class=\"pt-cv-title\"><a href=\"https:\/\/www.tvnovelas.com.br\/tvnews\/garota-do-momento-zelia-beatriz-e-basilio-unidos-para-desmascarar-juliano\/\" class=\"_self\" target=\"_self\" >Garota do Momento: Z\u00e9lia, Beatriz e Bas\u00edlio unidos para desmascarar Juliano<\/a><\/h4><\/div><\/div>\n<div class=\"col-md-12 col-sm-12 col-xs-12 pt-cv-content-item pt-cv-1-col\" ><div class='pt-cv-ifield'><h4 class=\"pt-cv-title\"><a href=\"https:\/\/www.tvnovelas.com.br\/tvnews\/garota-do-momento-ligia-confessa-que-ama-raimundo-e-quer-voltar\/\" class=\"_self\" target=\"_self\" >Garota do Momento: Ligia confessa que ama Raimundo e quer voltar<\/a><\/h4><\/div><\/div><\/div><\/div><\/div>\n<h2>\u00daltimas not\u00edcias das novelas<\/h2>\n<p>[wp-rss-aggregator feeds=&#8221;todas&#8221;]<br \/>\n<a href=\"https:\/\/wp.me\/pfspD2-Ti\" target=\"_blank\" rel=\"noopener\"><strong>Garota do Momento: A saga dos Alencar<\/strong><\/a> (Sinopse)<br \/>\n<a href=\"https:\/\/tvnovelas.com.br\/filmes\/filmes-na-tv-segunda\/\" target=\"_blank\" rel=\"noopener\">Confira a programa\u00e7\u00e3o de filmes na TV aberta<\/a><br \/>\n<a href=\"https:\/\/www.tvnovelas.com.br\/tvnews\/\">\u00daltimas not\u00edcias de todas as novelas<\/a><\/p>\n","protected":false},"excerpt":{"rendered":"<p>Garota do Momento: Ronaldo&#8230; Em Garota do Momento, o plano de Bia (Maisa) para acabar com o sucesso de Beatriz (Duda Santos) no Alfredo&#8230;<\/p>\n","protected":false},"author":1,"featured_media":71242,"comment_status":"closed","ping_status":"closed","sticky":false,"template":"","format":"standard","meta":{"_uf_show_specific_survey":0,"_uf_disable_surveys":false,"_jetpack_memberships_contains_paid_content":false,"footnotes":"","_wp_rev_ctl_limit":""},"categories":[812],"tags":[813,5,64],"class_list":["post-71241","post","type-post","status-publish","format-standard","has-post-thumbnail","hentry","category-garota-do-momento","tag-garota-do-momento","tag-globo","tag-novelas","wpcat-812-id"],"aioseo_notices":[],"jetpack_featured_media_url":"https:\/\/i0.wp.com\/www.tvnovelas.com.br\/tvnews\/wp-content\/uploads\/2024\/12\/10270.jpg?fit=728%2C410&ssl=1","jetpack_shortlink":"https:\/\/wp.me\/pdP2BO-ix3","jetpack_sharing_enabled":true,"_links":{"self":[{"href":"https:\/\/www.tvnovelas.com.br\/tvnews\/wp-json\/wp\/v2\/posts\/71241","targetHints":{"allow":["GET"]}}],"collection":[{"href":"https:\/\/www.tvnovelas.com.br\/tvnews\/wp-json\/wp\/v2\/posts"}],"about":[{"href":"https:\/\/www.tvnovelas.com.br\/tvnews\/wp-json\/wp\/v2\/types\/post"}],"author":[{"embeddable":true,"href":"https:\/\/www.tvnovelas.com.br\/tvnews\/wp-json\/wp\/v2\/users\/1"}],"replies":[{"embeddable":true,"href":"https:\/\/www.tvnovelas.com.br\/tvnews\/wp-json\/wp\/v2\/comments?post=71241"}],"version-history":[{"count":1,"href":"https:\/\/www.tvnovelas.com.br\/tvnews\/wp-json\/wp\/v2\/posts\/71241\/revisions"}],"predecessor-version":[{"id":71243,"href":"https:\/\/www.tvnovelas.com.br\/tvnews\/wp-json\/wp\/v2\/posts\/71241\/revisions\/71243"}],"wp:featuredmedia":[{"embeddable":true,"href":"https:\/\/www.tvnovelas.com.br\/tvnews\/wp-json\/wp\/v2\/media\/71242"}],"wp:attachment":[{"href":"https:\/\/www.tvnovelas.com.br\/tvnews\/wp-json\/wp\/v2\/media?parent=71241"}],"wp:term":[{"taxonomy":"category","embeddable":true,"href":"https:\/\/www.tvnovelas.com.br\/tvnews\/wp-json\/wp\/v2\/categories?post=71241"},{"taxonomy":"post_tag","embeddable":true,"href":"https:\/\/www.tvnovelas.com.br\/tvnews\/wp-json\/wp\/v2\/tags?post=71241"}],"curies":[{"name":"wp","href":"https:\/\/api.w.org\/{rel}","templated":true}]}}