{"id":71266,"date":"2024-12-17T15:18:27","date_gmt":"2024-12-17T18:18:27","guid":{"rendered":"https:\/\/www.tvnovelas.com.br\/tvnews\/?p=71266"},"modified":"2024-12-17T16:00:12","modified_gmt":"2024-12-17T19:00:12","slug":"mexicana-o-privilegio-de-amar-ja-esta-no-globoplay","status":"publish","type":"post","link":"https:\/\/www.tvnovelas.com.br\/tvnews\/mexicana-o-privilegio-de-amar-ja-esta-no-globoplay\/","title":{"rendered":"Mexicana \u2018O Privil\u00e9gio de Amar\u2019 j\u00e1 est\u00e1 no Globoplay"},"content":{"rendered":"<figure id=\"attachment_71268\" aria-describedby=\"caption-attachment-71268\" style=\"width: 728px\" class=\"wp-caption alignnone\"><img data-recalc-dims=\"1\" decoding=\"async\" class=\"wp-image-71268 size-full\" title=\"Foto: Divulga\u00e7\u00e3o\" src=\"https:\/\/i0.wp.com\/www.tvnovelas.com.br\/tvnews\/wp-content\/uploads\/2024\/12\/10276.jpg?resize=728%2C410&#038;ssl=1\" alt=\"Foto em O Privil\u00e9gio de Amar\" width=\"728\" height=\"410\" \/><figcaption id=\"caption-attachment-71268\" class=\"wp-caption-text\">O Privil\u00e9gio de Amar&#8230;.<\/figcaption><\/figure>\n<p>O cl\u00e1ssico da dramaturgia mexicana, \u2018O Privil\u00e9gio de Amar\u2019chegou ao cat\u00e1logo do Globoplay nesta segunda-feira, dia 16, com publica\u00e7\u00f5es semanais at\u00e9 a segunda quinzena de janeiro de 2025. Com um enredo emocionante, a hist\u00f3ria gira em torno de Luciana (Helena Rojo), que engravida do seminarista Juan de la Cruz (C\u00e9sar \u00c9vora) e \u00e9 for\u00e7ada a abandonar sua filha no port\u00e3o de uma mans\u00e3o rica, na esperan\u00e7a de que ela seja adotada. Por\u00e9m, a menina \u00e9 levada para o convento das Irm\u00e3s da Caridade, onde \u00e9 criada e educada.<\/p>\n<p>Vinte anos depois, Luciana passa por uma grande mudan\u00e7a na sua vida. Agora, ela \u00e9 propriet\u00e1ria de uma conceituada grife e casada com Andr\u00e9s (Andr\u00e9s Garcia), um atraente ator de TV. Seu marido tem um filho do primeiro casamento, V\u00edctor Manuel (Ren\u00e9 Strickler), e os dois t\u00eam uma filha, Lizbeth (Adriana Nieto), caprichosa, rebelde e namorada de Mauricio (Rafael Mercadante), um jovem roqueiro de fam\u00edlia rica que vive se aventurando por a\u00ed.<\/p>\n<p>A novela se concentra nos conflitos familiares, na busca pelo poder e nos dilemas amorosos, o que resulta numa narrativa intensa e cheia de reviravoltas. Cristina (Adela Noriega), a filha que foi abandonada quando era uma crian\u00e7a, tornou-se uma mulher bela e com boas inten\u00e7\u00f5es. Ela divide um apartamento com Lorenza (Sabrina Moussier), uma jovem sincera mas ousada, e Maclovia (Isadora Gonz\u00e1lez), uma estudante universit\u00e1ria e batalhadora.<\/p>\n<p>Cristina come\u00e7a a trabalhar na grife de moda da sua m\u00e3e biol\u00f3gica. Depois de muito esfor\u00e7o e sacrif\u00edcio, ela consegue a t\u00e3o sonhada oportunidade de ser modelo. Durante essa fase, conhece Victor Manuel e, a partir da\u00ed, nasce uma paix\u00e3o entre eles. No entanto, a vida de Luciana vira de cabe\u00e7a para baixo quando descobre que a modelo por quem seu enteado \u00e9 apaixonado est\u00e1 profundamente ligada ao seu passado. Com 25 cap\u00edtulos, a hist\u00f3ria \u00e9 produzida por Carla Estrada, famosa produtora mexicana de telenovelas. O elenco tem nomes estrelados como Helena Hojo, que est\u00e1 em \u2018A Candidata\u2019, tamb\u00e9m dispon\u00edvel no Globoplay.<br \/>\n<strong>Saiba mais:<\/strong><br \/>\n<a href=\"https:\/\/wp.me\/pfspD2-32\" target=\"_blank\" rel=\"noopener\">Sinopse e prinicipais personagens<\/a><\/p>\n<h3>Coment\u00e1rios<\/h3>\n<div class=\"fb-comments\" data-width=\"100%\" data-order-by=\"reverse_time\" data-numposts=\"5\"><\/div>\n<p><strong style=\"font-size: 120%;\">\u00daltimas not\u00edcias deste canal:<\/strong>\r\n<div class=\"pt-cv-wrapper\"><div class=\"pt-cv-view pt-cv-grid pt-cv-colsys\" id=\"pt-cv-view-90991035b3\"><div data-id=\"pt-cv-page-1\" class=\"pt-cv-page\" data-cvc=\"1\"><div class=\"col-md-12 col-sm-12 col-xs-12 pt-cv-content-item pt-cv-1-col\" ><div class='pt-cv-ifield'><h4 class=\"pt-cv-title\"><a href=\"https:\/\/www.tvnovelas.com.br\/tvnews\/coracao-de-mae-reha-sai-para-jantar-com-selvi\/\" class=\"_self\" target=\"_self\" >Cora\u00e7\u00e3o de M\u00e3e: Reha sai para jantar com Selvi<\/a><\/h4><\/div><\/div>\n<div class=\"col-md-12 col-sm-12 col-xs-12 pt-cv-content-item pt-cv-1-col\" ><div class='pt-cv-ifield'><h4 class=\"pt-cv-title\"><a href=\"https:\/\/www.tvnovelas.com.br\/tvnews\/coracao-acelerado-zila-se-preocupa-com-sua-situacao-apos-separacao\/\" class=\"_self\" target=\"_self\" >Cora\u00e7\u00e3o Acelerado: Zil\u00e1 se preocupa com sua situa\u00e7\u00e3o ap\u00f3s separa\u00e7\u00e3o<\/a><\/h4><\/div><\/div>\n<div class=\"col-md-12 col-sm-12 col-xs-12 pt-cv-content-item pt-cv-1-col\" ><div class='pt-cv-ifield'><h4 class=\"pt-cv-title\"><a href=\"https:\/\/www.tvnovelas.com.br\/tvnews\/a-nobreza-do-amor-tonho-nao-se-curva-diante-de-mirinho\/\" class=\"_self\" target=\"_self\" >A Nobreza do Amor: Tonho n\u00e3o se curva diante de Mirinho<\/a><\/h4><\/div><\/div>\n<div class=\"col-md-12 col-sm-12 col-xs-12 pt-cv-content-item pt-cv-1-col\" ><div class='pt-cv-ifield'><h4 class=\"pt-cv-title\"><a href=\"https:\/\/www.tvnovelas.com.br\/tvnews\/tres-gracas-arminda-surta-ao-confirmar-que-ferette-e-pai-de-raul\/\" class=\"_self\" target=\"_self\" >Tr\u00eas Gra\u00e7as:  Arminda surta ao confirmar que Ferette \u00e9 pai de Raul<\/a><\/h4><\/div><\/div>\n<div class=\"col-md-12 col-sm-12 col-xs-12 pt-cv-content-item pt-cv-1-col\" ><div class='pt-cv-ifield'><h4 class=\"pt-cv-title\"><a href=\"https:\/\/www.tvnovelas.com.br\/tvnews\/coracao-de-mae-atilla-confronta-hasan-e-exige-o-divorcio-de-lale\/\" class=\"_self\" target=\"_self\" >Cora\u00e7\u00e3o de M\u00e3e: Atilla confronta Hasan e exige o div\u00f3rcio de Lale<\/a><\/h4><\/div><\/div>\n<div class=\"col-md-12 col-sm-12 col-xs-12 pt-cv-content-item pt-cv-1-col\" ><div class='pt-cv-ifield'><h4 class=\"pt-cv-title\"><a href=\"https:\/\/www.tvnovelas.com.br\/tvnews\/guerra-das-rosas-gulfem-coloca-gulru-contra-a-parede\/\" class=\"_self\" target=\"_self\" >Guerra das Rosas: Gulfem coloca Gulru contra a parede<\/a><\/h4><\/div><\/div>\n<div class=\"col-md-12 col-sm-12 col-xs-12 pt-cv-content-item pt-cv-1-col\" ><div class='pt-cv-ifield'><h4 class=\"pt-cv-title\"><a href=\"https:\/\/www.tvnovelas.com.br\/tvnews\/coracao-de-mae-atilla-diz-a-lale-que-quer-o-divorcio\/\" class=\"_self\" target=\"_self\" >Cora\u00e7\u00e3o de M\u00e3e: Atilla diz a Lale que quer o div\u00f3rcio<\/a><\/h4><\/div><\/div>\n<div class=\"col-md-12 col-sm-12 col-xs-12 pt-cv-content-item pt-cv-1-col\" ><div class='pt-cv-ifield'><h4 class=\"pt-cv-title\"><a href=\"https:\/\/www.tvnovelas.com.br\/tvnews\/a-nobreza-do-amor-mirinho-garante-noivado-com-virginia-para-atrair-sogro-a-negocio\/\" class=\"_self\" target=\"_self\" >A Nobreza do Amor: Mirinho garante noivado com Virg\u00ednia para atrair sogro a neg\u00f3cio<\/a><\/h4><\/div><\/div>\n<div class=\"col-md-12 col-sm-12 col-xs-12 pt-cv-content-item pt-cv-1-col\" ><div class='pt-cv-ifield'><h4 class=\"pt-cv-title\"><a href=\"https:\/\/www.tvnovelas.com.br\/tvnews\/tres-gracas-joaquim-propoe-fuga-a-arminda-com-o-dinheiro-das-tres-gracas\/\" class=\"_self\" target=\"_self\" >Tr\u00eas Gra\u00e7as:  Joaquim prop\u00f5e fuga a Arminda com o dinheiro das Tr\u00eas Gra\u00e7as<\/a><\/h4><\/div><\/div>\n<div class=\"col-md-12 col-sm-12 col-xs-12 pt-cv-content-item pt-cv-1-col\" ><div class='pt-cv-ifield'><h4 class=\"pt-cv-title\"><a href=\"https:\/\/www.tvnovelas.com.br\/tvnews\/coracao-de-mae-atilla-decide-abrir-o-jogo-com-karsu\/\" class=\"_self\" target=\"_self\" >Cora\u00e7\u00e3o de M\u00e3e: Atilla decide abrir o jogo com Karsu<\/a><\/h4><\/div><\/div><\/div><\/div><\/div>\r\n<a href=\"https:\/\/www.tvnovelas.com.br\/novelas\/\"><strong>Confira os resumos da semana de todas novelas<\/strong><\/a><\/br>\r\n<h3>Confira tamb\u00e9m<\/h3>\r\n<a href=\"https:\/\/www.tvnovelas.com.br\/filmes\/\" target=\"_blank\" rel=\"noopener noreferrer\"><strong>Programa\u00e7\u00e3o de filmes na TV aberta<\/strong><\/a><\/br>\r\n<a href=\"https:\/\/caetenews.com.br\/semana\/filmes-da-globo-na-sessao-da-tarde-desta-semana\/\" target=\"_blank\" rel=\"noopener\"><strong>Confira os filmes da semana na Sess\u00e3o da Tarde<\/strong><\/a><\/br>\r\n<a href=\"https:\/\/www.tvnovelas.com.br\/novelas\/\" target=\"_blank\" rel=\"noopener noreferrer\"><strong>Resumos de novelas<\/strong><\/a><\/br>\r\n<a href=\"https:\/\/tvnovelas.com.br\/news\/mundo\/\" rel=\"noopener\" target=\"_blank\"><strong>News: Turismo, Cultura, Lazer e Entretenimento<\/strong><\/a><br \/>\n<a href=\"https:\/\/www.facebook.com\/tevenovelas\/\" target=\"_blank\" rel=\"noopener\">Not\u00edcias de TV Novelas no Facebook<\/a><br \/>\n<a href=\"https:\/\/tvnovelas.com.br\/filmes\/filmes-na-tv-segunda\/\" target=\"_blank\" rel=\"noopener\">Confira a programa\u00e7\u00e3o de filmes na TV aberta<\/a><br \/>\n<a href=\"https:\/\/www.tvnovelas.com.br\/tvnews\/\" target=\"_blank\" rel=\"noopener\">\u00daltimas not\u00edcias das novelas<\/a><br \/>\n<a href=\"http:\/\/tvnovelas.com.br\/novelas\" target=\"_blank\" rel=\"noopener\">Resumos das Novelas<\/a><\/p>\n","protected":false},"excerpt":{"rendered":"<p>O Privil\u00e9gio de Amar&#8230; O cl\u00e1ssico da dramaturgia mexicana, \u2018O Privil\u00e9gio de Amar\u2019chegou ao cat\u00e1logo do Globoplay nesta segunda-feira&#8230;<\/p>\n","protected":false},"author":1,"featured_media":71268,"comment_status":"closed","ping_status":"closed","sticky":false,"template":"","format":"standard","meta":{"_uf_show_specific_survey":0,"_uf_disable_surveys":false,"_jetpack_memberships_contains_paid_content":false,"footnotes":"","_wp_rev_ctl_limit":""},"categories":[286,353],"tags":[822,249,821,64,503,820],"class_list":["post-71266","post","type-post","status-publish","format-standard","has-post-thumbnail","hentry","category-globoplay","category-resumos-de-novelas","tag-cesar-evora","tag-globoplay","tag-helena-rojo","tag-novelas","tag-novelas-mexicanas","tag-o-privilegio-de-amar","wpcat-286-id","wpcat-353-id"],"aioseo_notices":[],"jetpack_featured_media_url":"https:\/\/i0.wp.com\/www.tvnovelas.com.br\/tvnews\/wp-content\/uploads\/2024\/12\/10276.jpg?fit=728%2C410&ssl=1","jetpack_shortlink":"https:\/\/wp.me\/pdP2BO-ixs","jetpack_sharing_enabled":true,"_links":{"self":[{"href":"https:\/\/www.tvnovelas.com.br\/tvnews\/wp-json\/wp\/v2\/posts\/71266","targetHints":{"allow":["GET"]}}],"collection":[{"href":"https:\/\/www.tvnovelas.com.br\/tvnews\/wp-json\/wp\/v2\/posts"}],"about":[{"href":"https:\/\/www.tvnovelas.com.br\/tvnews\/wp-json\/wp\/v2\/types\/post"}],"author":[{"embeddable":true,"href":"https:\/\/www.tvnovelas.com.br\/tvnews\/wp-json\/wp\/v2\/users\/1"}],"replies":[{"embeddable":true,"href":"https:\/\/www.tvnovelas.com.br\/tvnews\/wp-json\/wp\/v2\/comments?post=71266"}],"version-history":[{"count":3,"href":"https:\/\/www.tvnovelas.com.br\/tvnews\/wp-json\/wp\/v2\/posts\/71266\/revisions"}],"predecessor-version":[{"id":71270,"href":"https:\/\/www.tvnovelas.com.br\/tvnews\/wp-json\/wp\/v2\/posts\/71266\/revisions\/71270"}],"wp:featuredmedia":[{"embeddable":true,"href":"https:\/\/www.tvnovelas.com.br\/tvnews\/wp-json\/wp\/v2\/media\/71268"}],"wp:attachment":[{"href":"https:\/\/www.tvnovelas.com.br\/tvnews\/wp-json\/wp\/v2\/media?parent=71266"}],"wp:term":[{"taxonomy":"category","embeddable":true,"href":"https:\/\/www.tvnovelas.com.br\/tvnews\/wp-json\/wp\/v2\/categories?post=71266"},{"taxonomy":"post_tag","embeddable":true,"href":"https:\/\/www.tvnovelas.com.br\/tvnews\/wp-json\/wp\/v2\/tags?post=71266"}],"curies":[{"name":"wp","href":"https:\/\/api.w.org\/{rel}","templated":true}]}}