{"id":71590,"date":"2024-12-27T13:14:10","date_gmt":"2024-12-27T16:14:10","guid":{"rendered":"https:\/\/www.tvnovelas.com.br\/tvnews\/?p=71590"},"modified":"2024-12-27T15:15:44","modified_gmt":"2024-12-27T18:15:44","slug":"o-que-rola-em-volta-por-cima-na-semana-30-a-04-de-janeiro","status":"publish","type":"post","link":"https:\/\/www.tvnovelas.com.br\/tvnews\/o-que-rola-em-volta-por-cima-na-semana-30-a-04-de-janeiro\/","title":{"rendered":"O que rola em Volta por Cima na semana 30 a 04 de janeiro"},"content":{"rendered":"<div style=\"background-color: #b2dfdb;\">\n.<br \/>\n<figure id=\"attachment_71592\" aria-describedby=\"caption-attachment-71592\" style=\"width: 728px\" class=\"wp-caption alignnone\"><img data-recalc-dims=\"1\" decoding=\"async\" class=\"wp-image-71592 size-full\" title=\"(Foto: TV Globo\/Volta por Cima)\" src=\"https:\/\/i0.wp.com\/www.tvnovelas.com.br\/tvnews\/wp-content\/uploads\/2024\/12\/40630b.jpg?resize=728%2C410&#038;ssl=1\" alt=\"Foto em Volta por Cima na semana 30 a 04....\" width=\"728\" height=\"410\" \/><figcaption id=\"caption-attachment-71592\" class=\"wp-caption-text\">Volta por Cima na semana 30 a 04<\/figcaption><\/figure><\/p>\n<blockquote><p><strong style=\"color: #006064;\">Nos pr\u00f3ximos cap\u00edtulos de Volta por Cima, <\/strong>Tati termina o namoro com Nando; J\u00e3o pede demiss\u00e3o da Via\u00e7\u00e3o Formosa; Edson avisa a Neuza e J\u00e3o que comprou a lanchonete; Nando tenta convencer Rosana a reatar com Edson; Cac\u00e1 amea\u00e7a Madalena&#8230;. Confira os resumos dos cap\u00edtulos da semana 30\/12 a 04\/01:<\/p><\/blockquote>\n<\/div>\n<h2 style=\"color: #1976d2;\">Resumo de segunda-feira, 30 de dezembro<\/h2>\n<p>Belisa finge para Yuki que n\u00e3o conhece Rodolfo. Sebastian descobre que Joyce est\u00e1 com o di\u00e1rio de Mariazinha. Madalena conta para J\u00e3o que discutiu com Cac\u00e1. Cida toma uma decis\u00e3o.\u00a0 Belisa reclama da presen\u00e7a de Rodolfo. Marco confirma para Gerson que avisou a Violeta que eles ficar\u00e3o com a \u00e1rea do M\u00e1rio Coelho. Tati se aconselha com Doralice sobre seu namoro com Nando. Rodolfo segue Belisa at\u00e9 sua casa. Rosana estranha o comportamento agressivo de Nando. Joyce descobre que est\u00e3o faltando p\u00e1ginas do di\u00e1rio e se desespera. Edson convida J\u00e3o, Ana L\u00facia e Cac\u00e1 para um jantar. Roxelle surge na casa de Violeta procurando J\u00f4, e Cac\u00e1 fica tensa. Marco vai \u00e0 loja de Madalena oferecer seu servi\u00e7o de prote\u00e7\u00e3o.<\/p>\n<h2 style=\"color: #1976d2;\">Resumo de ter\u00e7a-feira, 31 de dezembro<\/h2>\n<p>Madalena enfrenta Marco. J\u00e3o tenta escapar do convite de Edson. Gigi questiona Yuki sobre Bernardo. Gerson se anima ao descobrir que Madalena \u00e9 sobrinha de Osmar. Neuza incentiva J\u00e3o a ir ao jantar de Edson. Sidney se incomoda com o entrosamento entre Cida e Alberto. Ana L\u00facia e Cac\u00e1 pensam em fazer intriga para Madalena. Osmar e Violeta chegam ao galp\u00e3o dos bate-bolas para a festa de R\u00e9veillon. Tati termina o namoro com Nando. Chico decide passar a noite de Ano Novo com Cac\u00e1. J\u00e3o e Madalena chegam para a festa na casa de Gigi.<\/p>\n<figure id=\"attachment_71593\" aria-describedby=\"caption-attachment-71593\" style=\"width: 728px\" class=\"wp-caption alignnone\"><img data-recalc-dims=\"1\" decoding=\"async\" class=\"wp-image-71593 size-full\" title=\"(Foto: TV Globo\/Volta por Cima)\" src=\"https:\/\/i0.wp.com\/www.tvnovelas.com.br\/tvnews\/wp-content\/uploads\/2024\/12\/40629c-1.jpg?resize=728%2C410&#038;ssl=1\" alt=\"Foto em Volta por Cima na semana 30 a 04\" width=\"728\" height=\"410\" \/><figcaption id=\"caption-attachment-71593\" class=\"wp-caption-text\">Volta por Cima na semana 30 a 04<\/figcaption><\/figure>\n<h2 style=\"color: #1976d2;\">Resumo de quarta-feira, 1\u00ba de janeiro<\/h2>\n<p>Gigi apresenta J\u00e3o e Madalena para seus convidados. Nando culpa Jin pelo t\u00e9rmino de seu namoro. J\u00e3o e Madalena reconhecem J\u00f4. Lucas ouve Miranda mentir para Rafa e fica intrigado. Rodolfo manda um presente para Belisa. Cac\u00e1 recebe de J\u00f4 uma foto de J\u00e3o com Madalena. Nando confronta Jin. Todos se confraternizam com a chegada do novo ano. Roxelle avisa a Neuza que a lanchonete em que elas trabalham foi vendida. Silvia descobre como Sebastian financia o luxo dos G\u00f3is de Macedo. J\u00e3o pede demiss\u00e3o da Via\u00e7\u00e3o Formosa. Madalena pede para Marco lev\u00e1-la at\u00e9 Gerson.<\/p>\n<h2 style=\"color: #1976d2;\">Resumo de quinta-feira, 02 de janeiro<\/h2>\n<p>Marco acerta o encontro de Madalena com Gerson. Roxelle e Neuza se preocupam com a venda da lanchonete. Edson tenta convencer J\u00e3o a ficar na Via\u00e7\u00e3o Formosa. Osmar se entende com os apontadores da \u00e1rea de M\u00e1rio Coelho. Gerson admira a coragem de Madalena. Violeta expulsa Tereza de sua casa. Gigi chama a pol\u00edcia, e Sebastian fala sobre o seu dinheiro. Violeta confirma a gravidez de Cac\u00e1. Tati cola uma foto dela com Jin na parede de seu quarto. Roxelle prepara uma surpresa para Sebastian. A ex-produtora de Jin o procura. Edson avisa a Neuza e J\u00e3o que comprou a lanchonete. Joyce troca de lugar com Roxelle e vai ao encontro de Sebastian.<\/p>\n<figure id=\"attachment_71594\" aria-describedby=\"caption-attachment-71594\" style=\"width: 728px\" class=\"wp-caption alignnone\"><img data-recalc-dims=\"1\" decoding=\"async\" class=\"wp-image-71594 size-full\" title=\"(Foto: TV Globo\/Volta por Cima)\" src=\"https:\/\/i0.wp.com\/www.tvnovelas.com.br\/tvnews\/wp-content\/uploads\/2024\/12\/40630a.jpg?resize=728%2C410&#038;ssl=1\" alt=\"Foto em Volta por Cima na semana 30 a 04\" width=\"728\" height=\"410\" \/><figcaption id=\"caption-attachment-71594\" class=\"wp-caption-text\">Volta por Cima na semana 30 a 04<\/figcaption><\/figure>\n<h2 style=\"color: #1976d2;\">Resumo de sexta-feira, 03 de janeiro<\/h2>\n<p>Joyce se abre para Sebastian. Edson passa a lanchonete para o nome de Neuza. Jin se surpreende com a proposta de sua ex-produtora. Cida se interessa quando Miranda diz a Sidney que sentiu ci\u00fames dela com Alberto. Jayme recebe Tereza de volta em casa. J\u00f4 sugere que Osmar conte para Violeta sobre seus novos neg\u00f3cios. Nando tenta convencer Rosana a reatar com Edson. Rosana decide vender o quadro que comprou de Joyce no leil\u00e3o. Nando pede para J\u00e3o permanecer na Via\u00e7\u00e3o Formosa. Jin se emociona ao ver sua foto com Tati. Gigi come\u00e7a a trabalhar na lanchonete com Roxelle. Rosana descobre que o quadro que ela queria vender \u00e9 falso. Cac\u00e1 tenta contratar Madalena para fazer uma festa para o seu beb\u00ea.<\/p>\n<h2 style=\"color: #1976d2;\">Resumo de s\u00e1bado, 04 de janeiro<\/h2>\n<p>Madalena discute com Cac\u00e1. Joyce procura quadros para vender em casa. Tati e Jin conversam entrosados. Cac\u00e1 amea\u00e7a Madalena. Nando se aconselha com J\u00e3o. Tereza pensa em transformar sua casa em uma pens\u00e3o. Silvia oferece seu apartamento em Paris para Yuki se hospedar e fugir de Gerson. Osmar consegue que Violeta abra uma conta conjunta com ele. Chico descobre o trabalho de Cac\u00e1. Joyce se oferece para trabalhar com Madalena. Gerson descobre que foi enganado e fica furioso. Madalena questiona J\u00e3o sobre a paternidade do filho que Cac\u00e1 est\u00e1 esperando.<br \/>\n<!--FIM--><\/p>\n<div class=\"fb-comments\" data-width=\"100%\" data-order-by=\"reverse_time\" data-numposts=\"5\"><\/div>\n<p><h2>Mais:<\/h2>\r\n<p><a href=\"https:\/\/tvnovelas.com.br\/novelas\/resumos-de-volta-por-cima\/\" target=\"_blank\" rel=\"noopener\">Confira os resumos da semana de Volta por Cima'<\/a><\/p>\r\n<p><a href=\"https:\/\/wp.me\/pfspD2-T5\" target=\"_blank\" rel=\"noopener\">Volta por Cima: Entre os sonhos e a fam\u00edlia<\/a> (Sinopse)<\/p>\r\n<p><a href=\"https:\/\/pt.wikipedia.org\/wiki\/Volta_por_Cima_(telenovela)\" target=\"_blank\" rel=\"noopener\">Sobre Volta por Cima na Wikipedia<\/a><\/p>\r\n<p><a href=\"https:\/\/tvnovelas.com.br\/novelas\/\" target=\"_blank\" rel=\"noopener\">Resumos de todas as novelas<\/a><\/p>\r\n<p><strong style=\"font-size: 120%;\">\u00daltimas not\u00edcias de 'Volta por Cima':<\/strong><\/p>\r\n<div class=\"pt-cv-wrapper\"><div class=\"pt-cv-view pt-cv-grid pt-cv-colsys\" id=\"pt-cv-view-372c3953u7\"><div data-id=\"pt-cv-page-1\" class=\"pt-cv-page\" data-cvc=\"1\"><div class=\"col-md-12 col-sm-12 col-xs-12 pt-cv-content-item pt-cv-1-col\" ><div class='pt-cv-ifield'><h4 class=\"pt-cv-title\"><a href=\"https:\/\/www.tvnovelas.com.br\/tvnews\/volta-por-cima-onibus-de-lindomar-passa-por-outro-acidente-tragico\/\" class=\"_self\" target=\"_self\" >Volta por Cima: \u00d4nibus de Lindomar passa por outro acidente tr\u00e1gico<\/a><\/h4><\/div><\/div>\n<div class=\"col-md-12 col-sm-12 col-xs-12 pt-cv-content-item pt-cv-1-col\" ><div class='pt-cv-ifield'><h4 class=\"pt-cv-title\"><a href=\"https:\/\/www.tvnovelas.com.br\/tvnews\/volta-por-cima-osmar-descobre-que-vivinha-preservou-sua-vida\/\" class=\"_self\" target=\"_self\" >Volta por Cima: Osmar descobre que Vivinha preservou sua vida<\/a><\/h4><\/div><\/div>\n<div class=\"col-md-12 col-sm-12 col-xs-12 pt-cv-content-item pt-cv-1-col\" ><div class='pt-cv-ifield'><h4 class=\"pt-cv-title\"><a href=\"https:\/\/www.tvnovelas.com.br\/tvnews\/volta-por-cima-jao-salva-a-vida-de-nando\/\" class=\"_self\" target=\"_self\" >Volta por Cima: J\u00e3o salva a vida de Nando<\/a><\/h4><\/div><\/div>\n<div class=\"col-md-12 col-sm-12 col-xs-12 pt-cv-content-item pt-cv-1-col\" ><div class='pt-cv-ifield'><h4 class=\"pt-cv-title\"><a href=\"https:\/\/www.tvnovelas.com.br\/tvnews\/volta-por-cima-saia-justa-osmar-chama-joyce-de-vivinha\/\" class=\"_self\" target=\"_self\" >Volta por Cima: Saia justa: Osmar chama Joyce de Vivinha&#8230;<\/a><\/h4><\/div><\/div>\n<div class=\"col-md-12 col-sm-12 col-xs-12 pt-cv-content-item pt-cv-1-col\" ><div class='pt-cv-ifield'><h4 class=\"pt-cv-title\"><a href=\"https:\/\/www.tvnovelas.com.br\/tvnews\/volta-por-cima-doralice-consegue-doador-de-coracao-para-transplante\/\" class=\"_self\" target=\"_self\" >Volta por Cima: Doralice consegue doador de cora\u00e7\u00e3o para transplante<\/a><\/h4><\/div><\/div>\n<div class=\"col-md-12 col-sm-12 col-xs-12 pt-cv-content-item pt-cv-1-col\" ><div class='pt-cv-ifield'><h4 class=\"pt-cv-title\"><a href=\"https:\/\/www.tvnovelas.com.br\/tvnews\/volta-por-cima-violeta-beija-marco-e-aparece-com-ele-na-frente-de-osmar\/\" class=\"_self\" target=\"_self\" >Volta por Cima: Violeta beija Marco e aparece com ele na frente de Osmar<\/a><\/h4><\/div><\/div><\/div><\/div><\/div>\r\n<p><strong style=\"font-size: 120%;\">\u00daltimas not\u00edcias deste site:<\/strong><\/p>\r\n<div class=\"pt-cv-wrapper\"><div class=\"pt-cv-view pt-cv-grid pt-cv-colsys\" id=\"pt-cv-view-90991035b3\"><div data-id=\"pt-cv-page-1\" class=\"pt-cv-page\" data-cvc=\"1\"><div class=\"col-md-12 col-sm-12 col-xs-12 pt-cv-content-item pt-cv-1-col\" ><div class='pt-cv-ifield'><h4 class=\"pt-cv-title\"><a href=\"https:\/\/www.tvnovelas.com.br\/tvnews\/guerra-das-rosas-cihan-vibra-com-desistencia-de-gulru-de-casar-com-mert\/\" class=\"_self\" target=\"_self\" >Guerra das Rosas: Cihan vibra com desist\u00eancia de Gulru de casar com Mert<\/a><\/h4><\/div><\/div>\n<div class=\"col-md-12 col-sm-12 col-xs-12 pt-cv-content-item pt-cv-1-col\" ><div class='pt-cv-ifield'><h4 class=\"pt-cv-title\"><a href=\"https:\/\/www.tvnovelas.com.br\/tvnews\/coracao-de-mae-irmak-denuncia-adnan\/\" class=\"_self\" target=\"_self\" >Cora\u00e7\u00e3o de M\u00e3e: Irmak denuncia Adnan<\/a><\/h4><\/div><\/div>\n<div class=\"col-md-12 col-sm-12 col-xs-12 pt-cv-content-item pt-cv-1-col\" ><div class='pt-cv-ifield'><h4 class=\"pt-cv-title\"><a href=\"https:\/\/www.tvnovelas.com.br\/tvnews\/a-nobreza-do-amor-mirinho-e-obrigado-a-resgatar-tonho\/\" class=\"_self\" target=\"_self\" >A Nobreza do Amor: Mirinho \u00e9 obrigado a resgatar Tonho<\/a><\/h4><\/div><\/div>\n<div class=\"col-md-12 col-sm-12 col-xs-12 pt-cv-content-item pt-cv-1-col\" ><div class='pt-cv-ifield'><h4 class=\"pt-cv-title\"><a href=\"https:\/\/www.tvnovelas.com.br\/tvnews\/tres-gracas-paulinho-e-afastado-da-policia-por-causa-de-gerluce\/\" class=\"_self\" target=\"_self\" >Tr\u00eas Gra\u00e7as: Paulinho \u00e9 afastado da pol\u00edcia por causa de Gerluce<\/a><\/h4><\/div><\/div>\n<div class=\"col-md-12 col-sm-12 col-xs-12 pt-cv-content-item pt-cv-1-col\" ><div class='pt-cv-ifield'><h4 class=\"pt-cv-title\"><a href=\"https:\/\/www.tvnovelas.com.br\/tvnews\/coracao-de-mae-irmak-inicia-jogo-arriscado-contra-adnan\/\" class=\"_self\" target=\"_self\" >Cora\u00e7\u00e3o de M\u00e3e: Irmak inicia jogo arriscado contra Adnan<\/a><\/h4><\/div><\/div>\n<div class=\"col-md-12 col-sm-12 col-xs-12 pt-cv-content-item pt-cv-1-col\" ><div class='pt-cv-ifield'><h4 class=\"pt-cv-title\"><a href=\"https:\/\/www.tvnovelas.com.br\/tvnews\/guerra-das-rosas-omer-chama-gulru-vestida-de-noiva-para-fugir\/\" class=\"_self\" target=\"_self\" >Guerra das Rosas: Omer chama Gulru vestida de noiva para fugir<\/a><\/h4><\/div><\/div>\n<div class=\"col-md-12 col-sm-12 col-xs-12 pt-cv-content-item pt-cv-1-col\" ><div class='pt-cv-ifield'><h4 class=\"pt-cv-title\"><a href=\"https:\/\/www.tvnovelas.com.br\/tvnews\/coracao-de-mae-reha-sai-para-jantar-com-selvi\/\" class=\"_self\" target=\"_self\" >Cora\u00e7\u00e3o de M\u00e3e: Reha sai para jantar com Selvi<\/a><\/h4><\/div><\/div>\n<div class=\"col-md-12 col-sm-12 col-xs-12 pt-cv-content-item pt-cv-1-col\" ><div class='pt-cv-ifield'><h4 class=\"pt-cv-title\"><a href=\"https:\/\/www.tvnovelas.com.br\/tvnews\/coracao-acelerado-zila-se-preocupa-com-sua-situacao-apos-separacao\/\" class=\"_self\" target=\"_self\" >Cora\u00e7\u00e3o Acelerado: Zil\u00e1 se preocupa com sua situa\u00e7\u00e3o ap\u00f3s separa\u00e7\u00e3o<\/a><\/h4><\/div><\/div>\n<div class=\"col-md-12 col-sm-12 col-xs-12 pt-cv-content-item pt-cv-1-col\" ><div class='pt-cv-ifield'><h4 class=\"pt-cv-title\"><a href=\"https:\/\/www.tvnovelas.com.br\/tvnews\/a-nobreza-do-amor-tonho-nao-se-curva-diante-de-mirinho\/\" class=\"_self\" target=\"_self\" >A Nobreza do Amor: Tonho n\u00e3o se curva diante de Mirinho<\/a><\/h4><\/div><\/div>\n<div class=\"col-md-12 col-sm-12 col-xs-12 pt-cv-content-item pt-cv-1-col\" ><div class='pt-cv-ifield'><h4 class=\"pt-cv-title\"><a href=\"https:\/\/www.tvnovelas.com.br\/tvnews\/tres-gracas-arminda-surta-ao-confirmar-que-ferette-e-pai-de-raul\/\" class=\"_self\" target=\"_self\" >Tr\u00eas Gra\u00e7as:  Arminda surta ao confirmar que Ferette \u00e9 pai de Raul<\/a><\/h4><\/div><\/div><\/div><\/div><\/div>\r\n<h3>Confira tamb\u00e9m<\/h3>\r\n<p><a href=\"https:\/\/www.tvnovelas.com.br\/filmes\/\" target=\"_blank\" rel=\"noopener noreferrer\"><strong>Programa\u00e7\u00e3o de filmes na TV aberta<\/strong><\/a><\/p>\r\n<p><a href=\"https:\/\/caetenews.com.br\/semana\/filmes-da-globo-na-sessao-da-tarde-desta-semana\/\" target=\"_blank\" rel=\"noopener\"><strong>Confira os filmes da semana na Sess\u00e3o da Tarde<\/strong><\/a><\/p>\r\n<p><a href=\"https:\/\/www.tvnovelas.com.br\/novelas\/\"><strong>Confira os resumos da semana de todas novelas<\/strong><\/a><\/p><br \/>\n<a href=\"https:\/\/tvnovelas.com.br\/filmes\/filmes-na-tv-segunda\/\" target=\"_blank\" rel=\"noopener\">Confira a Progrma\u00e7\u00e3o de Filmes na TV aberta<\/a><br \/>\n<a href=\"https:\/\/pt.wikipedia.org\/wiki\/Volta_por_Cima_(telenovela)\" target=\"_blank\" rel=\"noopener\">Sobre Volta por Cima na Wikipedia<\/a><br \/>\n<a href=\"https:\/\/www.tvnovelas.com.br\/tvnews\/\" target=\"_blank\" rel=\"noopener\">\u00daltimas not\u00edcias das novelas<\/a><\/p>\n","protected":false},"excerpt":{"rendered":"<p>Volta por Cima na semana 30 a 04&#8230; Nos pr\u00f3ximos cap\u00edtulos de Volta por Cima, <\/strong>Tati termina o namoro com Nando; J\u00e3o pede demiss\u00e3o da Via\u00e7\u00e3o Formosa..<\/p>\n","protected":false},"author":1,"featured_media":71592,"comment_status":"closed","ping_status":"closed","sticky":false,"template":"","format":"standard","meta":{"_uf_show_specific_survey":0,"_uf_disable_surveys":false,"_jetpack_memberships_contains_paid_content":false,"footnotes":"","_wp_rev_ctl_limit":""},"categories":[353,807],"tags":[5,64,808],"class_list":["post-71590","post","type-post","status-publish","format-standard","has-post-thumbnail","hentry","category-resumos-de-novelas","category-volta-por-cima","tag-globo","tag-novelas","tag-volta-por-cima","wpcat-353-id","wpcat-807-id"],"aioseo_notices":[],"jetpack_featured_media_url":"https:\/\/i0.wp.com\/www.tvnovelas.com.br\/tvnews\/wp-content\/uploads\/2024\/12\/40630b.jpg?fit=728%2C410&ssl=1","jetpack_shortlink":"https:\/\/wp.me\/pdP2BO-iCG","jetpack_sharing_enabled":true,"_links":{"self":[{"href":"https:\/\/www.tvnovelas.com.br\/tvnews\/wp-json\/wp\/v2\/posts\/71590","targetHints":{"allow":["GET"]}}],"collection":[{"href":"https:\/\/www.tvnovelas.com.br\/tvnews\/wp-json\/wp\/v2\/posts"}],"about":[{"href":"https:\/\/www.tvnovelas.com.br\/tvnews\/wp-json\/wp\/v2\/types\/post"}],"author":[{"embeddable":true,"href":"https:\/\/www.tvnovelas.com.br\/tvnews\/wp-json\/wp\/v2\/users\/1"}],"replies":[{"embeddable":true,"href":"https:\/\/www.tvnovelas.com.br\/tvnews\/wp-json\/wp\/v2\/comments?post=71590"}],"version-history":[{"count":5,"href":"https:\/\/www.tvnovelas.com.br\/tvnews\/wp-json\/wp\/v2\/posts\/71590\/revisions"}],"predecessor-version":[{"id":71597,"href":"https:\/\/www.tvnovelas.com.br\/tvnews\/wp-json\/wp\/v2\/posts\/71590\/revisions\/71597"}],"wp:featuredmedia":[{"embeddable":true,"href":"https:\/\/www.tvnovelas.com.br\/tvnews\/wp-json\/wp\/v2\/media\/71592"}],"wp:attachment":[{"href":"https:\/\/www.tvnovelas.com.br\/tvnews\/wp-json\/wp\/v2\/media?parent=71590"}],"wp:term":[{"taxonomy":"category","embeddable":true,"href":"https:\/\/www.tvnovelas.com.br\/tvnews\/wp-json\/wp\/v2\/categories?post=71590"},{"taxonomy":"post_tag","embeddable":true,"href":"https:\/\/www.tvnovelas.com.br\/tvnews\/wp-json\/wp\/v2\/tags?post=71590"}],"curies":[{"name":"wp","href":"https:\/\/api.w.org\/{rel}","templated":true}]}}