{"id":71675,"date":"2024-12-31T09:40:16","date_gmt":"2024-12-31T12:40:16","guid":{"rendered":"https:\/\/www.tvnovelas.com.br\/tvnews\/?p=71675"},"modified":"2024-12-31T09:40:16","modified_gmt":"2024-12-31T12:40:16","slug":"garota-do-momento-ulisses-fotografa-maristela-e-basilio-aos-beijos","status":"publish","type":"post","link":"https:\/\/www.tvnovelas.com.br\/tvnews\/garota-do-momento-ulisses-fotografa-maristela-e-basilio-aos-beijos\/","title":{"rendered":"Garota do Momento: Ulisses fotografa Maristela e Bas\u00edlio aos beijos"},"content":{"rendered":"<figure id=\"attachment_71677\" aria-describedby=\"caption-attachment-71677\" style=\"width: 728px\" class=\"wp-caption alignnone\"><img data-recalc-dims=\"1\" decoding=\"async\" class=\"wp-image-71677 size-full\" title=\"(Foto: TV Globo\/Garota do Momento)\" src=\"https:\/\/i0.wp.com\/www.tvnovelas.com.br\/tvnews\/wp-content\/uploads\/2024\/12\/10316.jpg?resize=728%2C410&#038;ssl=1\" alt=\"Foto em Garota do Momento: Ulisses fotografa....\" width=\"728\" height=\"410\" \/><figcaption id=\"caption-attachment-71677\" class=\"wp-caption-text\">Garota do Momento: Ulisses fotografa&#8230;<\/figcaption><\/figure>\n<p>Em Garota do Momento, que Bas\u00edlio (Cau\u00ea Campos) \u00e9 um pilantra, isso n\u00f3s j\u00e1 sabemos. O problema \u00e9 que Beatriz (Duda Santos) ainda n\u00e3o sabe&#8230; Glorinha (Mariana Sena) e Ulisses (\u00cdcaro Silva) v\u00e3o atr\u00e1s de provas para abrir os olhos da \u201cGarota Carioca\u201d.<\/p>\n<p>J\u00e1 sabendo do caso que Bas\u00edlio est\u00e1 tendo com Maristela (Lilia Cabral) e que os dois marcaram um encontro rom\u00e2ntico \u00e0 noite, Glorinha vai pedir a ajuda de Beto (Pedro Novaes) para o flagra. O jornalista prefere n\u00e3o se envolver e \u00e9 a\u00ed que Ulisses entra a\u00e7\u00e3o:<\/p>\n<p>\u201cMe empresta a sua c\u00e2mera? Essa noite promete umas fotos lindas\u201d, pede ao amigo.<\/p>\n<p>Equipados com bin\u00f3culos e a c\u00e2mera fotogr\u00e1fica, os dois flagram uma troca de carinho entre Bas\u00edlio e Maristela.<\/p>\n<p>\u201cPeguei ela fazendo um carinho no rosto do Bas\u00edlio, mas acho que ainda d\u00e1 pra melhorar\u201d, diz Ulisses.<\/p>\n<p>\u201cSe eles estiverem indo fazer o que eu t\u00f4 pensando, vai melhorar e muito!\u201d<\/p>\n<p>Sim, Glorinha, voc\u00ea est\u00e1 certa! Eles seguem o casal e veem os dois se agarrando dentro do carro da dondoca. De longe, Ulisses come\u00e7a a fazer v\u00e1rias fotos do momento.<\/p>\n<p>\u201cHoje a gata pegou dois ratos de uma vez s\u00f3! Agora eu quero ver a Beatriz seguir acreditando na palavra do Bas\u00edlio\u201d, diz Glorinha, empolgada.<\/p>\n<p>Ser\u00e1 que finalmente Beatriz vai descobrir o car\u00e1ter duvidoso de Bas\u00edlio? N\u00e3o perca a novela das 6.<br \/>\n<!--END--><\/p>\n<div class=\"fb-comments\" data-width=\"100%\" data-order-by=\"reverse_time\" data-numposts=\"5\"><\/div>\n<h2>\u00daltimas publica\u00e7\u00f5es de Garota do Momento<\/h2>\n<div class=\"pt-cv-wrapper\"><div class=\"pt-cv-view pt-cv-grid pt-cv-colsys\" id=\"pt-cv-view-54854578lu\"><div data-id=\"pt-cv-page-1\" class=\"pt-cv-page\" data-cvc=\"1\"><div class=\"col-md-12 col-sm-12 col-xs-12 pt-cv-content-item pt-cv-1-col\" ><div class='pt-cv-ifield'><h4 class=\"pt-cv-title\"><a href=\"https:\/\/www.tvnovelas.com.br\/tvnews\/garota-do-momento-beatriz-e-beto-se-casam\/\" class=\"_self\" target=\"_self\" >Garota do Momento: Beatriz e Beto se casam<\/a><\/h4><\/div><\/div>\n<div class=\"col-md-12 col-sm-12 col-xs-12 pt-cv-content-item pt-cv-1-col\" ><div class='pt-cv-ifield'><h4 class=\"pt-cv-title\"><a href=\"https:\/\/www.tvnovelas.com.br\/tvnews\/garota-do-momento-clarice-sequestrada-por-juliano-desespera-beatriz\/\" class=\"_self\" target=\"_self\" >Garota do Momento: Clarice sequestrada por Juliano desespera Beatriz<\/a><\/h4><\/div><\/div>\n<div class=\"col-md-12 col-sm-12 col-xs-12 pt-cv-content-item pt-cv-1-col\" ><div class='pt-cv-ifield'><h4 class=\"pt-cv-title\"><a href=\"https:\/\/www.tvnovelas.com.br\/tvnews\/garota-do-momento-clarice-cospe-na-cara-de-maristela\/\" class=\"_self\" target=\"_self\" >Garota do Momento: Clarice cospe na cara de Maristela<\/a><\/h4><\/div><\/div>\n<div class=\"col-md-12 col-sm-12 col-xs-12 pt-cv-content-item pt-cv-1-col\" ><div class='pt-cv-ifield'><h4 class=\"pt-cv-title\"><a href=\"https:\/\/www.tvnovelas.com.br\/tvnews\/garota-do-momento-ligia-emociona-ao-dedicar-nova-musica-a-raimundo\/\" class=\"_self\" target=\"_self\" >Garota do Momento: Ligia emociona ao dedicar nova m\u00fasica a Raimundo<\/a><\/h4><\/div><\/div>\n<div class=\"col-md-12 col-sm-12 col-xs-12 pt-cv-content-item pt-cv-1-col\" ><div class='pt-cv-ifield'><h4 class=\"pt-cv-title\"><a href=\"https:\/\/www.tvnovelas.com.br\/tvnews\/garota-do-momento-zelia-beatriz-e-basilio-unidos-para-desmascarar-juliano\/\" class=\"_self\" target=\"_self\" >Garota do Momento: Z\u00e9lia, Beatriz e Bas\u00edlio unidos para desmascarar Juliano<\/a><\/h4><\/div><\/div>\n<div class=\"col-md-12 col-sm-12 col-xs-12 pt-cv-content-item pt-cv-1-col\" ><div class='pt-cv-ifield'><h4 class=\"pt-cv-title\"><a href=\"https:\/\/www.tvnovelas.com.br\/tvnews\/garota-do-momento-ligia-confessa-que-ama-raimundo-e-quer-voltar\/\" class=\"_self\" target=\"_self\" >Garota do Momento: Ligia confessa que ama Raimundo e quer voltar<\/a><\/h4><\/div><\/div><\/div><\/div><\/div>\n<h2>\u00daltimas not\u00edcias das novelas<\/h2>\n<p>[wp-rss-aggregator feeds=&#8221;todas&#8221;]<br \/>\n<a href=\"https:\/\/wp.me\/pfspD2-Ti\" target=\"_blank\" rel=\"noopener\"><strong>Garota do Momento: A saga dos Alencar<\/strong><\/a> (Sinopse)<br \/>\n<a href=\"https:\/\/tvnovelas.com.br\/filmes\/filmes-na-tv-segunda\/\" target=\"_blank\" rel=\"noopener\">Confira a programa\u00e7\u00e3o de filmes na TV aberta<\/a><br \/>\n<a href=\"https:\/\/www.tvnovelas.com.br\/tvnews\/\">\u00daltimas not\u00edcias de todas as novelas<\/a><\/p>\n","protected":false},"excerpt":{"rendered":"<p>Garota do Momento: Ulisses fotografa&#8230;. Em Garota do Momento, que Bas\u00edlio (Cau\u00ea Campos) \u00e9 um pilantra, isso n\u00f3s j\u00e1 sabemos. O problema&#8230;<\/p>\n","protected":false},"author":1,"featured_media":71677,"comment_status":"closed","ping_status":"closed","sticky":false,"template":"","format":"standard","meta":{"_uf_show_specific_survey":0,"_uf_disable_surveys":false,"_jetpack_memberships_contains_paid_content":false,"footnotes":"","_wp_rev_ctl_limit":""},"categories":[812],"tags":[813,5,64],"class_list":["post-71675","post","type-post","status-publish","format-standard","has-post-thumbnail","hentry","category-garota-do-momento","tag-garota-do-momento","tag-globo","tag-novelas","wpcat-812-id"],"aioseo_notices":[],"jetpack_featured_media_url":"https:\/\/i0.wp.com\/www.tvnovelas.com.br\/tvnews\/wp-content\/uploads\/2024\/12\/10316.jpg?fit=728%2C410&ssl=1","jetpack_shortlink":"https:\/\/wp.me\/pdP2BO-iE3","jetpack_sharing_enabled":true,"_links":{"self":[{"href":"https:\/\/www.tvnovelas.com.br\/tvnews\/wp-json\/wp\/v2\/posts\/71675","targetHints":{"allow":["GET"]}}],"collection":[{"href":"https:\/\/www.tvnovelas.com.br\/tvnews\/wp-json\/wp\/v2\/posts"}],"about":[{"href":"https:\/\/www.tvnovelas.com.br\/tvnews\/wp-json\/wp\/v2\/types\/post"}],"author":[{"embeddable":true,"href":"https:\/\/www.tvnovelas.com.br\/tvnews\/wp-json\/wp\/v2\/users\/1"}],"replies":[{"embeddable":true,"href":"https:\/\/www.tvnovelas.com.br\/tvnews\/wp-json\/wp\/v2\/comments?post=71675"}],"version-history":[{"count":1,"href":"https:\/\/www.tvnovelas.com.br\/tvnews\/wp-json\/wp\/v2\/posts\/71675\/revisions"}],"predecessor-version":[{"id":71678,"href":"https:\/\/www.tvnovelas.com.br\/tvnews\/wp-json\/wp\/v2\/posts\/71675\/revisions\/71678"}],"wp:featuredmedia":[{"embeddable":true,"href":"https:\/\/www.tvnovelas.com.br\/tvnews\/wp-json\/wp\/v2\/media\/71677"}],"wp:attachment":[{"href":"https:\/\/www.tvnovelas.com.br\/tvnews\/wp-json\/wp\/v2\/media?parent=71675"}],"wp:term":[{"taxonomy":"category","embeddable":true,"href":"https:\/\/www.tvnovelas.com.br\/tvnews\/wp-json\/wp\/v2\/categories?post=71675"},{"taxonomy":"post_tag","embeddable":true,"href":"https:\/\/www.tvnovelas.com.br\/tvnews\/wp-json\/wp\/v2\/tags?post=71675"}],"curies":[{"name":"wp","href":"https:\/\/api.w.org\/{rel}","templated":true}]}}