{"id":71692,"date":"2025-01-01T09:36:20","date_gmt":"2025-01-01T12:36:20","guid":{"rendered":"https:\/\/www.tvnovelas.com.br\/tvnews\/?p=71692"},"modified":"2025-01-01T09:36:20","modified_gmt":"2025-01-01T12:36:20","slug":"garota-do-momento-celeste-expulsa-mauro-de-sua-casa","status":"publish","type":"post","link":"https:\/\/www.tvnovelas.com.br\/tvnews\/garota-do-momento-celeste-expulsa-mauro-de-sua-casa\/","title":{"rendered":"Garota do Momento: Celeste expulsa Mauro de sua casa"},"content":{"rendered":"<figure id=\"attachment_71693\" aria-describedby=\"caption-attachment-71693\" style=\"width: 728px\" class=\"wp-caption alignnone\"><img data-recalc-dims=\"1\" decoding=\"async\" class=\"wp-image-71693 size-full\" title=\"(Foto: TV Globo\/Garota do Momento)\" src=\"https:\/\/i0.wp.com\/www.tvnovelas.com.br\/tvnews\/wp-content\/uploads\/2025\/01\/40649.jpg?resize=728%2C410&#038;ssl=1\" alt=\"Foto em Garota do Momento: Celeste expulsa...\" width=\"728\" height=\"410\" \/><figcaption id=\"caption-attachment-71693\" class=\"wp-caption-text\">Garota do Momento: Celeste expulsa&#8230;<\/figcaption><\/figure>\n<p>Em Garota do Momento, Mauro (Jo\u00e3o Vitor Oliveira) n\u00e3o desistiu de reconquistar Celeste (Debora Oz\u00f3rio) \u2013 seja por bem ou por mal. Para isso, ele pediu a ajuda de Raimundo (Danton Mello), que nem imagina o mal que o rapaz j\u00e1 tentou fazer a sua filha. O publicit\u00e1rio permitiu que seu desenhista fizesse uma surpresa rom\u00e2ntica em sua casa para Celeste. O problema \u00e9 que bem nesta hora, ela chegou com Edu (Caio Manhete), que est\u00e1 disposto a pedir a amada em namoro para o pai dela.<\/p>\n<p>Desesperada, Celeste come\u00e7a a chamar pelo pai:<\/p>\n<p>\u201cQue foi, brotinho? N\u00e3o quer jantar comigo? E voc\u00ea? O que t\u00e1 fazendo aqui?\u201d, pergunta Mauro para Edu.<\/p>\n<p>\u201cEu vim com a Celeste. E ainda bem porque assim eu defendo ela de voc\u00ea.\u201d<\/p>\n<p>Raimundo aparece na sala estranhando a gritaria e estranha ainda mais quando a filha expulsa Mauro de casa.<\/p>\n<p>\u201cN\u00e3o quero saber dessa porcaria!\u201d, diz ela, jogando no ch\u00e3o as flores que ele lhe deu. \u201cVoc\u00ea me d\u00e1 nojo. Vai embora da minha casa! Sai! Sai!\u201d<\/p>\n<p>O publicit\u00e1rio quer saber o que Mauro fez a Celeste para ela agir assim.<\/p>\n<p>\u201cNunca mais chama o Mauro aqui pra casa, ouviu?\u201d, diz ela.<\/p>\n<p>E claro que este barraco acaba sobrando para Edu tamb\u00e9m. O rapaz se apresenta a Raimundo e diz que quer pedir Celeste em namoro.<\/p>\n<p>\u201cNamoro! N\u00e3o tem clima pra isso, n\u00e9, rapaz? Depois a gente conversa.\u201d<br \/>\n<!--END--><\/p>\n<div class=\"fb-comments\" data-width=\"100%\" data-order-by=\"reverse_time\" data-numposts=\"5\"><\/div>\n<h2>\u00daltimas publica\u00e7\u00f5es de Garota do Momento<\/h2>\n<div class=\"pt-cv-wrapper\"><div class=\"pt-cv-view pt-cv-grid pt-cv-colsys\" id=\"pt-cv-view-54854578lu\"><div data-id=\"pt-cv-page-1\" class=\"pt-cv-page\" data-cvc=\"1\"><div class=\"col-md-12 col-sm-12 col-xs-12 pt-cv-content-item pt-cv-1-col\" ><div class='pt-cv-ifield'><h4 class=\"pt-cv-title\"><a href=\"https:\/\/www.tvnovelas.com.br\/tvnews\/garota-do-momento-beatriz-e-beto-se-casam\/\" class=\"_self\" target=\"_self\" >Garota do Momento: Beatriz e Beto se casam<\/a><\/h4><\/div><\/div>\n<div class=\"col-md-12 col-sm-12 col-xs-12 pt-cv-content-item pt-cv-1-col\" ><div class='pt-cv-ifield'><h4 class=\"pt-cv-title\"><a href=\"https:\/\/www.tvnovelas.com.br\/tvnews\/garota-do-momento-clarice-sequestrada-por-juliano-desespera-beatriz\/\" class=\"_self\" target=\"_self\" >Garota do Momento: Clarice sequestrada por Juliano desespera Beatriz<\/a><\/h4><\/div><\/div>\n<div class=\"col-md-12 col-sm-12 col-xs-12 pt-cv-content-item pt-cv-1-col\" ><div class='pt-cv-ifield'><h4 class=\"pt-cv-title\"><a href=\"https:\/\/www.tvnovelas.com.br\/tvnews\/garota-do-momento-clarice-cospe-na-cara-de-maristela\/\" class=\"_self\" target=\"_self\" >Garota do Momento: Clarice cospe na cara de Maristela<\/a><\/h4><\/div><\/div>\n<div class=\"col-md-12 col-sm-12 col-xs-12 pt-cv-content-item pt-cv-1-col\" ><div class='pt-cv-ifield'><h4 class=\"pt-cv-title\"><a href=\"https:\/\/www.tvnovelas.com.br\/tvnews\/garota-do-momento-ligia-emociona-ao-dedicar-nova-musica-a-raimundo\/\" class=\"_self\" target=\"_self\" >Garota do Momento: Ligia emociona ao dedicar nova m\u00fasica a Raimundo<\/a><\/h4><\/div><\/div>\n<div class=\"col-md-12 col-sm-12 col-xs-12 pt-cv-content-item pt-cv-1-col\" ><div class='pt-cv-ifield'><h4 class=\"pt-cv-title\"><a href=\"https:\/\/www.tvnovelas.com.br\/tvnews\/garota-do-momento-zelia-beatriz-e-basilio-unidos-para-desmascarar-juliano\/\" class=\"_self\" target=\"_self\" >Garota do Momento: Z\u00e9lia, Beatriz e Bas\u00edlio unidos para desmascarar Juliano<\/a><\/h4><\/div><\/div>\n<div class=\"col-md-12 col-sm-12 col-xs-12 pt-cv-content-item pt-cv-1-col\" ><div class='pt-cv-ifield'><h4 class=\"pt-cv-title\"><a href=\"https:\/\/www.tvnovelas.com.br\/tvnews\/garota-do-momento-ligia-confessa-que-ama-raimundo-e-quer-voltar\/\" class=\"_self\" target=\"_self\" >Garota do Momento: Ligia confessa que ama Raimundo e quer voltar<\/a><\/h4><\/div><\/div><\/div><\/div><\/div>\n<h2>\u00daltimas not\u00edcias das novelas<\/h2>\n<p>[wp-rss-aggregator feeds=&#8221;todas&#8221;]<br \/>\n<a href=\"https:\/\/wp.me\/pfspD2-Ti\" target=\"_blank\" rel=\"noopener\"><strong>Garota do Momento: A saga dos Alencar<\/strong><\/a> (Sinopse)<br \/>\n<a href=\"https:\/\/tvnovelas.com.br\/filmes\/filmes-na-tv-segunda\/\" target=\"_blank\" rel=\"noopener\">Confira a programa\u00e7\u00e3o de filmes na TV aberta<\/a><br \/>\n<a href=\"https:\/\/www.tvnovelas.com.br\/tvnews\/\">\u00daltimas not\u00edcias de todas as novelas<\/a><\/p>\n","protected":false},"excerpt":{"rendered":"<p>Garota do Momento: Celeste expulsa&#8230;. Em Garota do Momento, Mauro (Jo\u00e3o Vitor Oliveira) n\u00e3o desistiu de reconquistar Celeste (Debora Oz\u00f3rio) \u2013 seja por bem ou por mal&#8230;.<\/p>\n","protected":false},"author":1,"featured_media":71693,"comment_status":"closed","ping_status":"closed","sticky":false,"template":"","format":"standard","meta":{"_uf_show_specific_survey":0,"_uf_disable_surveys":false,"_jetpack_memberships_contains_paid_content":false,"footnotes":"","_wp_rev_ctl_limit":""},"categories":[812],"tags":[813,5,64],"class_list":["post-71692","post","type-post","status-publish","format-standard","has-post-thumbnail","hentry","category-garota-do-momento","tag-garota-do-momento","tag-globo","tag-novelas","wpcat-812-id"],"aioseo_notices":[],"jetpack_featured_media_url":"https:\/\/i0.wp.com\/www.tvnovelas.com.br\/tvnews\/wp-content\/uploads\/2025\/01\/40649.jpg?fit=728%2C410&ssl=1","jetpack_shortlink":"https:\/\/wp.me\/pdP2BO-iEk","jetpack_sharing_enabled":true,"_links":{"self":[{"href":"https:\/\/www.tvnovelas.com.br\/tvnews\/wp-json\/wp\/v2\/posts\/71692","targetHints":{"allow":["GET"]}}],"collection":[{"href":"https:\/\/www.tvnovelas.com.br\/tvnews\/wp-json\/wp\/v2\/posts"}],"about":[{"href":"https:\/\/www.tvnovelas.com.br\/tvnews\/wp-json\/wp\/v2\/types\/post"}],"author":[{"embeddable":true,"href":"https:\/\/www.tvnovelas.com.br\/tvnews\/wp-json\/wp\/v2\/users\/1"}],"replies":[{"embeddable":true,"href":"https:\/\/www.tvnovelas.com.br\/tvnews\/wp-json\/wp\/v2\/comments?post=71692"}],"version-history":[{"count":1,"href":"https:\/\/www.tvnovelas.com.br\/tvnews\/wp-json\/wp\/v2\/posts\/71692\/revisions"}],"predecessor-version":[{"id":71694,"href":"https:\/\/www.tvnovelas.com.br\/tvnews\/wp-json\/wp\/v2\/posts\/71692\/revisions\/71694"}],"wp:featuredmedia":[{"embeddable":true,"href":"https:\/\/www.tvnovelas.com.br\/tvnews\/wp-json\/wp\/v2\/media\/71693"}],"wp:attachment":[{"href":"https:\/\/www.tvnovelas.com.br\/tvnews\/wp-json\/wp\/v2\/media?parent=71692"}],"wp:term":[{"taxonomy":"category","embeddable":true,"href":"https:\/\/www.tvnovelas.com.br\/tvnews\/wp-json\/wp\/v2\/categories?post=71692"},{"taxonomy":"post_tag","embeddable":true,"href":"https:\/\/www.tvnovelas.com.br\/tvnews\/wp-json\/wp\/v2\/tags?post=71692"}],"curies":[{"name":"wp","href":"https:\/\/api.w.org\/{rel}","templated":true}]}}