{"id":71883,"date":"2025-01-08T09:15:25","date_gmt":"2025-01-08T12:15:25","guid":{"rendered":"https:\/\/www.tvnovelas.com.br\/tvnews\/?p=71883"},"modified":"2025-01-08T09:15:25","modified_gmt":"2025-01-08T12:15:25","slug":"garota-do-momento-zelia-acha-a-catedral-em-que-clarice-se-casou","status":"publish","type":"post","link":"https:\/\/www.tvnovelas.com.br\/tvnews\/garota-do-momento-zelia-acha-a-catedral-em-que-clarice-se-casou\/","title":{"rendered":"Garota do Momento: Z\u00e9lia acha a catedral em que Clarice se casou"},"content":{"rendered":"<figure id=\"attachment_71884\" aria-describedby=\"caption-attachment-71884\" style=\"width: 728px\" class=\"wp-caption alignnone\"><img data-recalc-dims=\"1\" decoding=\"async\" class=\"wp-image-71884 size-full\" title=\"(Foto: TV Globo\/Garota do Momento)\" src=\"https:\/\/i0.wp.com\/www.tvnovelas.com.br\/tvnews\/wp-content\/uploads\/2025\/01\/40695.jpg?resize=728%2C405&#038;ssl=1\" alt=\"Foto em Garota do Momento: Z\u00e9lia acha a catedral...\" width=\"728\" height=\"405\" \/><figcaption id=\"caption-attachment-71884\" class=\"wp-caption-text\">Garota do Momento: Z\u00e9lia acha a catedral&#8230;.<\/figcaption><\/figure>\n<p>Em Garota do Momento, Z\u00e9lia (Let\u00edcia Colin) segue firme e forte na tentativa de entender melhor o motivo que fez Clarice (Carol Castro) perder a mem\u00f3ria. Depois de descobrir que a m\u00e3e de Bia (Maisa) j\u00e1 foi casada com outro homem no passado, a ex-secret\u00e1ria far\u00e1 outra descoberta.<\/p>\n<p>Seguindo pistas que levam ao passado de Juliano (F\u00e1bio Assun\u00e7\u00e3o), Z\u00e9lia descobre que Bia \u00e9 filha do empres\u00e1rio com uma vedete. Chocada com a bomba, ela liga para seu c\u00famplice misterioso e conta qual ser\u00e1 seu pr\u00f3ximo passo.<\/p>\n<p>&#8220;Nunca estive t\u00e3o perto da verdade, de ter a Maristela e o Juliano nas minhas m\u00e3os. S\u00f3 preciso preencher umas poucas lacunas que faltam. Descobrir por que a tal vedete entregou a filha pro Juliano criar e saber quem \u00e9 Clarice e o que foi feito da verdadeira filha dela. (ouve) L\u00f3gico que estou tomando cuidado, mas n\u00e3o vou parar. Preciso encontrar essa igreja onde a Clarice se casou. Tenho certeza de que vai me levar at\u00e9 o passado dela. E a\u00ed, meu bem, nada mais vai me impedir de chegar onde sempre quis. Nada!&#8221;<\/p>\n<p>Depois, Z\u00e9lia conversa com Clarice, que fala sobre a recente descoberta da habilidade em desenhar flores. Surpresa ao perceber o dom, Clarice desabafa:<\/p>\n<p>&#8220;Essas flores s\u00e3o de Petr\u00f3polis. N\u00e3o lembro de conhecer a cidade, mas j\u00e1 devo ter ido l\u00e1.&#8221;<\/p>\n<p>\u00c9 ent\u00e3o que Z\u00e9lia liga os pontos ao lembrar da foto de Clarice e Ant\u00f4nio na porta da Catedral de Petr\u00f3polis.<\/p>\n<p>&#8220;Petr\u00f3polis&#8230; \u00c9 claro que j\u00e1 foi.&#8221;<br \/>\n<!--END--><\/p>\n<div class=\"fb-comments\" data-width=\"100%\" data-order-by=\"reverse_time\" data-numposts=\"5\"><\/div>\n<h2>\u00daltimas publica\u00e7\u00f5es de Garota do Momento<\/h2>\n<div class=\"pt-cv-wrapper\"><div class=\"pt-cv-view pt-cv-grid pt-cv-colsys\" id=\"pt-cv-view-54854578lu\"><div data-id=\"pt-cv-page-1\" class=\"pt-cv-page\" data-cvc=\"1\"><div class=\"col-md-12 col-sm-12 col-xs-12 pt-cv-content-item pt-cv-1-col\" ><div class='pt-cv-ifield'><h4 class=\"pt-cv-title\"><a href=\"https:\/\/www.tvnovelas.com.br\/tvnews\/garota-do-momento-beatriz-e-beto-se-casam\/\" class=\"_self\" target=\"_self\" >Garota do Momento: Beatriz e Beto se casam<\/a><\/h4><\/div><\/div>\n<div class=\"col-md-12 col-sm-12 col-xs-12 pt-cv-content-item pt-cv-1-col\" ><div class='pt-cv-ifield'><h4 class=\"pt-cv-title\"><a href=\"https:\/\/www.tvnovelas.com.br\/tvnews\/garota-do-momento-clarice-sequestrada-por-juliano-desespera-beatriz\/\" class=\"_self\" target=\"_self\" >Garota do Momento: Clarice sequestrada por Juliano desespera Beatriz<\/a><\/h4><\/div><\/div>\n<div class=\"col-md-12 col-sm-12 col-xs-12 pt-cv-content-item pt-cv-1-col\" ><div class='pt-cv-ifield'><h4 class=\"pt-cv-title\"><a href=\"https:\/\/www.tvnovelas.com.br\/tvnews\/garota-do-momento-clarice-cospe-na-cara-de-maristela\/\" class=\"_self\" target=\"_self\" >Garota do Momento: Clarice cospe na cara de Maristela<\/a><\/h4><\/div><\/div>\n<div class=\"col-md-12 col-sm-12 col-xs-12 pt-cv-content-item pt-cv-1-col\" ><div class='pt-cv-ifield'><h4 class=\"pt-cv-title\"><a href=\"https:\/\/www.tvnovelas.com.br\/tvnews\/garota-do-momento-ligia-emociona-ao-dedicar-nova-musica-a-raimundo\/\" class=\"_self\" target=\"_self\" >Garota do Momento: Ligia emociona ao dedicar nova m\u00fasica a Raimundo<\/a><\/h4><\/div><\/div>\n<div class=\"col-md-12 col-sm-12 col-xs-12 pt-cv-content-item pt-cv-1-col\" ><div class='pt-cv-ifield'><h4 class=\"pt-cv-title\"><a href=\"https:\/\/www.tvnovelas.com.br\/tvnews\/garota-do-momento-zelia-beatriz-e-basilio-unidos-para-desmascarar-juliano\/\" class=\"_self\" target=\"_self\" >Garota do Momento: Z\u00e9lia, Beatriz e Bas\u00edlio unidos para desmascarar Juliano<\/a><\/h4><\/div><\/div>\n<div class=\"col-md-12 col-sm-12 col-xs-12 pt-cv-content-item pt-cv-1-col\" ><div class='pt-cv-ifield'><h4 class=\"pt-cv-title\"><a href=\"https:\/\/www.tvnovelas.com.br\/tvnews\/garota-do-momento-ligia-confessa-que-ama-raimundo-e-quer-voltar\/\" class=\"_self\" target=\"_self\" >Garota do Momento: Ligia confessa que ama Raimundo e quer voltar<\/a><\/h4><\/div><\/div><\/div><\/div><\/div>\n<h2>\u00daltimas not\u00edcias das novelas<\/h2>\n<p>[wp-rss-aggregator feeds=&#8221;todas&#8221;]<br \/>\n<a href=\"https:\/\/wp.me\/pfspD2-Ti\" target=\"_blank\" rel=\"noopener\"><strong>Garota do Momento: A saga dos Alencar<\/strong><\/a> (Sinopse)<br \/>\n<a href=\"https:\/\/tvnovelas.com.br\/filmes\/filmes-na-tv-segunda\/\" target=\"_blank\" rel=\"noopener\">Confira a programa\u00e7\u00e3o de filmes na TV aberta<\/a><br \/>\n<a href=\"https:\/\/www.tvnovelas.com.br\/tvnews\/\">\u00daltimas not\u00edcias de todas as novelas<\/a><\/p>\n","protected":false},"excerpt":{"rendered":"<p>Garota do Momento: Z\u00e9lia acha a catedral&#8230; Em Garota do Momento, Z\u00e9lia (Let\u00edcia Colin) segue firme e forte na tentativa de entender melhor o motivo&#8230;<\/p>\n","protected":false},"author":1,"featured_media":71884,"comment_status":"closed","ping_status":"closed","sticky":false,"template":"","format":"standard","meta":{"_uf_show_specific_survey":0,"_uf_disable_surveys":false,"_jetpack_memberships_contains_paid_content":false,"footnotes":"","_wp_rev_ctl_limit":""},"categories":[812],"tags":[832,813,5,64,833],"class_list":["post-71883","post","type-post","status-publish","format-standard","has-post-thumbnail","hentry","category-garota-do-momento","tag-catedral","tag-garota-do-momento","tag-globo","tag-novelas","tag-petropolis","wpcat-812-id"],"aioseo_notices":[],"jetpack_featured_media_url":"https:\/\/i0.wp.com\/www.tvnovelas.com.br\/tvnews\/wp-content\/uploads\/2025\/01\/40695.jpg?fit=728%2C405&ssl=1","jetpack_shortlink":"https:\/\/wp.me\/pdP2BO-iHp","jetpack_sharing_enabled":true,"_links":{"self":[{"href":"https:\/\/www.tvnovelas.com.br\/tvnews\/wp-json\/wp\/v2\/posts\/71883","targetHints":{"allow":["GET"]}}],"collection":[{"href":"https:\/\/www.tvnovelas.com.br\/tvnews\/wp-json\/wp\/v2\/posts"}],"about":[{"href":"https:\/\/www.tvnovelas.com.br\/tvnews\/wp-json\/wp\/v2\/types\/post"}],"author":[{"embeddable":true,"href":"https:\/\/www.tvnovelas.com.br\/tvnews\/wp-json\/wp\/v2\/users\/1"}],"replies":[{"embeddable":true,"href":"https:\/\/www.tvnovelas.com.br\/tvnews\/wp-json\/wp\/v2\/comments?post=71883"}],"version-history":[{"count":2,"href":"https:\/\/www.tvnovelas.com.br\/tvnews\/wp-json\/wp\/v2\/posts\/71883\/revisions"}],"predecessor-version":[{"id":71886,"href":"https:\/\/www.tvnovelas.com.br\/tvnews\/wp-json\/wp\/v2\/posts\/71883\/revisions\/71886"}],"wp:featuredmedia":[{"embeddable":true,"href":"https:\/\/www.tvnovelas.com.br\/tvnews\/wp-json\/wp\/v2\/media\/71884"}],"wp:attachment":[{"href":"https:\/\/www.tvnovelas.com.br\/tvnews\/wp-json\/wp\/v2\/media?parent=71883"}],"wp:term":[{"taxonomy":"category","embeddable":true,"href":"https:\/\/www.tvnovelas.com.br\/tvnews\/wp-json\/wp\/v2\/categories?post=71883"},{"taxonomy":"post_tag","embeddable":true,"href":"https:\/\/www.tvnovelas.com.br\/tvnews\/wp-json\/wp\/v2\/tags?post=71883"}],"curies":[{"name":"wp","href":"https:\/\/api.w.org\/{rel}","templated":true}]}}