{"id":71913,"date":"2025-01-09T08:23:13","date_gmt":"2025-01-09T11:23:13","guid":{"rendered":"https:\/\/www.tvnovelas.com.br\/tvnews\/?p=71913"},"modified":"2025-01-09T08:23:13","modified_gmt":"2025-01-09T11:23:13","slug":"garota-do-momento-beatriz-pede-perdao-a-beto-e-eles-se-beijam","status":"publish","type":"post","link":"https:\/\/www.tvnovelas.com.br\/tvnews\/garota-do-momento-beatriz-pede-perdao-a-beto-e-eles-se-beijam\/","title":{"rendered":"Garota do Momento: Beatriz pede perd\u00e3o a Beto e eles se beijam"},"content":{"rendered":"<figure id=\"attachment_71914\" aria-describedby=\"caption-attachment-71914\" style=\"width: 728px\" class=\"wp-caption alignnone\"><img data-recalc-dims=\"1\" decoding=\"async\" class=\"wp-image-71914 size-full\" title=\"(Foto: TV Globo\/Garota do Momento)\" src=\"https:\/\/i0.wp.com\/www.tvnovelas.com.br\/tvnews\/wp-content\/uploads\/2025\/01\/10322.jpg?resize=728%2C410&#038;ssl=1\" alt=\"Foto em Garota do Momento: Beatriz pede perd\u00e3o\" width=\"728\" height=\"410\" \/><figcaption id=\"caption-attachment-71914\" class=\"wp-caption-text\">Garota do Momento: Beatriz pede perd\u00e3o&#8230;<\/figcaption><\/figure>\n<p>Em Garota do Momento, Beatriz (Duda Santos) ficar\u00e1 bastante decepcionada com Bas\u00edlio (Cau\u00ea Campos). Tudo come\u00e7a quando ela encontra os bandidos que bateram no Beto (Pedro Novaes) e resolve tirar essa hist\u00f3ria a limpo.<\/p>\n<p>Em um bar, ela chega para os homens e finge estar interessada nos seus servi\u00e7os sujos:<\/p>\n<p>&#8220;Eu estou procurando justamente por voc\u00eas. Tenho interesse no mesmo servi\u00e7o que prestaram para um amigo meu. O Bas\u00edlio. [&#8230;] Eu estou me referindo a outro servi\u00e7o. Um que voc\u00eas pegaram um sujeito na praia \u00e0 noite.&#8221;<\/p>\n<p>&#8220;Sei quem \u00e9. Mas eu posso saber melhor qual o seu interesse?&#8221;, pergunta um deles.<\/p>\n<p>&#8220;Ent\u00e3o&#8230; eu quero encomendar uma surra no safado do meu noivo que me traiu com a minha amiga. N\u00e3o foi isso que voc\u00eas ajudaram o Bas\u00edlio a fazer com aquele riquinho? Pago bem&#8221;, explica Beatriz.<\/p>\n<p>Depois, um dos bandidos revela para Beatriz os detalhes do que aconteceu naquela noite com o Beto e, posteriormente, com o Bas\u00edlio:<\/p>\n<p>&#8220;Primeiro n\u00f3s pegamos o riquinho na praia, depois roubamos a boina dele, entregamos pro Bas\u00edlio e por fim demos uma co\u00e7a no pr\u00f3prio. Primeira vez que vi um sujeito pagar pra apanhar!&#8221;<\/p>\n<p>Passada ao descobrir que Beto nunca deu uma surra em Bas\u00edlio, Beatriz inventa uma desculpa para ir embora em seguran\u00e7a. No dia seguinte, ela procura por Beto na ag\u00eancia e fala o que aconteceu na noite anterior:<\/p>\n<p>&#8220;Segui aqueles homens, Beto. Os que bateram em voc\u00ea. E eles abriam o verbo. Contaram que o Bas\u00edlio pagou pra eles te baterem, roubar sua boina e apanhar deles depois.&#8221;<\/p>\n<p>Beatriz chora e pede perd\u00e3o a Beto por ter desconfiado dele:<\/p>\n<p>&#8220;Me perdoa? Me aceita de volta?&#8221;<\/p>\n<p>&#8220;\u00c9 claro que aceito, meu lugar \u00e9 ao seu lado, Beatriz. Sempre foi&#8221;, diz Beto, antes de dar um beij\u00e3o de reconcilia\u00e7\u00e3o na mocinha.<br \/>\n<!--END--><\/p>\n<div class=\"fb-comments\" data-width=\"100%\" data-order-by=\"reverse_time\" data-numposts=\"5\"><\/div>\n<h2>\u00daltimas publica\u00e7\u00f5es de Garota do Momento<\/h2>\n<div class=\"pt-cv-wrapper\"><div class=\"pt-cv-view pt-cv-grid pt-cv-colsys\" id=\"pt-cv-view-54854578lu\"><div data-id=\"pt-cv-page-1\" class=\"pt-cv-page\" data-cvc=\"1\"><div class=\"col-md-12 col-sm-12 col-xs-12 pt-cv-content-item pt-cv-1-col\" ><div class='pt-cv-ifield'><h4 class=\"pt-cv-title\"><a href=\"https:\/\/www.tvnovelas.com.br\/tvnews\/garota-do-momento-beatriz-e-beto-se-casam\/\" class=\"_self\" target=\"_self\" >Garota do Momento: Beatriz e Beto se casam<\/a><\/h4><\/div><\/div>\n<div class=\"col-md-12 col-sm-12 col-xs-12 pt-cv-content-item pt-cv-1-col\" ><div class='pt-cv-ifield'><h4 class=\"pt-cv-title\"><a href=\"https:\/\/www.tvnovelas.com.br\/tvnews\/garota-do-momento-clarice-sequestrada-por-juliano-desespera-beatriz\/\" class=\"_self\" target=\"_self\" >Garota do Momento: Clarice sequestrada por Juliano desespera Beatriz<\/a><\/h4><\/div><\/div>\n<div class=\"col-md-12 col-sm-12 col-xs-12 pt-cv-content-item pt-cv-1-col\" ><div class='pt-cv-ifield'><h4 class=\"pt-cv-title\"><a href=\"https:\/\/www.tvnovelas.com.br\/tvnews\/garota-do-momento-clarice-cospe-na-cara-de-maristela\/\" class=\"_self\" target=\"_self\" >Garota do Momento: Clarice cospe na cara de Maristela<\/a><\/h4><\/div><\/div>\n<div class=\"col-md-12 col-sm-12 col-xs-12 pt-cv-content-item pt-cv-1-col\" ><div class='pt-cv-ifield'><h4 class=\"pt-cv-title\"><a href=\"https:\/\/www.tvnovelas.com.br\/tvnews\/garota-do-momento-ligia-emociona-ao-dedicar-nova-musica-a-raimundo\/\" class=\"_self\" target=\"_self\" >Garota do Momento: Ligia emociona ao dedicar nova m\u00fasica a Raimundo<\/a><\/h4><\/div><\/div>\n<div class=\"col-md-12 col-sm-12 col-xs-12 pt-cv-content-item pt-cv-1-col\" ><div class='pt-cv-ifield'><h4 class=\"pt-cv-title\"><a href=\"https:\/\/www.tvnovelas.com.br\/tvnews\/garota-do-momento-zelia-beatriz-e-basilio-unidos-para-desmascarar-juliano\/\" class=\"_self\" target=\"_self\" >Garota do Momento: Z\u00e9lia, Beatriz e Bas\u00edlio unidos para desmascarar Juliano<\/a><\/h4><\/div><\/div>\n<div class=\"col-md-12 col-sm-12 col-xs-12 pt-cv-content-item pt-cv-1-col\" ><div class='pt-cv-ifield'><h4 class=\"pt-cv-title\"><a href=\"https:\/\/www.tvnovelas.com.br\/tvnews\/garota-do-momento-ligia-confessa-que-ama-raimundo-e-quer-voltar\/\" class=\"_self\" target=\"_self\" >Garota do Momento: Ligia confessa que ama Raimundo e quer voltar<\/a><\/h4><\/div><\/div><\/div><\/div><\/div>\n<h2>\u00daltimas not\u00edcias das novelas<\/h2>\n<p>[wp-rss-aggregator feeds=&#8221;todas&#8221;]<br \/>\n<a href=\"https:\/\/wp.me\/pfspD2-Ti\" target=\"_blank\" rel=\"noopener\"><strong>Garota do Momento: A saga dos Alencar<\/strong><\/a> (Sinopse)<br \/>\n<a href=\"https:\/\/tvnovelas.com.br\/filmes\/filmes-na-tv-segunda\/\" target=\"_blank\" rel=\"noopener\">Confira a programa\u00e7\u00e3o de filmes na TV aberta<\/a><br \/>\n<a href=\"https:\/\/www.tvnovelas.com.br\/tvnews\/\">\u00daltimas not\u00edcias de todas as novelas<\/a><\/p>\n","protected":false},"excerpt":{"rendered":"<p>Garota do Momento: Beatriz pede perd\u00e3o&#8230; Em Garota do Momento, Beatriz (Duda Santos) ficar\u00e1 bastante decepcionada com Bas\u00edlio&#8230;<\/p>\n","protected":false},"author":1,"featured_media":71914,"comment_status":"closed","ping_status":"closed","sticky":false,"template":"","format":"standard","meta":{"_uf_show_specific_survey":0,"_uf_disable_surveys":false,"_jetpack_memberships_contains_paid_content":false,"footnotes":"","_wp_rev_ctl_limit":""},"categories":[812],"tags":[813,5,64],"class_list":["post-71913","post","type-post","status-publish","format-standard","has-post-thumbnail","hentry","category-garota-do-momento","tag-garota-do-momento","tag-globo","tag-novelas","wpcat-812-id"],"aioseo_notices":[],"jetpack_featured_media_url":"https:\/\/i0.wp.com\/www.tvnovelas.com.br\/tvnews\/wp-content\/uploads\/2025\/01\/10322.jpg?fit=728%2C410&ssl=1","jetpack_shortlink":"https:\/\/wp.me\/pdP2BO-iHT","jetpack_sharing_enabled":true,"_links":{"self":[{"href":"https:\/\/www.tvnovelas.com.br\/tvnews\/wp-json\/wp\/v2\/posts\/71913","targetHints":{"allow":["GET"]}}],"collection":[{"href":"https:\/\/www.tvnovelas.com.br\/tvnews\/wp-json\/wp\/v2\/posts"}],"about":[{"href":"https:\/\/www.tvnovelas.com.br\/tvnews\/wp-json\/wp\/v2\/types\/post"}],"author":[{"embeddable":true,"href":"https:\/\/www.tvnovelas.com.br\/tvnews\/wp-json\/wp\/v2\/users\/1"}],"replies":[{"embeddable":true,"href":"https:\/\/www.tvnovelas.com.br\/tvnews\/wp-json\/wp\/v2\/comments?post=71913"}],"version-history":[{"count":1,"href":"https:\/\/www.tvnovelas.com.br\/tvnews\/wp-json\/wp\/v2\/posts\/71913\/revisions"}],"predecessor-version":[{"id":71915,"href":"https:\/\/www.tvnovelas.com.br\/tvnews\/wp-json\/wp\/v2\/posts\/71913\/revisions\/71915"}],"wp:featuredmedia":[{"embeddable":true,"href":"https:\/\/www.tvnovelas.com.br\/tvnews\/wp-json\/wp\/v2\/media\/71914"}],"wp:attachment":[{"href":"https:\/\/www.tvnovelas.com.br\/tvnews\/wp-json\/wp\/v2\/media?parent=71913"}],"wp:term":[{"taxonomy":"category","embeddable":true,"href":"https:\/\/www.tvnovelas.com.br\/tvnews\/wp-json\/wp\/v2\/categories?post=71913"},{"taxonomy":"post_tag","embeddable":true,"href":"https:\/\/www.tvnovelas.com.br\/tvnews\/wp-json\/wp\/v2\/tags?post=71913"}],"curies":[{"name":"wp","href":"https:\/\/api.w.org\/{rel}","templated":true}]}}