{"id":71921,"date":"2025-01-09T08:52:21","date_gmt":"2025-01-09T11:52:21","guid":{"rendered":"https:\/\/www.tvnovelas.com.br\/tvnews\/?p=71921"},"modified":"2025-01-09T08:52:21","modified_gmt":"2025-01-09T11:52:21","slug":"mania-de-voce-tomas-descobre-que-evelyn-e-filha-de-sirlei","status":"publish","type":"post","link":"https:\/\/www.tvnovelas.com.br\/tvnews\/mania-de-voce-tomas-descobre-que-evelyn-e-filha-de-sirlei\/","title":{"rendered":"Mania de Voc\u00ea: Tom\u00e1s descobre que Evelyn \u00e9 filha de Sirlei"},"content":{"rendered":"<figure id=\"attachment_71922\" aria-describedby=\"caption-attachment-71922\" style=\"width: 728px\" class=\"wp-caption alignnone\"><img data-recalc-dims=\"1\" decoding=\"async\" class=\"wp-image-71922 size-full\" title=\"(Foto: TV Globo\/Mania de Voc\u00ea)\" src=\"https:\/\/i0.wp.com\/www.tvnovelas.com.br\/tvnews\/wp-content\/uploads\/2025\/01\/10324.jpg?resize=728%2C410&#038;ssl=1\" alt=\"Foto em Mania de Voc\u00ea: Tom\u00e1s descobre\" width=\"728\" height=\"410\" \/><figcaption id=\"caption-attachment-71922\" class=\"wp-caption-text\">Mania de Voc\u00ea: Tom\u00e1s descobre&#8230;<\/figcaption><\/figure>\n<p>Em Mania de Voc\u00ea, ap\u00f3s meses de enrola\u00e7\u00e3o, Tom\u00e1s (Paulo Mendes) finalmente ir\u00e1 descobrir a verdade sobre a fam\u00edlia de Evelyn (Gi Fernandes). Ou pelo menos parte dela. Ap\u00f3s flagrar a mo\u00e7a conversando Sirlei (David Junior), que, por sua vez, est\u00e1 comprometid\u00edssimo com Berta (Eliane Giardini), av\u00f3 do rapaz, ele ir\u00e1 confrontar a situa\u00e7\u00e3o.<\/p>\n<p>E n\u00e3o precisar\u00e1 for\u00e7ar muito, pois a pr\u00f3pria Evelyn ser\u00e1 franca com marido e dir\u00e1 que, na verdade, Sirlei \u00e9 seu pai.<\/p>\n<p>\u201cComo \u00e9 que \u00e9? N\u00f5, n\u00e3o ouvi bem. Voc\u00ea \u00e9 filha do Sirlei, Evelyn?\u201d, questionar\u00e1 o rapaz, incr\u00e9dulo.<\/p>\n<p>\u201c\u00c9. \u00c9 isso mesmo que voc\u00ea ouviu\u201d, afirmar\u00e1 ela.<\/p>\n<p>Evelyn come\u00e7ar\u00e1 a chorar e dir\u00e1 que sempre quis ser honesta em rela\u00e7\u00e3o \u00e0 fam\u00edlia com Tom\u00e1s; logo em seguida, vai implorar pelo perd\u00e3o do amado. Mas, logicamente, n\u00e3o aproveitar\u00e1 a situa\u00e7\u00e3o para ser totalmente sincera e contar que Leidi (Talita Carauta) \u00e9 sua m\u00e3e.<\/p>\n<p>\u201cEu s\u00f3 quero saber o porqu\u00ea, Evelyn\u201d, ir\u00e1 perguntar ele.<\/p>\n<p>\u201cTive medo da sua rea\u00e7\u00e3o. Achei que ia pensar que a gente tava se aproveitando de voc\u00eas\u201d, responder\u00e1.<\/p>\n<p>Mas por mais que Evelyn tente explicar e se perdoar, ele ser\u00e1 decisivo.<\/p>\n<p>\u201cMe erra! Fica a\u00ed com seu paizinho querido!\u201d, dir\u00e1 Tom\u00e1s, que ainda mandar\u00e1 um recado a Sirlei. \u201cE a minha av\u00f3, \u00e9 claro que tamb\u00e9m n\u00e3o sabe de nada!\u201d<\/p>\n<p>\u201cAs coisas n\u00e3o s\u00e3o como voc\u00ea t\u00e1 pensando. V\u00ea se n\u00e3o vai magoar sua av\u00f3 sem necessidade\u201d, responder\u00e1 o pilantra.<\/p>\n<div class=\"fb-comments\" data-width=\"100%\" data-order-by=\"reverse_time\" data-numposts=\"5\"><\/div>\n<p><h2>Mais:<\/h2>\r\n<p><a href=\"https:\/\/tvnovelas.com.br\/novelas\/resumos-de-mania-de-voce\/\" target=\"_blank\" rel=\"noopener\">Confira os resumos da semana de 'Mania de Voc\u00ea'<\/a><\/p>\r\n<p><a href=\"https:\/\/wp.me\/pfspD2-RR\" target=\"_blank\" rel=\"noopener\">Mania de Voc\u00ea: de paix\u00e3o e de poder<\/a> (Sinopse)<\/p>\r\n<p><a href=\"https:\/\/pt.wikipedia.org\/wiki\/Mania_de_Voc%C3%AA_(telenovela)\" target=\"_blank\" rel=\"noopener\">Sobre Mania de Voc\u00ea, na Wikipedia<\/a><\/p>\r\n<a href=\"https:\/\/tvnovelas.com.br\/novelas\/\" target=\"_blank\" rel=\"noopener\">Resumos de todas as novelas<\/a>\r\n<p><strong style=\"font-size: 120%;\">\u00daltimas not\u00edcias de 'Mania de Voc\u00ea:<\/strong><\/p>\r\n<div class=\"pt-cv-wrapper\"><div class=\"pt-cv-view pt-cv-grid pt-cv-colsys\" id=\"pt-cv-view-b5279c1ien\"><div data-id=\"pt-cv-page-1\" class=\"pt-cv-page\" data-cvc=\"1\"><div class=\"col-md-12 col-sm-12 col-xs-12 pt-cv-content-item pt-cv-1-col\" ><div class='pt-cv-ifield'><h4 class=\"pt-cv-title\"><a href=\"https:\/\/www.tvnovelas.com.br\/tvnews\/mania-de-voce-leidi-visita-isis-na-cadeia-e-revela-nova-profissao\/\" class=\"_self\" target=\"_self\" >Mania de Voc\u00ea: Leidi visita \u00cdsis na cadeia e revela nova &#8216;profiss\u00e3o&#8217;<\/a><\/h4><\/div><\/div>\n<div class=\"col-md-12 col-sm-12 col-xs-12 pt-cv-content-item pt-cv-1-col\" ><div class='pt-cv-ifield'><h4 class=\"pt-cv-title\"><a href=\"https:\/\/www.tvnovelas.com.br\/tvnews\/mania-de-voce-mercia-fica-trancada-no-cofre-e-sem-o-quadro-valioso\/\" class=\"_self\" target=\"_self\" >Mania de Voc\u00ea: M\u00e9rcia fica trancada no cofre e sem o quadro valioso<\/a><\/h4><\/div><\/div>\n<div class=\"col-md-12 col-sm-12 col-xs-12 pt-cv-content-item pt-cv-1-col\" ><div class='pt-cv-ifield'><h4 class=\"pt-cv-title\"><a href=\"https:\/\/www.tvnovelas.com.br\/tvnews\/mania-de-voce-luma-nao-trai-mavi-e-e-ameacada-de-morte-por-molina\/\" class=\"_self\" target=\"_self\" >Mania de Voc\u00ea: Luma n\u00e3o trai Mavi e \u00e9 amea\u00e7ada de morte por Molina<\/a><\/h4><\/div><\/div>\n<div class=\"col-md-12 col-sm-12 col-xs-12 pt-cv-content-item pt-cv-1-col\" ><div class='pt-cv-ifield'><h4 class=\"pt-cv-title\"><a href=\"https:\/\/www.tvnovelas.com.br\/tvnews\/mania-de-voce-mavi-luma-e-molina-firmam-fazem-pacto-contra-mercia\/\" class=\"_self\" target=\"_self\" >Mania de Voc\u00ea: Mavi, Luma e Molina firmam pacto contra M\u00e9rcia<\/a><\/h4><\/div><\/div>\n<div class=\"col-md-12 col-sm-12 col-xs-12 pt-cv-content-item pt-cv-1-col\" ><div class='pt-cv-ifield'><h4 class=\"pt-cv-title\"><a href=\"https:\/\/www.tvnovelas.com.br\/tvnews\/mania-de-voce-mercia-consegue-ter-luma-e-mavi-na-ilha-dos-corvos\/\" class=\"_self\" target=\"_self\" >Mania de Voc\u00ea: M\u00e9rcia consegue ter Luma e Mavi na Ilha dos Corvos<\/a><\/h4><\/div><\/div>\n<div class=\"col-md-12 col-sm-12 col-xs-12 pt-cv-content-item pt-cv-1-col\" ><div class='pt-cv-ifield'><h4 class=\"pt-cv-title\"><a href=\"https:\/\/www.tvnovelas.com.br\/tvnews\/mania-de-voce-isis-e-presa-apos-cair-em-armadilha-de-leidi\/\" class=\"_self\" target=\"_self\" >Mania de Voc\u00ea: \u00cdsis \u00e9 presa ap\u00f3s cair em armadilha de Leidi<\/a><\/h4><\/div><\/div>\n<div class=\"col-md-12 col-sm-12 col-xs-12 pt-cv-content-item pt-cv-1-col\" ><div class='pt-cv-ifield'><h4 class=\"pt-cv-title\"><a href=\"https:\/\/www.tvnovelas.com.br\/tvnews\/mania-de-voce-mercia-resgata-molina-e-revela-plano\/\" class=\"_self\" target=\"_self\" >Mania de Voc\u00ea: M\u00e9rcia resgata Molina e revela plano<\/a><\/h4><\/div><\/div>\n<div class=\"col-md-12 col-sm-12 col-xs-12 pt-cv-content-item pt-cv-1-col\" ><div class='pt-cv-ifield'><h4 class=\"pt-cv-title\"><a href=\"https:\/\/www.tvnovelas.com.br\/tvnews\/mania-de-voce-isis-invade-mansao-para-matar-berta\/\" class=\"_self\" target=\"_self\" >Mania de Voc\u00ea: \u00cdsis invade mans\u00e3o para matar Berta<\/a><\/h4><\/div><\/div>\n<div class=\"col-md-12 col-sm-12 col-xs-12 pt-cv-content-item pt-cv-1-col\" ><div class='pt-cv-ifield'><h4 class=\"pt-cv-title\"><a href=\"https:\/\/www.tvnovelas.com.br\/tvnews\/acontece-em-mania-de-voce-na-reta-final\/\" class=\"_self\" target=\"_self\" >Acontece em Mania de Voc\u00ea na reta final<\/a><\/h4><\/div><\/div>\n<div class=\"col-md-12 col-sm-12 col-xs-12 pt-cv-content-item pt-cv-1-col\" ><div class='pt-cv-ifield'><h4 class=\"pt-cv-title\"><a href=\"https:\/\/www.tvnovelas.com.br\/tvnews\/mania-de-voce-rebeca-ajuda-mafia-a-armar-cilada-para-molina\/\" class=\"_self\" target=\"_self\" >Mania de Voc\u00ea: Rebeca ajuda m\u00e1fia a armar cilada para Molina<\/a><\/h4><\/div><\/div><\/div><\/div><\/div>\r\n<p><strong style=\"font-size: 120%;\">\u00daltimas not\u00edcias deste site:<\/strong><\/p>\r\n<div class=\"pt-cv-wrapper\"><div class=\"pt-cv-view pt-cv-grid pt-cv-colsys\" id=\"pt-cv-view-90991035b3\"><div data-id=\"pt-cv-page-1\" class=\"pt-cv-page\" data-cvc=\"1\"><div class=\"col-md-12 col-sm-12 col-xs-12 pt-cv-content-item pt-cv-1-col\" ><div class='pt-cv-ifield'><h4 class=\"pt-cv-title\"><a href=\"https:\/\/www.tvnovelas.com.br\/tvnews\/em-coracao-de-mae-nos-proximos-capitulos-04-a-08-5\/\" class=\"_self\" target=\"_self\" >Em Cora\u00e7\u00e3o de M\u00e3e nos pr\u00f3ximos cap\u00edtulos (04 a 08\/5)<\/a><\/h4><\/div><\/div>\n<div class=\"col-md-12 col-sm-12 col-xs-12 pt-cv-content-item pt-cv-1-col\" ><div class='pt-cv-ifield'><h4 class=\"pt-cv-title\"><a href=\"https:\/\/www.tvnovelas.com.br\/tvnews\/coracao-de-mae-hasan-e-filiz-em-piquenique-romantico\/\" class=\"_self\" target=\"_self\" >Cora\u00e7\u00e3o de M\u00e3e: Hasan e Filiz em piquenique rom\u00e2ntico<\/a><\/h4><\/div><\/div>\n<div class=\"col-md-12 col-sm-12 col-xs-12 pt-cv-content-item pt-cv-1-col\" ><div class='pt-cv-ifield'><h4 class=\"pt-cv-title\"><a href=\"https:\/\/www.tvnovelas.com.br\/tvnews\/guerra-das-rosas-cihan-vibra-com-desistencia-de-gulru-de-casar-com-mert\/\" class=\"_self\" target=\"_self\" >Guerra das Rosas: Cihan vibra com desist\u00eancia de Gulru de casar com Mert<\/a><\/h4><\/div><\/div>\n<div class=\"col-md-12 col-sm-12 col-xs-12 pt-cv-content-item pt-cv-1-col\" ><div class='pt-cv-ifield'><h4 class=\"pt-cv-title\"><a href=\"https:\/\/www.tvnovelas.com.br\/tvnews\/coracao-de-mae-irmak-denuncia-adnan\/\" class=\"_self\" target=\"_self\" >Cora\u00e7\u00e3o de M\u00e3e: Irmak denuncia Adnan<\/a><\/h4><\/div><\/div>\n<div class=\"col-md-12 col-sm-12 col-xs-12 pt-cv-content-item pt-cv-1-col\" ><div class='pt-cv-ifield'><h4 class=\"pt-cv-title\"><a href=\"https:\/\/www.tvnovelas.com.br\/tvnews\/a-nobreza-do-amor-mirinho-e-obrigado-a-resgatar-tonho\/\" class=\"_self\" target=\"_self\" >A Nobreza do Amor: Mirinho \u00e9 obrigado a resgatar Tonho<\/a><\/h4><\/div><\/div>\n<div class=\"col-md-12 col-sm-12 col-xs-12 pt-cv-content-item pt-cv-1-col\" ><div class='pt-cv-ifield'><h4 class=\"pt-cv-title\"><a href=\"https:\/\/www.tvnovelas.com.br\/tvnews\/tres-gracas-paulinho-e-afastado-da-policia-por-causa-de-gerluce\/\" class=\"_self\" target=\"_self\" >Tr\u00eas Gra\u00e7as: Paulinho \u00e9 afastado da pol\u00edcia por causa de Gerluce<\/a><\/h4><\/div><\/div>\n<div class=\"col-md-12 col-sm-12 col-xs-12 pt-cv-content-item pt-cv-1-col\" ><div class='pt-cv-ifield'><h4 class=\"pt-cv-title\"><a href=\"https:\/\/www.tvnovelas.com.br\/tvnews\/coracao-de-mae-irmak-inicia-jogo-arriscado-contra-adnan\/\" class=\"_self\" target=\"_self\" >Cora\u00e7\u00e3o de M\u00e3e: Irmak inicia jogo arriscado contra Adnan<\/a><\/h4><\/div><\/div>\n<div class=\"col-md-12 col-sm-12 col-xs-12 pt-cv-content-item pt-cv-1-col\" ><div class='pt-cv-ifield'><h4 class=\"pt-cv-title\"><a href=\"https:\/\/www.tvnovelas.com.br\/tvnews\/guerra-das-rosas-omer-chama-gulru-vestida-de-noiva-para-fugir\/\" class=\"_self\" target=\"_self\" >Guerra das Rosas: Omer chama Gulru vestida de noiva para fugir<\/a><\/h4><\/div><\/div>\n<div class=\"col-md-12 col-sm-12 col-xs-12 pt-cv-content-item pt-cv-1-col\" ><div class='pt-cv-ifield'><h4 class=\"pt-cv-title\"><a href=\"https:\/\/www.tvnovelas.com.br\/tvnews\/coracao-de-mae-reha-sai-para-jantar-com-selvi\/\" class=\"_self\" target=\"_self\" >Cora\u00e7\u00e3o de M\u00e3e: Reha sai para jantar com Selvi<\/a><\/h4><\/div><\/div>\n<div class=\"col-md-12 col-sm-12 col-xs-12 pt-cv-content-item pt-cv-1-col\" ><div class='pt-cv-ifield'><h4 class=\"pt-cv-title\"><a href=\"https:\/\/www.tvnovelas.com.br\/tvnews\/coracao-acelerado-zila-se-preocupa-com-sua-situacao-apos-separacao\/\" class=\"_self\" target=\"_self\" >Cora\u00e7\u00e3o Acelerado: Zil\u00e1 se preocupa com sua situa\u00e7\u00e3o ap\u00f3s separa\u00e7\u00e3o<\/a><\/h4><\/div><\/div><\/div><\/div><\/div>\r\n<h3>Confira tamb\u00e9m<\/h3>\r\n<p><a href=\"https:\/\/www.tvnovelas.com.br\/filmes\/\" target=\"_blank\" rel=\"noopener noreferrer\"><strong>Programa\u00e7\u00e3o de filmes na TV aberta<\/strong><\/a><\/p>\r\n<p><a href=\"https:\/\/caetenews.com.br\/semana\/filmes-da-globo-na-sessao-da-tarde-desta-semana\/\" target=\"_blank\" rel=\"noopener\"><strong>Confira os filmes da semana na Sess\u00e3o da Tarde<\/strong><\/a><\/p>\r\n<p><a href=\"https:\/\/www.tvnovelas.com.br\/novelas\/\"><strong>Confira os resumos da semana de todas novelas<\/strong><\/a><\/p><br \/>\n<!--FIM DO POST--><\/p>\n<div class=\"fb-comments\" data-width=\"100%\" data-order-by=\"reverse_time\" data-numposts=\"5\"><\/div>\n<h2>Mais:<\/h2>\r\n<p><a href=\"https:\/\/tvnovelas.com.br\/novelas\/resumos-de-mania-de-voce\/\" target=\"_blank\" rel=\"noopener\">Confira os resumos da semana de 'Mania de Voc\u00ea'<\/a><\/p>\r\n<p><a href=\"https:\/\/wp.me\/pfspD2-RR\" target=\"_blank\" rel=\"noopener\">Mania de Voc\u00ea: de paix\u00e3o e de poder<\/a> (Sinopse)<\/p>\r\n<p><a href=\"https:\/\/pt.wikipedia.org\/wiki\/Mania_de_Voc%C3%AA_(telenovela)\" target=\"_blank\" rel=\"noopener\">Sobre Mania de Voc\u00ea, na Wikipedia<\/a><\/p>\r\n<a href=\"https:\/\/tvnovelas.com.br\/novelas\/\" target=\"_blank\" rel=\"noopener\">Resumos de todas as novelas<\/a>\r\n<p><strong style=\"font-size: 120%;\">\u00daltimas not\u00edcias de 'Mania de Voc\u00ea:<\/strong><\/p>\r\n<div class=\"pt-cv-wrapper\"><div class=\"pt-cv-view pt-cv-grid pt-cv-colsys\" id=\"pt-cv-view-b5279c1ien\"><div data-id=\"pt-cv-page-1\" class=\"pt-cv-page\" data-cvc=\"1\"><div class=\"col-md-12 col-sm-12 col-xs-12 pt-cv-content-item pt-cv-1-col\" ><div class='pt-cv-ifield'><h4 class=\"pt-cv-title\"><a href=\"https:\/\/www.tvnovelas.com.br\/tvnews\/mania-de-voce-leidi-visita-isis-na-cadeia-e-revela-nova-profissao\/\" class=\"_self\" target=\"_self\" >Mania de Voc\u00ea: Leidi visita \u00cdsis na cadeia e revela nova &#8216;profiss\u00e3o&#8217;<\/a><\/h4><\/div><\/div>\n<div class=\"col-md-12 col-sm-12 col-xs-12 pt-cv-content-item pt-cv-1-col\" ><div class='pt-cv-ifield'><h4 class=\"pt-cv-title\"><a href=\"https:\/\/www.tvnovelas.com.br\/tvnews\/mania-de-voce-mercia-fica-trancada-no-cofre-e-sem-o-quadro-valioso\/\" class=\"_self\" target=\"_self\" >Mania de Voc\u00ea: M\u00e9rcia fica trancada no cofre e sem o quadro valioso<\/a><\/h4><\/div><\/div>\n<div class=\"col-md-12 col-sm-12 col-xs-12 pt-cv-content-item pt-cv-1-col\" ><div class='pt-cv-ifield'><h4 class=\"pt-cv-title\"><a href=\"https:\/\/www.tvnovelas.com.br\/tvnews\/mania-de-voce-luma-nao-trai-mavi-e-e-ameacada-de-morte-por-molina\/\" class=\"_self\" target=\"_self\" >Mania de Voc\u00ea: Luma n\u00e3o trai Mavi e \u00e9 amea\u00e7ada de morte por Molina<\/a><\/h4><\/div><\/div>\n<div class=\"col-md-12 col-sm-12 col-xs-12 pt-cv-content-item pt-cv-1-col\" ><div class='pt-cv-ifield'><h4 class=\"pt-cv-title\"><a href=\"https:\/\/www.tvnovelas.com.br\/tvnews\/mania-de-voce-mavi-luma-e-molina-firmam-fazem-pacto-contra-mercia\/\" class=\"_self\" target=\"_self\" >Mania de Voc\u00ea: Mavi, Luma e Molina firmam pacto contra M\u00e9rcia<\/a><\/h4><\/div><\/div>\n<div class=\"col-md-12 col-sm-12 col-xs-12 pt-cv-content-item pt-cv-1-col\" ><div class='pt-cv-ifield'><h4 class=\"pt-cv-title\"><a href=\"https:\/\/www.tvnovelas.com.br\/tvnews\/mania-de-voce-mercia-consegue-ter-luma-e-mavi-na-ilha-dos-corvos\/\" class=\"_self\" target=\"_self\" >Mania de Voc\u00ea: M\u00e9rcia consegue ter Luma e Mavi na Ilha dos Corvos<\/a><\/h4><\/div><\/div>\n<div class=\"col-md-12 col-sm-12 col-xs-12 pt-cv-content-item pt-cv-1-col\" ><div class='pt-cv-ifield'><h4 class=\"pt-cv-title\"><a href=\"https:\/\/www.tvnovelas.com.br\/tvnews\/mania-de-voce-isis-e-presa-apos-cair-em-armadilha-de-leidi\/\" class=\"_self\" target=\"_self\" >Mania de Voc\u00ea: \u00cdsis \u00e9 presa ap\u00f3s cair em armadilha de Leidi<\/a><\/h4><\/div><\/div>\n<div class=\"col-md-12 col-sm-12 col-xs-12 pt-cv-content-item pt-cv-1-col\" ><div class='pt-cv-ifield'><h4 class=\"pt-cv-title\"><a href=\"https:\/\/www.tvnovelas.com.br\/tvnews\/mania-de-voce-mercia-resgata-molina-e-revela-plano\/\" class=\"_self\" target=\"_self\" >Mania de Voc\u00ea: M\u00e9rcia resgata Molina e revela plano<\/a><\/h4><\/div><\/div>\n<div class=\"col-md-12 col-sm-12 col-xs-12 pt-cv-content-item pt-cv-1-col\" ><div class='pt-cv-ifield'><h4 class=\"pt-cv-title\"><a href=\"https:\/\/www.tvnovelas.com.br\/tvnews\/mania-de-voce-isis-invade-mansao-para-matar-berta\/\" class=\"_self\" target=\"_self\" >Mania de Voc\u00ea: \u00cdsis invade mans\u00e3o para matar Berta<\/a><\/h4><\/div><\/div>\n<div class=\"col-md-12 col-sm-12 col-xs-12 pt-cv-content-item pt-cv-1-col\" ><div class='pt-cv-ifield'><h4 class=\"pt-cv-title\"><a href=\"https:\/\/www.tvnovelas.com.br\/tvnews\/acontece-em-mania-de-voce-na-reta-final\/\" class=\"_self\" target=\"_self\" >Acontece em Mania de Voc\u00ea na reta final<\/a><\/h4><\/div><\/div>\n<div class=\"col-md-12 col-sm-12 col-xs-12 pt-cv-content-item pt-cv-1-col\" ><div class='pt-cv-ifield'><h4 class=\"pt-cv-title\"><a href=\"https:\/\/www.tvnovelas.com.br\/tvnews\/mania-de-voce-rebeca-ajuda-mafia-a-armar-cilada-para-molina\/\" class=\"_self\" target=\"_self\" >Mania de Voc\u00ea: Rebeca ajuda m\u00e1fia a armar cilada para Molina<\/a><\/h4><\/div><\/div><\/div><\/div><\/div>\r\n<p><strong style=\"font-size: 120%;\">\u00daltimas not\u00edcias deste site:<\/strong><\/p>\r\n<div class=\"pt-cv-wrapper\"><div class=\"pt-cv-view pt-cv-grid pt-cv-colsys\" id=\"pt-cv-view-90991035b3\"><div data-id=\"pt-cv-page-1\" class=\"pt-cv-page\" data-cvc=\"1\"><div class=\"col-md-12 col-sm-12 col-xs-12 pt-cv-content-item pt-cv-1-col\" ><div class='pt-cv-ifield'><h4 class=\"pt-cv-title\"><a href=\"https:\/\/www.tvnovelas.com.br\/tvnews\/em-coracao-de-mae-nos-proximos-capitulos-04-a-08-5\/\" class=\"_self\" target=\"_self\" >Em Cora\u00e7\u00e3o de M\u00e3e nos pr\u00f3ximos cap\u00edtulos (04 a 08\/5)<\/a><\/h4><\/div><\/div>\n<div class=\"col-md-12 col-sm-12 col-xs-12 pt-cv-content-item pt-cv-1-col\" ><div class='pt-cv-ifield'><h4 class=\"pt-cv-title\"><a href=\"https:\/\/www.tvnovelas.com.br\/tvnews\/coracao-de-mae-hasan-e-filiz-em-piquenique-romantico\/\" class=\"_self\" target=\"_self\" >Cora\u00e7\u00e3o de M\u00e3e: Hasan e Filiz em piquenique rom\u00e2ntico<\/a><\/h4><\/div><\/div>\n<div class=\"col-md-12 col-sm-12 col-xs-12 pt-cv-content-item pt-cv-1-col\" ><div class='pt-cv-ifield'><h4 class=\"pt-cv-title\"><a href=\"https:\/\/www.tvnovelas.com.br\/tvnews\/guerra-das-rosas-cihan-vibra-com-desistencia-de-gulru-de-casar-com-mert\/\" class=\"_self\" target=\"_self\" >Guerra das Rosas: Cihan vibra com desist\u00eancia de Gulru de casar com Mert<\/a><\/h4><\/div><\/div>\n<div class=\"col-md-12 col-sm-12 col-xs-12 pt-cv-content-item pt-cv-1-col\" ><div class='pt-cv-ifield'><h4 class=\"pt-cv-title\"><a href=\"https:\/\/www.tvnovelas.com.br\/tvnews\/coracao-de-mae-irmak-denuncia-adnan\/\" class=\"_self\" target=\"_self\" >Cora\u00e7\u00e3o de M\u00e3e: Irmak denuncia Adnan<\/a><\/h4><\/div><\/div>\n<div class=\"col-md-12 col-sm-12 col-xs-12 pt-cv-content-item pt-cv-1-col\" ><div class='pt-cv-ifield'><h4 class=\"pt-cv-title\"><a href=\"https:\/\/www.tvnovelas.com.br\/tvnews\/a-nobreza-do-amor-mirinho-e-obrigado-a-resgatar-tonho\/\" class=\"_self\" target=\"_self\" >A Nobreza do Amor: Mirinho \u00e9 obrigado a resgatar Tonho<\/a><\/h4><\/div><\/div>\n<div class=\"col-md-12 col-sm-12 col-xs-12 pt-cv-content-item pt-cv-1-col\" ><div class='pt-cv-ifield'><h4 class=\"pt-cv-title\"><a href=\"https:\/\/www.tvnovelas.com.br\/tvnews\/tres-gracas-paulinho-e-afastado-da-policia-por-causa-de-gerluce\/\" class=\"_self\" target=\"_self\" >Tr\u00eas Gra\u00e7as: Paulinho \u00e9 afastado da pol\u00edcia por causa de Gerluce<\/a><\/h4><\/div><\/div>\n<div class=\"col-md-12 col-sm-12 col-xs-12 pt-cv-content-item pt-cv-1-col\" ><div class='pt-cv-ifield'><h4 class=\"pt-cv-title\"><a href=\"https:\/\/www.tvnovelas.com.br\/tvnews\/coracao-de-mae-irmak-inicia-jogo-arriscado-contra-adnan\/\" class=\"_self\" target=\"_self\" >Cora\u00e7\u00e3o de M\u00e3e: Irmak inicia jogo arriscado contra Adnan<\/a><\/h4><\/div><\/div>\n<div class=\"col-md-12 col-sm-12 col-xs-12 pt-cv-content-item pt-cv-1-col\" ><div class='pt-cv-ifield'><h4 class=\"pt-cv-title\"><a href=\"https:\/\/www.tvnovelas.com.br\/tvnews\/guerra-das-rosas-omer-chama-gulru-vestida-de-noiva-para-fugir\/\" class=\"_self\" target=\"_self\" >Guerra das Rosas: Omer chama Gulru vestida de noiva para fugir<\/a><\/h4><\/div><\/div>\n<div class=\"col-md-12 col-sm-12 col-xs-12 pt-cv-content-item pt-cv-1-col\" ><div class='pt-cv-ifield'><h4 class=\"pt-cv-title\"><a href=\"https:\/\/www.tvnovelas.com.br\/tvnews\/coracao-de-mae-reha-sai-para-jantar-com-selvi\/\" class=\"_self\" target=\"_self\" >Cora\u00e7\u00e3o de M\u00e3e: Reha sai para jantar com Selvi<\/a><\/h4><\/div><\/div>\n<div class=\"col-md-12 col-sm-12 col-xs-12 pt-cv-content-item pt-cv-1-col\" ><div class='pt-cv-ifield'><h4 class=\"pt-cv-title\"><a href=\"https:\/\/www.tvnovelas.com.br\/tvnews\/coracao-acelerado-zila-se-preocupa-com-sua-situacao-apos-separacao\/\" class=\"_self\" target=\"_self\" >Cora\u00e7\u00e3o Acelerado: Zil\u00e1 se preocupa com sua situa\u00e7\u00e3o ap\u00f3s separa\u00e7\u00e3o<\/a><\/h4><\/div><\/div><\/div><\/div><\/div>\r\n<h3>Confira tamb\u00e9m<\/h3>\r\n<p><a href=\"https:\/\/www.tvnovelas.com.br\/filmes\/\" target=\"_blank\" rel=\"noopener noreferrer\"><strong>Programa\u00e7\u00e3o de filmes na TV aberta<\/strong><\/a><\/p>\r\n<p><a href=\"https:\/\/caetenews.com.br\/semana\/filmes-da-globo-na-sessao-da-tarde-desta-semana\/\" target=\"_blank\" rel=\"noopener\"><strong>Confira os filmes da semana na Sess\u00e3o da Tarde<\/strong><\/a><\/p>\r\n<p><a href=\"https:\/\/www.tvnovelas.com.br\/novelas\/\"><strong>Confira os resumos da semana de todas novelas<\/strong><\/a><\/p>\n","protected":false},"excerpt":{"rendered":"<p>Mania de Voc\u00ea: Tom\u00e1s descobre&#8230; Em Mania de Voc\u00ea, ap\u00f3s meses de enrola\u00e7\u00e3o, Tom\u00e1s (Paulo Mendes) finalmente ir\u00e1 descobrir a verdade sobre a fam\u00edlia de Evelyn&#8230;<\/p>\n","protected":false},"author":1,"featured_media":71922,"comment_status":"closed","ping_status":"closed","sticky":false,"template":"","format":"standard","meta":{"_uf_show_specific_survey":0,"_uf_disable_surveys":false,"_jetpack_memberships_contains_paid_content":false,"footnotes":"","_wp_rev_ctl_limit":""},"categories":[776],"tags":[5,777,64],"class_list":["post-71921","post","type-post","status-publish","format-standard","has-post-thumbnail","hentry","category-mania-de-voce","tag-globo","tag-mania-de-voce","tag-novelas","wpcat-776-id"],"aioseo_notices":[],"jetpack_featured_media_url":"https:\/\/i0.wp.com\/www.tvnovelas.com.br\/tvnews\/wp-content\/uploads\/2025\/01\/10324.jpg?fit=728%2C410&ssl=1","jetpack_shortlink":"https:\/\/wp.me\/pdP2BO-iI1","jetpack_sharing_enabled":true,"_links":{"self":[{"href":"https:\/\/www.tvnovelas.com.br\/tvnews\/wp-json\/wp\/v2\/posts\/71921","targetHints":{"allow":["GET"]}}],"collection":[{"href":"https:\/\/www.tvnovelas.com.br\/tvnews\/wp-json\/wp\/v2\/posts"}],"about":[{"href":"https:\/\/www.tvnovelas.com.br\/tvnews\/wp-json\/wp\/v2\/types\/post"}],"author":[{"embeddable":true,"href":"https:\/\/www.tvnovelas.com.br\/tvnews\/wp-json\/wp\/v2\/users\/1"}],"replies":[{"embeddable":true,"href":"https:\/\/www.tvnovelas.com.br\/tvnews\/wp-json\/wp\/v2\/comments?post=71921"}],"version-history":[{"count":1,"href":"https:\/\/www.tvnovelas.com.br\/tvnews\/wp-json\/wp\/v2\/posts\/71921\/revisions"}],"predecessor-version":[{"id":71923,"href":"https:\/\/www.tvnovelas.com.br\/tvnews\/wp-json\/wp\/v2\/posts\/71921\/revisions\/71923"}],"wp:featuredmedia":[{"embeddable":true,"href":"https:\/\/www.tvnovelas.com.br\/tvnews\/wp-json\/wp\/v2\/media\/71922"}],"wp:attachment":[{"href":"https:\/\/www.tvnovelas.com.br\/tvnews\/wp-json\/wp\/v2\/media?parent=71921"}],"wp:term":[{"taxonomy":"category","embeddable":true,"href":"https:\/\/www.tvnovelas.com.br\/tvnews\/wp-json\/wp\/v2\/categories?post=71921"},{"taxonomy":"post_tag","embeddable":true,"href":"https:\/\/www.tvnovelas.com.br\/tvnews\/wp-json\/wp\/v2\/tags?post=71921"}],"curies":[{"name":"wp","href":"https:\/\/api.w.org\/{rel}","templated":true}]}}