{"id":72014,"date":"2025-01-12T09:42:18","date_gmt":"2025-01-12T12:42:18","guid":{"rendered":"https:\/\/www.tvnovelas.com.br\/tvnews\/?p=72014"},"modified":"2025-01-12T09:42:18","modified_gmt":"2025-01-12T12:42:18","slug":"garota-do-momento-zelia-chantageia-juliano-e-maristela","status":"publish","type":"post","link":"https:\/\/www.tvnovelas.com.br\/tvnews\/garota-do-momento-zelia-chantageia-juliano-e-maristela\/","title":{"rendered":"Garota do Momento: Z\u00e9lia chantageia Juliano e Maristela"},"content":{"rendered":"<figure id=\"attachment_72015\" aria-describedby=\"caption-attachment-72015\" style=\"width: 728px\" class=\"wp-caption alignnone\"><img data-recalc-dims=\"1\" decoding=\"async\" class=\"wp-image-72015 size-full\" title=\"(Foto: TV Globo\/Garota do Momento)\" src=\"https:\/\/i0.wp.com\/www.tvnovelas.com.br\/tvnews\/wp-content\/uploads\/2025\/01\/40720.jpg?resize=728%2C410&#038;ssl=1\" alt=\"Foto em Garota do Momento: Z\u00e9lia chantageia\" width=\"728\" height=\"410\" \/><figcaption id=\"caption-attachment-72015\" class=\"wp-caption-text\">Foto em Garota do Momento: Z\u00e9lia chantageia<\/figcaption><\/figure>\n<p>Em Garota do Momento: Z\u00e9lia (Let\u00edcia Colin) est\u00e1 se saindo uma excelente detetive. Depois de descobrir que Beatriz (Duda Santos) \u00e9 filha de Clarice (Carol Castro), e que a finada Val\u00e9ria (Julia Stockler) \u00e9 m\u00e3e de Bia (Maisa), a ex-secret\u00e1ria cantar\u00e1 vit\u00f3ria.<\/p>\n<p>A ex-secret\u00e1ria concluir\u00e1 que Juliano (Fabio Assun\u00e7\u00e3o) e Maristela (Lilia Cabral) enganaram Clarice por todos esses anos e decidir\u00e1 chantagear a dupla de criminosos. Afrontosa, Z\u00e9lia chega \u00e0 Perfumaria e senta direto na cadeira de Maristela.<\/p>\n<p>Quando a m\u00e3e de Juliano v\u00ea a cena, tenta expulsar a loira do seu lugar:<\/p>\n<p>&#8220;O que est\u00e1 fazendo na minha mesa, Z\u00e9lia? Desaboleta da\u00ed! Agora!&#8221;<\/p>\n<p>&#8220;Hum&#8230; Acho que n\u00e3o. Pelo visto, voc\u00eas j\u00e1 sabem que descobri toda a verdade, n\u00e3o \u00e9? Que Bia na verdade se chama Raquel, \u00e9 neta da dona Arlete, filha verdadeira do Juliano e que n\u00e3o tem um pingo do sangue da Clarice nas veias!&#8221;, diz Z\u00e9lia, deixando Maristela e Juliano passados.<\/p>\n<p>Z\u00e9lia tamb\u00e9m joga na cara dos dois que sabe que eles est\u00e3o dopando Clarice. Juliano desmente, mas a ex-secret\u00e1ria afirma que prefere ir direto ao ponto e negociar. Maristela pergunta o que ela quer para ficar calada.<\/p>\n<p>&#8220;Quero cinquenta e um por cento das a\u00e7\u00f5es da Perfumaria Carioca no meu nome ou essas duas fotos v\u00e3o parar nas m\u00e3os da Bia. \u00c9 pegar ou largar&#8221;, dispara Z\u00e9lia.<br \/>\n<!--END--><\/p>\n<div class=\"fb-comments\" data-width=\"100%\" data-order-by=\"reverse_time\" data-numposts=\"5\"><\/div>\n<h2>\u00daltimas publica\u00e7\u00f5es de Garota do Momento<\/h2>\n<div class=\"pt-cv-wrapper\"><div class=\"pt-cv-view pt-cv-grid pt-cv-colsys\" id=\"pt-cv-view-54854578lu\"><div data-id=\"pt-cv-page-1\" class=\"pt-cv-page\" data-cvc=\"1\"><div class=\"col-md-12 col-sm-12 col-xs-12 pt-cv-content-item pt-cv-1-col\" ><div class='pt-cv-ifield'><h4 class=\"pt-cv-title\"><a href=\"https:\/\/www.tvnovelas.com.br\/tvnews\/garota-do-momento-beatriz-e-beto-se-casam\/\" class=\"_self\" target=\"_self\" >Garota do Momento: Beatriz e Beto se casam<\/a><\/h4><\/div><\/div>\n<div class=\"col-md-12 col-sm-12 col-xs-12 pt-cv-content-item pt-cv-1-col\" ><div class='pt-cv-ifield'><h4 class=\"pt-cv-title\"><a href=\"https:\/\/www.tvnovelas.com.br\/tvnews\/garota-do-momento-clarice-sequestrada-por-juliano-desespera-beatriz\/\" class=\"_self\" target=\"_self\" >Garota do Momento: Clarice sequestrada por Juliano desespera Beatriz<\/a><\/h4><\/div><\/div>\n<div class=\"col-md-12 col-sm-12 col-xs-12 pt-cv-content-item pt-cv-1-col\" ><div class='pt-cv-ifield'><h4 class=\"pt-cv-title\"><a href=\"https:\/\/www.tvnovelas.com.br\/tvnews\/garota-do-momento-clarice-cospe-na-cara-de-maristela\/\" class=\"_self\" target=\"_self\" >Garota do Momento: Clarice cospe na cara de Maristela<\/a><\/h4><\/div><\/div>\n<div class=\"col-md-12 col-sm-12 col-xs-12 pt-cv-content-item pt-cv-1-col\" ><div class='pt-cv-ifield'><h4 class=\"pt-cv-title\"><a href=\"https:\/\/www.tvnovelas.com.br\/tvnews\/garota-do-momento-ligia-emociona-ao-dedicar-nova-musica-a-raimundo\/\" class=\"_self\" target=\"_self\" >Garota do Momento: Ligia emociona ao dedicar nova m\u00fasica a Raimundo<\/a><\/h4><\/div><\/div>\n<div class=\"col-md-12 col-sm-12 col-xs-12 pt-cv-content-item pt-cv-1-col\" ><div class='pt-cv-ifield'><h4 class=\"pt-cv-title\"><a href=\"https:\/\/www.tvnovelas.com.br\/tvnews\/garota-do-momento-zelia-beatriz-e-basilio-unidos-para-desmascarar-juliano\/\" class=\"_self\" target=\"_self\" >Garota do Momento: Z\u00e9lia, Beatriz e Bas\u00edlio unidos para desmascarar Juliano<\/a><\/h4><\/div><\/div>\n<div class=\"col-md-12 col-sm-12 col-xs-12 pt-cv-content-item pt-cv-1-col\" ><div class='pt-cv-ifield'><h4 class=\"pt-cv-title\"><a href=\"https:\/\/www.tvnovelas.com.br\/tvnews\/garota-do-momento-ligia-confessa-que-ama-raimundo-e-quer-voltar\/\" class=\"_self\" target=\"_self\" >Garota do Momento: Ligia confessa que ama Raimundo e quer voltar<\/a><\/h4><\/div><\/div><\/div><\/div><\/div>\n<h2>\u00daltimas not\u00edcias das novelas<\/h2>\n<p>[wp-rss-aggregator feeds=&#8221;todas&#8221;]<br \/>\n<a href=\"https:\/\/wp.me\/pfspD2-Ti\" target=\"_blank\" rel=\"noopener\"><strong>Garota do Momento: A saga dos Alencar<\/strong><\/a> (Sinopse)<br \/>\n<a href=\"https:\/\/tvnovelas.com.br\/filmes\/filmes-na-tv-segunda\/\" target=\"_blank\" rel=\"noopener\">Confira a programa\u00e7\u00e3o de filmes na TV aberta<\/a><br \/>\n<a href=\"https:\/\/www.tvnovelas.com.br\/tvnews\/\">\u00daltimas not\u00edcias de todas as novelas<\/a><\/p>\n","protected":false},"excerpt":{"rendered":"<p>Garota do Momento: Z\u00e9lia chantageia&#8230; Em Garota do Momento: Z\u00e9lia (Let\u00edcia Colin) est\u00e1 se saindo uma excelente detetive . Depois de descobrir que Beatriz (Duda Santos) \u00e9 filha de Clarice (Carol Castro), e que a finada Val\u00e9ria (Julia Stockler) \u00e9 m\u00e3e de Bia (Maisa).<\/p>\n","protected":false},"author":1,"featured_media":72015,"comment_status":"closed","ping_status":"closed","sticky":false,"template":"","format":"standard","meta":{"_uf_show_specific_survey":0,"_uf_disable_surveys":false,"_jetpack_memberships_contains_paid_content":false,"footnotes":"","_wp_rev_ctl_limit":""},"categories":[812],"tags":[813,5,64],"class_list":["post-72014","post","type-post","status-publish","format-standard","has-post-thumbnail","hentry","category-garota-do-momento","tag-garota-do-momento","tag-globo","tag-novelas","wpcat-812-id"],"aioseo_notices":[],"jetpack_featured_media_url":"https:\/\/i0.wp.com\/www.tvnovelas.com.br\/tvnews\/wp-content\/uploads\/2025\/01\/40720.jpg?fit=728%2C410&ssl=1","jetpack_shortlink":"https:\/\/wp.me\/pdP2BO-iJw","jetpack_sharing_enabled":true,"_links":{"self":[{"href":"https:\/\/www.tvnovelas.com.br\/tvnews\/wp-json\/wp\/v2\/posts\/72014","targetHints":{"allow":["GET"]}}],"collection":[{"href":"https:\/\/www.tvnovelas.com.br\/tvnews\/wp-json\/wp\/v2\/posts"}],"about":[{"href":"https:\/\/www.tvnovelas.com.br\/tvnews\/wp-json\/wp\/v2\/types\/post"}],"author":[{"embeddable":true,"href":"https:\/\/www.tvnovelas.com.br\/tvnews\/wp-json\/wp\/v2\/users\/1"}],"replies":[{"embeddable":true,"href":"https:\/\/www.tvnovelas.com.br\/tvnews\/wp-json\/wp\/v2\/comments?post=72014"}],"version-history":[{"count":1,"href":"https:\/\/www.tvnovelas.com.br\/tvnews\/wp-json\/wp\/v2\/posts\/72014\/revisions"}],"predecessor-version":[{"id":72016,"href":"https:\/\/www.tvnovelas.com.br\/tvnews\/wp-json\/wp\/v2\/posts\/72014\/revisions\/72016"}],"wp:featuredmedia":[{"embeddable":true,"href":"https:\/\/www.tvnovelas.com.br\/tvnews\/wp-json\/wp\/v2\/media\/72015"}],"wp:attachment":[{"href":"https:\/\/www.tvnovelas.com.br\/tvnews\/wp-json\/wp\/v2\/media?parent=72014"}],"wp:term":[{"taxonomy":"category","embeddable":true,"href":"https:\/\/www.tvnovelas.com.br\/tvnews\/wp-json\/wp\/v2\/categories?post=72014"},{"taxonomy":"post_tag","embeddable":true,"href":"https:\/\/www.tvnovelas.com.br\/tvnews\/wp-json\/wp\/v2\/tags?post=72014"}],"curies":[{"name":"wp","href":"https:\/\/api.w.org\/{rel}","templated":true}]}}