{"id":72121,"date":"2025-01-16T09:29:27","date_gmt":"2025-01-16T12:29:27","guid":{"rendered":"https:\/\/www.tvnovelas.com.br\/tvnews\/?p=72121"},"modified":"2025-01-16T09:30:00","modified_gmt":"2025-01-16T12:30:00","slug":"forca-de-mulher-bahar-fica-revoltada-com-hatice-enver-ceyda-e-yeliz","status":"publish","type":"post","link":"https:\/\/www.tvnovelas.com.br\/tvnews\/forca-de-mulher-bahar-fica-revoltada-com-hatice-enver-ceyda-e-yeliz\/","title":{"rendered":"For\u00e7a de Mulher: Bahar fica revoltada com Hatice, Enver, Ceyda e Yeliz"},"content":{"rendered":"<figure id=\"attachment_72122\" aria-describedby=\"caption-attachment-72122\" style=\"width: 728px\" class=\"wp-caption alignnone\"><img data-recalc-dims=\"1\" decoding=\"async\" class=\"wp-image-72122 size-full\" title=\"(Foto: Record\/For\u00e7a de Mulher)\" src=\"https:\/\/i0.wp.com\/www.tvnovelas.com.br\/tvnews\/wp-content\/uploads\/2025\/01\/40742.jpg?resize=728%2C410&#038;ssl=1\" alt=\"Foto em For\u00e7a de Mulher: Bahar fica revoltada...\" width=\"728\" height=\"410\" srcset=\"https:\/\/i0.wp.com\/www.tvnovelas.com.br\/tvnews\/wp-content\/uploads\/2025\/01\/40742.jpg?w=728&amp;ssl=1 728w, https:\/\/i0.wp.com\/www.tvnovelas.com.br\/tvnews\/wp-content\/uploads\/2025\/01\/40742.jpg?resize=250%2C141&amp;ssl=1 250w\" sizes=\"(max-width: 728px) 100vw, 728px\" \/><figcaption id=\"caption-attachment-72122\" class=\"wp-caption-text\">For\u00e7a de Mulher: Bahar fica revoltada&#8230;<\/figcaption><\/figure>\n<p>No cap\u00edtulo de For\u00e7a de Mulher desta quinta, dia 16, Bahar cobra explica\u00e7\u00f5es de Hatice, Enver, Ceyda e Yeliz e n\u00e3o se conforma por eles terem escondido dela que Sarp est\u00e1 vivo. Ela fala sobre o sofrimento de Nisan e Doruk e fica revoltada, dizendo que n\u00e3o quer mais contato com nenhum deles. Confira o resumo completo do cap\u00edtulo:<\/p>\n<h2 style=\"color: #6b5b95;\">Resumo de quinta-feira, 16 de janeiro<\/h2>\n<p>Sarp implora para que Munir o ajude a proteger Bahar e seus filhos, e encontre uma casa segura e fora da cidade para eles. Ainda perturbada, Bahar cobra explica\u00e7\u00f5es de Hatice, Enver, Ceyda e Yeliz e n\u00e3o se conforma por eles terem escondido dela que Sarp est\u00e1 vivo. Ela fala sobre o sofrimento de Nisan e Doruk e fica revoltada, dizendo que n\u00e3o quer mais contato com nenhum deles. Piril coloca Sarp contra a parede e quer saber como fica a situa\u00e7\u00e3o deles, agora que ele reencontrou a Bahar e ele \u00e9 sincero com a milion\u00e1ria, dizendo que tudo o que deseja \u00e9 ficar do lado da esposa e dos filhos. Ao mesmo tempo ele fala sobre a chantagem feita por Sirin, mas pontua que se n\u00e3o fosse isso, ficaria com Bahar sem a menor d\u00favida. Jale resolve dar uma chance para Ceyda ser bab\u00e1 de Bora, mas faz algumas exig\u00eancias. Arif cobra do pai o dinheiro do aluguel pago por Enver.<\/p>\n<p><!--FIM DO POST--><\/p>\n<div class=\"fb-comments\" data-width=\"100%\" data-order-by=\"reverse_time\" data-numposts=\"5\"><\/div>\n<h2>Saiba mais:<\/h2>\n<p><a href=\"https:\/\/tvnovelas.com.br\/novelas\/resumos-de-forca-de-mulher\/\" target=\"_blank\" rel=\"noopener\">Resumos da semana de For\u00e7a de Mulher<\/a><br \/>\n<a href=\"https:\/\/tvnovelas.com.br\/page2\/arquivo\/forca-de-mulher-as-lutas-de-bahar\/\" target=\"_blank\" rel=\"noopener\">For\u00e7a de Mulher: As lutas de Bahar (Sinopse)<\/a><br \/>\n<a href=\"https:\/\/pt.wikipedia.org\/wiki\/Kad%C4%B1n\" target=\"_blank\" rel=\"noopener\">Sobre For\u00e7a de Mulher na Wikipedia<\/a><br \/>\n<a href=\"https:\/\/www.facebook.com\/tevenovelas\/\">\u00daltimas not\u00edcias do TV Novelas no Facebook<\/a><br \/>\n<a href=\"https:\/\/tvnovelas.com.br\/novelas\/\">Resumos de todas as novelas<\/a><\/p>\n","protected":false},"excerpt":{"rendered":"<p>For\u00e7a de Mulher: Bahar fica revoltada&#8230;. No cap\u00edtulo de For\u00e7a de Mulher desta quinta, dia 16, Bahar cobra explica\u00e7\u00f5es de Hatice, Enver, Ceyda e Yeliz e n\u00e3o se conforma&#8230;.<\/p>\n","protected":false},"author":1,"featured_media":72122,"comment_status":"closed","ping_status":"closed","sticky":false,"template":"","format":"standard","meta":{"_uf_show_specific_survey":0,"_uf_disable_surveys":false,"_jetpack_memberships_contains_paid_content":false,"footnotes":"","_wp_rev_ctl_limit":""},"categories":[803],"tags":[805,5,64],"class_list":["post-72121","post","type-post","status-publish","format-standard","has-post-thumbnail","hentry","category-forca-de-mulher","tag-forca-de-mulher","tag-globo","tag-novelas","wpcat-803-id"],"aioseo_notices":[],"jetpack_featured_media_url":"https:\/\/i0.wp.com\/www.tvnovelas.com.br\/tvnews\/wp-content\/uploads\/2025\/01\/40742.jpg?fit=728%2C410&ssl=1","jetpack_shortlink":"https:\/\/wp.me\/pdP2BO-iLf","jetpack_sharing_enabled":true,"_links":{"self":[{"href":"https:\/\/www.tvnovelas.com.br\/tvnews\/wp-json\/wp\/v2\/posts\/72121","targetHints":{"allow":["GET"]}}],"collection":[{"href":"https:\/\/www.tvnovelas.com.br\/tvnews\/wp-json\/wp\/v2\/posts"}],"about":[{"href":"https:\/\/www.tvnovelas.com.br\/tvnews\/wp-json\/wp\/v2\/types\/post"}],"author":[{"embeddable":true,"href":"https:\/\/www.tvnovelas.com.br\/tvnews\/wp-json\/wp\/v2\/users\/1"}],"replies":[{"embeddable":true,"href":"https:\/\/www.tvnovelas.com.br\/tvnews\/wp-json\/wp\/v2\/comments?post=72121"}],"version-history":[{"count":2,"href":"https:\/\/www.tvnovelas.com.br\/tvnews\/wp-json\/wp\/v2\/posts\/72121\/revisions"}],"predecessor-version":[{"id":72124,"href":"https:\/\/www.tvnovelas.com.br\/tvnews\/wp-json\/wp\/v2\/posts\/72121\/revisions\/72124"}],"wp:featuredmedia":[{"embeddable":true,"href":"https:\/\/www.tvnovelas.com.br\/tvnews\/wp-json\/wp\/v2\/media\/72122"}],"wp:attachment":[{"href":"https:\/\/www.tvnovelas.com.br\/tvnews\/wp-json\/wp\/v2\/media?parent=72121"}],"wp:term":[{"taxonomy":"category","embeddable":true,"href":"https:\/\/www.tvnovelas.com.br\/tvnews\/wp-json\/wp\/v2\/categories?post=72121"},{"taxonomy":"post_tag","embeddable":true,"href":"https:\/\/www.tvnovelas.com.br\/tvnews\/wp-json\/wp\/v2\/tags?post=72121"}],"curies":[{"name":"wp","href":"https:\/\/api.w.org\/{rel}","templated":true}]}}