{"id":72151,"date":"2025-01-17T08:53:40","date_gmt":"2025-01-17T11:53:40","guid":{"rendered":"https:\/\/www.tvnovelas.com.br\/tvnews\/?p=72151"},"modified":"2025-01-17T17:12:26","modified_gmt":"2025-01-17T20:12:26","slug":"volta-por-cima-caca-assume-verdadeira-profissao-para-a-mae","status":"publish","type":"post","link":"https:\/\/www.tvnovelas.com.br\/tvnews\/volta-por-cima-caca-assume-verdadeira-profissao-para-a-mae\/","title":{"rendered":"Volta por Cima: Cac\u00e1 assume verdadeira profiss\u00e3o para a m\u00e3e"},"content":{"rendered":"<figure id=\"attachment_72152\" aria-describedby=\"caption-attachment-72152\" style=\"width: 728px\" class=\"wp-caption alignnone\"><img data-recalc-dims=\"1\" decoding=\"async\" class=\"wp-image-72152 size-full\" title=\"(Foto: TV Globo\/Volta por Cima)\" src=\"https:\/\/i0.wp.com\/www.tvnovelas.com.br\/tvnews\/wp-content\/uploads\/2025\/01\/40747.jpg?resize=728%2C410&#038;ssl=1\" alt=\"Foto em Volta por Cima: Cac\u00e1 assume.... \" width=\"728\" height=\"410\" srcset=\"https:\/\/i0.wp.com\/www.tvnovelas.com.br\/tvnews\/wp-content\/uploads\/2025\/01\/40747.jpg?w=728&amp;ssl=1 728w, https:\/\/i0.wp.com\/www.tvnovelas.com.br\/tvnews\/wp-content\/uploads\/2025\/01\/40747.jpg?resize=250%2C141&amp;ssl=1 250w\" sizes=\"(max-width: 728px) 100vw, 728px\" \/><figcaption id=\"caption-attachment-72152\" class=\"wp-caption-text\">Volta por Cima: Cac\u00e1 assume&#8230;<\/figcaption><\/figure>\n<p>Em Volta por Cima, J\u00e3o (Fabr\u00edcio Boliveira) descobriu que Cac\u00e1 (Pri Helena) n\u00e3o cuida de idosos e \u00e9, na verdade, capanga da fam\u00edlia Castilho. Preocupado com o filho que ela espera, o fiscal de \u00f4nibus revela o segredo para a m\u00e3e dela. Sem acreditar na verdadeira ocupa\u00e7\u00e3o da filha, Ana L\u00facia (Iara Jamra) ir\u00e1 confrontar Cac\u00e1, que ser\u00e1 obrigada a se assumir para a m\u00e3e.<\/p>\n<p>Quando Cac\u00e1 chegar em casa, encontrar\u00e1 a m\u00e3e s\u00e9ria. E Ana L\u00facia mandar\u00e1 na lata o que acaba de descobrir.<\/p>\n<p>\u201cEu te criei, minha filha, com todo amor do mundo&#8230; pra voc\u00ea virar bandida?\u201d<\/p>\n<p>\u201cEu n\u00e3o fa\u00e7o ideia do que te falaram pra voc\u00ea estar assim, m\u00e3e. Mas&#8230; \u00e9 mentira\u201d, disfar\u00e7a Cac\u00e1, sem conseguir olhar para a m\u00e3e.<\/p>\n<p>\u201cOlha pra mim, Carla. Olha nos meus olhos. Fala: eu sou cuidadora de idosos e nunca menti pra voc\u00ea. Anda! Fala!\u201d, insiste Ana L\u00facia.<\/p>\n<p>Sem sa\u00edda, Cac\u00e1 admite o que faz de verdade.<\/p>\n<p>\u201cEu cuido da seguran\u00e7a de uma pessoa. De um empres\u00e1rio. Uma pessoa visada\u201d, diz ela.<\/p>\n<p>\u201cBandida!\u201d, acusa a m\u00e3e.<\/p>\n<p>Depois, Cac\u00e1 vai perguntar se foi J\u00e3o quem revelou seu segredo e vai ouvir mais lamentos da m\u00e3e, decepcionada. A essa altura, as duas estar\u00e3o chorando&#8230;<\/p>\n<p>\u201cEu tinha tanto orgulho da minha filha que cuidava das pessoas. E ela n\u00e3o sabe cuidar nem do filho que tem na barriga. Eu nunca me senti t\u00e3o triste.\u201d<\/p>\n<p>Ser\u00e1 que Cac\u00e1 vai continuar na vida do crime?<br \/>\n<!--FIM--><\/p>\n<div class=\"fb-comments\" data-width=\"100%\" data-order-by=\"reverse_time\" data-numposts=\"5\"><\/div>\n<p><h2>Mais:<\/h2>\r\n<p><a href=\"https:\/\/tvnovelas.com.br\/novelas\/resumos-de-volta-por-cima\/\" target=\"_blank\" rel=\"noopener\">Confira os resumos da semana de Volta por Cima'<\/a><\/p>\r\n<p><a href=\"https:\/\/wp.me\/pfspD2-T5\" target=\"_blank\" rel=\"noopener\">Volta por Cima: Entre os sonhos e a fam\u00edlia<\/a> (Sinopse)<\/p>\r\n<p><a href=\"https:\/\/pt.wikipedia.org\/wiki\/Volta_por_Cima_(telenovela)\" target=\"_blank\" rel=\"noopener\">Sobre Volta por Cima na Wikipedia<\/a><\/p>\r\n<p><a href=\"https:\/\/tvnovelas.com.br\/novelas\/\" target=\"_blank\" rel=\"noopener\">Resumos de todas as novelas<\/a><\/p>\r\n<p><strong style=\"font-size: 120%;\">\u00daltimas not\u00edcias de 'Volta por Cima':<\/strong><\/p>\r\n<div class=\"pt-cv-wrapper\"><div class=\"pt-cv-view pt-cv-grid pt-cv-colsys\" id=\"pt-cv-view-372c3953u7\"><div data-id=\"pt-cv-page-1\" class=\"pt-cv-page\" data-cvc=\"1\"><div class=\"col-md-12 col-sm-12 col-xs-12 pt-cv-content-item pt-cv-1-col\" ><div class='pt-cv-ifield'><h4 class=\"pt-cv-title\"><a href=\"https:\/\/www.tvnovelas.com.br\/tvnews\/volta-por-cima-onibus-de-lindomar-passa-por-outro-acidente-tragico\/\" class=\"_self\" target=\"_self\" >Volta por Cima: \u00d4nibus de Lindomar passa por outro acidente tr\u00e1gico<\/a><\/h4><\/div><\/div>\n<div class=\"col-md-12 col-sm-12 col-xs-12 pt-cv-content-item pt-cv-1-col\" ><div class='pt-cv-ifield'><h4 class=\"pt-cv-title\"><a href=\"https:\/\/www.tvnovelas.com.br\/tvnews\/volta-por-cima-osmar-descobre-que-vivinha-preservou-sua-vida\/\" class=\"_self\" target=\"_self\" >Volta por Cima: Osmar descobre que Vivinha preservou sua vida<\/a><\/h4><\/div><\/div>\n<div class=\"col-md-12 col-sm-12 col-xs-12 pt-cv-content-item pt-cv-1-col\" ><div class='pt-cv-ifield'><h4 class=\"pt-cv-title\"><a href=\"https:\/\/www.tvnovelas.com.br\/tvnews\/volta-por-cima-jao-salva-a-vida-de-nando\/\" class=\"_self\" target=\"_self\" >Volta por Cima: J\u00e3o salva a vida de Nando<\/a><\/h4><\/div><\/div>\n<div class=\"col-md-12 col-sm-12 col-xs-12 pt-cv-content-item pt-cv-1-col\" ><div class='pt-cv-ifield'><h4 class=\"pt-cv-title\"><a href=\"https:\/\/www.tvnovelas.com.br\/tvnews\/volta-por-cima-saia-justa-osmar-chama-joyce-de-vivinha\/\" class=\"_self\" target=\"_self\" >Volta por Cima: Saia justa: Osmar chama Joyce de Vivinha&#8230;<\/a><\/h4><\/div><\/div>\n<div class=\"col-md-12 col-sm-12 col-xs-12 pt-cv-content-item pt-cv-1-col\" ><div class='pt-cv-ifield'><h4 class=\"pt-cv-title\"><a href=\"https:\/\/www.tvnovelas.com.br\/tvnews\/volta-por-cima-doralice-consegue-doador-de-coracao-para-transplante\/\" class=\"_self\" target=\"_self\" >Volta por Cima: Doralice consegue doador de cora\u00e7\u00e3o para transplante<\/a><\/h4><\/div><\/div>\n<div class=\"col-md-12 col-sm-12 col-xs-12 pt-cv-content-item pt-cv-1-col\" ><div class='pt-cv-ifield'><h4 class=\"pt-cv-title\"><a href=\"https:\/\/www.tvnovelas.com.br\/tvnews\/volta-por-cima-violeta-beija-marco-e-aparece-com-ele-na-frente-de-osmar\/\" class=\"_self\" target=\"_self\" >Volta por Cima: Violeta beija Marco e aparece com ele na frente de Osmar<\/a><\/h4><\/div><\/div><\/div><\/div><\/div>\r\n<p><strong style=\"font-size: 120%;\">\u00daltimas not\u00edcias deste site:<\/strong><\/p>\r\n<div class=\"pt-cv-wrapper\"><div class=\"pt-cv-view pt-cv-grid pt-cv-colsys\" id=\"pt-cv-view-90991035b3\"><div data-id=\"pt-cv-page-1\" class=\"pt-cv-page\" data-cvc=\"1\"><div class=\"col-md-12 col-sm-12 col-xs-12 pt-cv-content-item pt-cv-1-col\" ><div class='pt-cv-ifield'><h4 class=\"pt-cv-title\"><a href=\"https:\/\/www.tvnovelas.com.br\/tvnews\/a-nobreza-do-amor-tonho-nao-se-curva-diante-de-mirinho\/\" class=\"_self\" target=\"_self\" >A Nobreza do Amor: Tonho n\u00e3o se curva diante de Mirinho<\/a><\/h4><\/div><\/div>\n<div class=\"col-md-12 col-sm-12 col-xs-12 pt-cv-content-item pt-cv-1-col\" ><div class='pt-cv-ifield'><h4 class=\"pt-cv-title\"><a href=\"https:\/\/www.tvnovelas.com.br\/tvnews\/tres-gracas-arminda-surta-ao-confirmar-que-ferette-e-pai-de-raul\/\" class=\"_self\" target=\"_self\" >Tr\u00eas Gra\u00e7as:  Arminda surta ao confirmar que Ferette \u00e9 pai de Raul<\/a><\/h4><\/div><\/div>\n<div class=\"col-md-12 col-sm-12 col-xs-12 pt-cv-content-item pt-cv-1-col\" ><div class='pt-cv-ifield'><h4 class=\"pt-cv-title\"><a href=\"https:\/\/www.tvnovelas.com.br\/tvnews\/coracao-de-mae-atilla-confronta-hasan-e-exige-o-divorcio-de-lale\/\" class=\"_self\" target=\"_self\" >Cora\u00e7\u00e3o de M\u00e3e: Atilla confronta Hasan e exige o div\u00f3rcio de Lale<\/a><\/h4><\/div><\/div>\n<div class=\"col-md-12 col-sm-12 col-xs-12 pt-cv-content-item pt-cv-1-col\" ><div class='pt-cv-ifield'><h4 class=\"pt-cv-title\"><a href=\"https:\/\/www.tvnovelas.com.br\/tvnews\/guerra-das-rosas-gulfem-coloca-gulru-contra-a-parede\/\" class=\"_self\" target=\"_self\" >Guerra das Rosas: Gulfem coloca Gulru contra a parede<\/a><\/h4><\/div><\/div>\n<div class=\"col-md-12 col-sm-12 col-xs-12 pt-cv-content-item pt-cv-1-col\" ><div class='pt-cv-ifield'><h4 class=\"pt-cv-title\"><a href=\"https:\/\/www.tvnovelas.com.br\/tvnews\/coracao-de-mae-atilla-diz-a-lale-que-quer-o-divorcio\/\" class=\"_self\" target=\"_self\" >Cora\u00e7\u00e3o de M\u00e3e: Atilla diz a Lale que quer o div\u00f3rcio<\/a><\/h4><\/div><\/div>\n<div class=\"col-md-12 col-sm-12 col-xs-12 pt-cv-content-item pt-cv-1-col\" ><div class='pt-cv-ifield'><h4 class=\"pt-cv-title\"><a href=\"https:\/\/www.tvnovelas.com.br\/tvnews\/a-nobreza-do-amor-mirinho-garante-noivado-com-virginia-para-atrair-sogro-a-negocio\/\" class=\"_self\" target=\"_self\" >A Nobreza do Amor: Mirinho garante noivado com Virg\u00ednia para atrair sogro a neg\u00f3cio<\/a><\/h4><\/div><\/div>\n<div class=\"col-md-12 col-sm-12 col-xs-12 pt-cv-content-item pt-cv-1-col\" ><div class='pt-cv-ifield'><h4 class=\"pt-cv-title\"><a href=\"https:\/\/www.tvnovelas.com.br\/tvnews\/tres-gracas-joaquim-propoe-fuga-a-arminda-com-o-dinheiro-das-tres-gracas\/\" class=\"_self\" target=\"_self\" >Tr\u00eas Gra\u00e7as:  Joaquim prop\u00f5e fuga a Arminda com o dinheiro das Tr\u00eas Gra\u00e7as<\/a><\/h4><\/div><\/div>\n<div class=\"col-md-12 col-sm-12 col-xs-12 pt-cv-content-item pt-cv-1-col\" ><div class='pt-cv-ifield'><h4 class=\"pt-cv-title\"><a href=\"https:\/\/www.tvnovelas.com.br\/tvnews\/coracao-de-mae-atilla-decide-abrir-o-jogo-com-karsu\/\" class=\"_self\" target=\"_self\" >Cora\u00e7\u00e3o de M\u00e3e: Atilla decide abrir o jogo com Karsu<\/a><\/h4><\/div><\/div>\n<div class=\"col-md-12 col-sm-12 col-xs-12 pt-cv-content-item pt-cv-1-col\" ><div class='pt-cv-ifield'><h4 class=\"pt-cv-title\"><a href=\"https:\/\/www.tvnovelas.com.br\/tvnews\/coracao-de-mae-adnan-e-preso-apos-denuncia-de-irmak\/\" class=\"_self\" target=\"_self\" >Em Cora\u00e7\u00e3o de M\u00e3e: Adnan \u00e9 preso ap\u00f3s denuncia de Irmak<\/a><\/h4><\/div><\/div>\n<div class=\"col-md-12 col-sm-12 col-xs-12 pt-cv-content-item pt-cv-1-col\" ><div class='pt-cv-ifield'><h4 class=\"pt-cv-title\"><a href=\"https:\/\/www.tvnovelas.com.br\/tvnews\/coracao-de-mae-atilla-forca-karsu-a-ouvir-suas-explicacoes\/\" class=\"_self\" target=\"_self\" >Cora\u00e7\u00e3o de M\u00e3e: Atilla for\u00e7a Karsu a ouvir suas explica\u00e7\u00f5es<\/a><\/h4><\/div><\/div><\/div><\/div><\/div>\r\n<h3>Confira tamb\u00e9m<\/h3>\r\n<p><a href=\"https:\/\/www.tvnovelas.com.br\/filmes\/\" target=\"_blank\" rel=\"noopener noreferrer\"><strong>Programa\u00e7\u00e3o de filmes na TV aberta<\/strong><\/a><\/p>\r\n<p><a href=\"https:\/\/caetenews.com.br\/semana\/filmes-da-globo-na-sessao-da-tarde-desta-semana\/\" target=\"_blank\" rel=\"noopener\"><strong>Confira os filmes da semana na Sess\u00e3o da Tarde<\/strong><\/a><\/p>\r\n<p><a href=\"https:\/\/www.tvnovelas.com.br\/novelas\/\"><strong>Confira os resumos da semana de todas novelas<\/strong><\/a><\/p><br \/>\n<a href=\"https:\/\/tvnovelas.com.br\/filmes\/filmes-na-tv-segunda\/\" target=\"_blank\" rel=\"noopener\">Confira a Progrma\u00e7\u00e3o de Filmes na TV aberta<\/a><br \/>\n<a href=\"https:\/\/pt.wikipedia.org\/wiki\/Volta_por_Cima_(telenovela)\" target=\"_blank\" rel=\"noopener\">Sobre Volta por Cima na Wikipedia<\/a><br \/>\n<a href=\"https:\/\/www.tvnovelas.com.br\/tvnews\/\" target=\"_blank\" rel=\"noopener\">\u00daltimas not\u00edcias das novelas<\/a><\/p>\n","protected":false},"excerpt":{"rendered":"<p>Volta por Cima: Cac\u00e1 assume&#8230; Em Volta por Cima, J\u00e3o (Fabr\u00edcio Boliveira) descobriu que Cac\u00e1 (Pri Helena) n\u00e3o cuida de idosos e \u00e9, na verdade, capanga da fam\u00edlia Castilho&#8230;.<\/p>\n","protected":false},"author":1,"featured_media":72152,"comment_status":"closed","ping_status":"closed","sticky":false,"template":"","format":"standard","meta":{"_uf_show_specific_survey":0,"_uf_disable_surveys":false,"_jetpack_memberships_contains_paid_content":false,"footnotes":"","_wp_rev_ctl_limit":""},"categories":[807],"tags":[5,64,808],"class_list":["post-72151","post","type-post","status-publish","format-standard","has-post-thumbnail","hentry","category-volta-por-cima","tag-globo","tag-novelas","tag-volta-por-cima","wpcat-807-id"],"aioseo_notices":[],"jetpack_featured_media_url":"https:\/\/i0.wp.com\/www.tvnovelas.com.br\/tvnews\/wp-content\/uploads\/2025\/01\/40747.jpg?fit=728%2C410&ssl=1","jetpack_shortlink":"https:\/\/wp.me\/pdP2BO-iLJ","jetpack_sharing_enabled":true,"_links":{"self":[{"href":"https:\/\/www.tvnovelas.com.br\/tvnews\/wp-json\/wp\/v2\/posts\/72151","targetHints":{"allow":["GET"]}}],"collection":[{"href":"https:\/\/www.tvnovelas.com.br\/tvnews\/wp-json\/wp\/v2\/posts"}],"about":[{"href":"https:\/\/www.tvnovelas.com.br\/tvnews\/wp-json\/wp\/v2\/types\/post"}],"author":[{"embeddable":true,"href":"https:\/\/www.tvnovelas.com.br\/tvnews\/wp-json\/wp\/v2\/users\/1"}],"replies":[{"embeddable":true,"href":"https:\/\/www.tvnovelas.com.br\/tvnews\/wp-json\/wp\/v2\/comments?post=72151"}],"version-history":[{"count":2,"href":"https:\/\/www.tvnovelas.com.br\/tvnews\/wp-json\/wp\/v2\/posts\/72151\/revisions"}],"predecessor-version":[{"id":72191,"href":"https:\/\/www.tvnovelas.com.br\/tvnews\/wp-json\/wp\/v2\/posts\/72151\/revisions\/72191"}],"wp:featuredmedia":[{"embeddable":true,"href":"https:\/\/www.tvnovelas.com.br\/tvnews\/wp-json\/wp\/v2\/media\/72152"}],"wp:attachment":[{"href":"https:\/\/www.tvnovelas.com.br\/tvnews\/wp-json\/wp\/v2\/media?parent=72151"}],"wp:term":[{"taxonomy":"category","embeddable":true,"href":"https:\/\/www.tvnovelas.com.br\/tvnews\/wp-json\/wp\/v2\/categories?post=72151"},{"taxonomy":"post_tag","embeddable":true,"href":"https:\/\/www.tvnovelas.com.br\/tvnews\/wp-json\/wp\/v2\/tags?post=72151"}],"curies":[{"name":"wp","href":"https:\/\/api.w.org\/{rel}","templated":true}]}}