{"id":72182,"date":"2025-01-17T17:09:39","date_gmt":"2025-01-17T20:09:39","guid":{"rendered":"https:\/\/www.tvnovelas.com.br\/tvnews\/?p=72182"},"modified":"2025-01-17T17:10:09","modified_gmt":"2025-01-17T20:10:09","slug":"o-que-rola-em-garota-do-momento-na-semana-20-a-25-01","status":"publish","type":"post","link":"https:\/\/www.tvnovelas.com.br\/tvnews\/o-que-rola-em-garota-do-momento-na-semana-20-a-25-01\/","title":{"rendered":"O que rola em Garota do Momento na semana 20 a 25\/01"},"content":{"rendered":"<div style=\"background-color: #d5e1df;\">\n<figure id=\"attachment_72184\" aria-describedby=\"caption-attachment-72184\" style=\"width: 728px\" class=\"wp-caption alignnone\"><img data-recalc-dims=\"1\" decoding=\"async\" src=\"https:\/\/i0.wp.com\/www.tvnovelas.com.br\/tvnews\/wp-content\/uploads\/2025\/01\/40755a.jpg?resize=728%2C410&#038;ssl=1\" alt=\"Foto em Garota do Momento na semana...\" title=\"(Foto: TV Globo\/Garota do Momento)\" width=\"728\" height=\"410\" class=\"size-full wp-image-72184\" srcset=\"https:\/\/i0.wp.com\/www.tvnovelas.com.br\/tvnews\/wp-content\/uploads\/2025\/01\/40755a.jpg?w=728&amp;ssl=1 728w, https:\/\/i0.wp.com\/www.tvnovelas.com.br\/tvnews\/wp-content\/uploads\/2025\/01\/40755a.jpg?resize=250%2C141&amp;ssl=1 250w\" sizes=\"(max-width: 728px) 100vw, 728px\" \/><figcaption id=\"caption-attachment-72184\" class=\"wp-caption-text\">Garota do Momento na semana 20 a 25&#8230;<\/figcaption><\/figure><\/p>\n<blockquote><p>\n<strong style=\"color:\n\n<h2 style=\"color: #3e4444;\">Nos pr\u00f3ximos cap\u00edtulos de Garota do Momento, <\/strong>Clarice e Beto se desesperam com o an\u00fancio da suposta morte de Beatriz; Z\u00e9lia firma sua sociedade com Juliano e Maristela; Violeta enfrenta Maristela e apoia Clarice a inscrever mo\u00e7as do Gente Fina no desfile de moda; Beatriz chega ao camarim do desfile&#8230; Confira os resumos da semana: <\/p><\/blockquote>\n<\/div>\n<h2 style=\"color: #3e4444;\">Resumo de segunda-feira, 20 de janeiro<\/h2>\n<p>Bas\u00edlio e Beatriz sofrem um acidente. Clarice desperta chamando por Beatriz. Bas\u00edlio diz a Beatriz que ningu\u00e9m pode saber que os dois est\u00e3o vivos. L\u00edgia conversa com Celeste sobre sua separa\u00e7\u00e3o. Guto e Edu repreendem Nelson. Vin\u00edcius convida Guto para ir ao cinema. Beto questiona Juliano e Maristela. Jacira confessa a Alfredo que envia cartas para Eug\u00eania como se fosse um admirador secreto. Ren\u00ea causa uma boa impress\u00e3o em Iolanda. Clarice e Beto se desesperam com o an\u00fancio da suposta morte de Beatriz. Bas\u00edlio e Beatriz pedem abrigo a Carmem.<br \/>\n\u00a0<\/p>\n<h2 style=\"color: #3e4444;\">Resumo de ter\u00e7a-feira, 21 de janeiro<\/h2>\n<p>Carmem acolhe Beatriz e Bas\u00edlio. Maristela e Juliano comemoram o sucesso de seu plano. Beto procura Glorinha e acusa Juliano pela morte de Beatriz. Z\u00e9lia pressiona Maristela por sua sociedade na empresa. Marlene indica Anita para ser vendedora na Perfumaria Carioca. Eug\u00eania pensa em como voltar com Guto. S\u00e9rgio tem uma nova ideia para o programa de Alfredo. Glorinha e Beto chegam em Petr\u00f3polis, e Beatriz se mostra para os dois. Carlito alerta Iolanda sobre Ren\u00ea. Eug\u00eania decide dar aulas particulares. Guto aceita sair com Vin\u00edcius. Juliano e Maristela procuram Carmem.<br \/>\n<figure id=\"attachment_72185\" aria-describedby=\"caption-attachment-72185\" style=\"width: 728px\" class=\"wp-caption alignnone\"><img data-recalc-dims=\"1\" decoding=\"async\" src=\"https:\/\/i0.wp.com\/www.tvnovelas.com.br\/tvnews\/wp-content\/uploads\/2025\/01\/40755b.jpg?resize=728%2C410&#038;ssl=1\" alt=\"Foto em Garota do Momento na semana....\" width=\"728\" height=\"410\" title=\"(Foto: TV Globo\/Garota do Momento)\" class=\"size-full wp-image-72185\" srcset=\"https:\/\/i0.wp.com\/www.tvnovelas.com.br\/tvnews\/wp-content\/uploads\/2025\/01\/40755b.jpg?w=728&amp;ssl=1 728w, https:\/\/i0.wp.com\/www.tvnovelas.com.br\/tvnews\/wp-content\/uploads\/2025\/01\/40755b.jpg?resize=250%2C141&amp;ssl=1 250w\" sizes=\"(max-width: 728px) 100vw, 728px\" \/><figcaption id=\"caption-attachment-72185\" class=\"wp-caption-text\">Garota do Momento na semana&#8230;.<\/figcaption><\/figure><br \/>\n\u00a0<\/p>\n<h2 style=\"color: #3e4444;\">Resumo de quarta-feira, 22 de janeiro<\/h2>\n<p>Carmem finge culpar Clarice pela morte de Beatriz. Raimundo confronta Celeste. Alfredo sonha com Anita. Nelson maltrata Anita, e Guto e Edu ajudam a m\u00e3e. Clarice desperta. Eug\u00eanio e Violeta visitam Raimundo. Eug\u00eania d\u00e1 aulas particulares a Topete. Carlito confirma suas desconfian\u00e7as sobre Ren\u00ea. Guto se diverte com Vin\u00edcius. Beatriz elabora um plano para se apresentar para Clarice.<br \/>\n\u00a0<\/p>\n<h2 style=\"color: #3e4444;\">Resumo de quinta-feira, 23 de janeiro<\/h2>\n<p>Bas\u00edlio teme o plano de Beatriz. Todos se preparam para o desfile de moda da Tecelagem Tropical. Jacira e Teresa incentivam Eug\u00eania a desfilar. Vin\u00edcius conta a Guto que seu pai o expulsou de casa. Violeta repreende Eug\u00eanio por apoiar as falas de Raimundo sobre L\u00edgia. Nelson furta o sal\u00e1rio de Edu. Violeta enfrenta Maristela e apoia Clarice a inscrever mo\u00e7as do Gente Fina no desfile de moda. Celeste apoia L\u00edgia. Carlito desmascara Ren\u00ea. Bia sente ci\u00fames de Alice com Ronaldo. Beatriz flagra um dossi\u00ea sobre Juliano entre os pertences de Bas\u00edlio.<br \/>\n<figure id=\"attachment_72186\" aria-describedby=\"caption-attachment-72186\" style=\"width: 728px\" class=\"wp-caption alignnone\"><img data-recalc-dims=\"1\" decoding=\"async\" src=\"https:\/\/i0.wp.com\/www.tvnovelas.com.br\/tvnews\/wp-content\/uploads\/2025\/01\/40755c.jpg?resize=728%2C410&#038;ssl=1\" alt=\"Foto em Garota do Momento na semana....\" width=\"728\" height=\"410\" title=\"(Foto: TV Globo\/Garota do Momento)\" class=\"size-full wp-image-72186\" srcset=\"https:\/\/i0.wp.com\/www.tvnovelas.com.br\/tvnews\/wp-content\/uploads\/2025\/01\/40755c.jpg?w=728&amp;ssl=1 728w, https:\/\/i0.wp.com\/www.tvnovelas.com.br\/tvnews\/wp-content\/uploads\/2025\/01\/40755c.jpg?resize=250%2C141&amp;ssl=1 250w\" sizes=\"(max-width: 728px) 100vw, 728px\" \/><figcaption id=\"caption-attachment-72186\" class=\"wp-caption-text\">Garota do Momento na semana&#8230;<\/figcaption><\/figure><br \/>\n\u00a0<\/p>\n<h2 style=\"color: #3e4444;\">Resumo de sexta-feira, 24 de janeiro<\/h2>\n<p>Bas\u00edlio explica o conte\u00fado do dossi\u00ea contra Juliano. Ana Maria e Carlito aplicam uma li\u00e7\u00e3o em Ren\u00ea. Alfredo e Anita sofrem. Violeta acredita que Eug\u00eanio a esteja traindo. Topete se anima com o resultado das aulas particulares com Eug\u00eania. Z\u00e9lia firma sua sociedade com Juliano e Maristela. Jacira arma para que Eug\u00eania acredite que Topete \u00e9 seu admirador secreto. L\u00edgia promete ajudar Celeste a desfilar. Anita se recusa a jantar com Nelson. Beatriz se prepara para encontrar Clarice.<br \/>\n\u00a0<\/p>\n<h2 style=\"color: #3e4444;\">Resumo de s\u00e1bado, 25 de janeiro<\/h2>\n<p>Beatriz chega ao camarim do desfile. Arlete v\u00ea Bia nos corredores da TV. Eug\u00eanio n\u00e3o compreende a raiva de Violeta em rela\u00e7\u00e3o a ele. Tem in\u00edcio o desfile de moda da Tecelagem Tropical. Guto convida Vin\u00edcius para sair novamente. Anita reclama de Nelson com Marlene. Eug\u00eanio tenta surpreender Violeta com a ajuda de Verinha. Nelson tira a coleira de Laika. Orlando se surpreende ao ver Ana Maria e Iolanda no desfile.<br \/>\n<!--END--><\/p>\n<div class=\"fb-comments\" data-width=\"100%\" data-order-by=\"reverse_time\" data-numposts=\"5\"><\/div>\n<h2>\u00daltimas publica\u00e7\u00f5es de Garota do Momento<\/h2>\n<div class=\"pt-cv-wrapper\"><div class=\"pt-cv-view pt-cv-grid pt-cv-colsys\" id=\"pt-cv-view-54854578lu\"><div data-id=\"pt-cv-page-1\" class=\"pt-cv-page\" data-cvc=\"1\"><div class=\"col-md-12 col-sm-12 col-xs-12 pt-cv-content-item pt-cv-1-col\" ><div class='pt-cv-ifield'><h4 class=\"pt-cv-title\"><a href=\"https:\/\/www.tvnovelas.com.br\/tvnews\/garota-do-momento-beatriz-e-beto-se-casam\/\" class=\"_self\" target=\"_self\" >Garota do Momento: Beatriz e Beto se casam<\/a><\/h4><\/div><\/div>\n<div class=\"col-md-12 col-sm-12 col-xs-12 pt-cv-content-item pt-cv-1-col\" ><div class='pt-cv-ifield'><h4 class=\"pt-cv-title\"><a href=\"https:\/\/www.tvnovelas.com.br\/tvnews\/garota-do-momento-clarice-sequestrada-por-juliano-desespera-beatriz\/\" class=\"_self\" target=\"_self\" >Garota do Momento: Clarice sequestrada por Juliano desespera Beatriz<\/a><\/h4><\/div><\/div>\n<div class=\"col-md-12 col-sm-12 col-xs-12 pt-cv-content-item pt-cv-1-col\" ><div class='pt-cv-ifield'><h4 class=\"pt-cv-title\"><a href=\"https:\/\/www.tvnovelas.com.br\/tvnews\/garota-do-momento-clarice-cospe-na-cara-de-maristela\/\" class=\"_self\" target=\"_self\" >Garota do Momento: Clarice cospe na cara de Maristela<\/a><\/h4><\/div><\/div>\n<div class=\"col-md-12 col-sm-12 col-xs-12 pt-cv-content-item pt-cv-1-col\" ><div class='pt-cv-ifield'><h4 class=\"pt-cv-title\"><a href=\"https:\/\/www.tvnovelas.com.br\/tvnews\/garota-do-momento-ligia-emociona-ao-dedicar-nova-musica-a-raimundo\/\" class=\"_self\" target=\"_self\" >Garota do Momento: Ligia emociona ao dedicar nova m\u00fasica a Raimundo<\/a><\/h4><\/div><\/div>\n<div class=\"col-md-12 col-sm-12 col-xs-12 pt-cv-content-item pt-cv-1-col\" ><div class='pt-cv-ifield'><h4 class=\"pt-cv-title\"><a href=\"https:\/\/www.tvnovelas.com.br\/tvnews\/garota-do-momento-zelia-beatriz-e-basilio-unidos-para-desmascarar-juliano\/\" class=\"_self\" target=\"_self\" >Garota do Momento: Z\u00e9lia, Beatriz e Bas\u00edlio unidos para desmascarar Juliano<\/a><\/h4><\/div><\/div>\n<div class=\"col-md-12 col-sm-12 col-xs-12 pt-cv-content-item pt-cv-1-col\" ><div class='pt-cv-ifield'><h4 class=\"pt-cv-title\"><a href=\"https:\/\/www.tvnovelas.com.br\/tvnews\/garota-do-momento-ligia-confessa-que-ama-raimundo-e-quer-voltar\/\" class=\"_self\" target=\"_self\" >Garota do Momento: Ligia confessa que ama Raimundo e quer voltar<\/a><\/h4><\/div><\/div><\/div><\/div><\/div>\n<h2>\u00daltimas not\u00edcias das novelas<\/h2>\n<p>[wp-rss-aggregator feeds=&#8221;todas&#8221;]<br \/>\n<a href=\"https:\/\/wp.me\/pfspD2-Ti\" target=\"_blank\" rel=\"noopener\"><strong>Garota do Momento: A saga dos Alencar<\/strong><\/a> (Sinopse)<br \/>\n<a href=\"https:\/\/tvnovelas.com.br\/filmes\/filmes-na-tv-segunda\/\" target=\"_blank\" rel=\"noopener\">Confira a programa\u00e7\u00e3o de filmes na TV aberta<\/a><br \/>\n<a href=\"https:\/\/www.tvnovelas.com.br\/tvnews\/\">\u00daltimas not\u00edcias de todas as novelas<\/a><\/p>\n","protected":false},"excerpt":{"rendered":"<p>Garota do Momento na semana 20 a 25&#8230;  Clarice e Beto se desesperam com o an\u00fancio da suposta morte de Beatriz; Z\u00e9lia firma sua sociedade com Juliano e Maristela&#8230;<\/p>\n","protected":false},"author":1,"featured_media":72184,"comment_status":"closed","ping_status":"closed","sticky":false,"template":"","format":"standard","meta":{"_uf_show_specific_survey":0,"_uf_disable_surveys":false,"_jetpack_memberships_contains_paid_content":false,"footnotes":"","_wp_rev_ctl_limit":""},"categories":[812],"tags":[813,5,64],"class_list":["post-72182","post","type-post","status-publish","format-standard","has-post-thumbnail","hentry","category-garota-do-momento","tag-garota-do-momento","tag-globo","tag-novelas","wpcat-812-id"],"aioseo_notices":[],"jetpack_featured_media_url":"https:\/\/i0.wp.com\/www.tvnovelas.com.br\/tvnews\/wp-content\/uploads\/2025\/01\/40755a.jpg?fit=728%2C410&ssl=1","jetpack_shortlink":"https:\/\/wp.me\/pdP2BO-iMe","jetpack_sharing_enabled":true,"_links":{"self":[{"href":"https:\/\/www.tvnovelas.com.br\/tvnews\/wp-json\/wp\/v2\/posts\/72182","targetHints":{"allow":["GET"]}}],"collection":[{"href":"https:\/\/www.tvnovelas.com.br\/tvnews\/wp-json\/wp\/v2\/posts"}],"about":[{"href":"https:\/\/www.tvnovelas.com.br\/tvnews\/wp-json\/wp\/v2\/types\/post"}],"author":[{"embeddable":true,"href":"https:\/\/www.tvnovelas.com.br\/tvnews\/wp-json\/wp\/v2\/users\/1"}],"replies":[{"embeddable":true,"href":"https:\/\/www.tvnovelas.com.br\/tvnews\/wp-json\/wp\/v2\/comments?post=72182"}],"version-history":[{"count":5,"href":"https:\/\/www.tvnovelas.com.br\/tvnews\/wp-json\/wp\/v2\/posts\/72182\/revisions"}],"predecessor-version":[{"id":72229,"href":"https:\/\/www.tvnovelas.com.br\/tvnews\/wp-json\/wp\/v2\/posts\/72182\/revisions\/72229"}],"wp:featuredmedia":[{"embeddable":true,"href":"https:\/\/www.tvnovelas.com.br\/tvnews\/wp-json\/wp\/v2\/media\/72184"}],"wp:attachment":[{"href":"https:\/\/www.tvnovelas.com.br\/tvnews\/wp-json\/wp\/v2\/media?parent=72182"}],"wp:term":[{"taxonomy":"category","embeddable":true,"href":"https:\/\/www.tvnovelas.com.br\/tvnews\/wp-json\/wp\/v2\/categories?post=72182"},{"taxonomy":"post_tag","embeddable":true,"href":"https:\/\/www.tvnovelas.com.br\/tvnews\/wp-json\/wp\/v2\/tags?post=72182"}],"curies":[{"name":"wp","href":"https:\/\/api.w.org\/{rel}","templated":true}]}}