{"id":72370,"date":"2025-01-23T08:38:43","date_gmt":"2025-01-23T11:38:43","guid":{"rendered":"https:\/\/www.tvnovelas.com.br\/tvnews\/?p=72370"},"modified":"2025-01-23T08:38:43","modified_gmt":"2025-01-23T11:38:43","slug":"garota-do-momento-basilio-foge-mas-e-pego-no-pulo-por-beatriz","status":"publish","type":"post","link":"https:\/\/www.tvnovelas.com.br\/tvnews\/garota-do-momento-basilio-foge-mas-e-pego-no-pulo-por-beatriz\/","title":{"rendered":"Garota do Momento: Bas\u00edlio &#8216;foge&#8217;, mas \u00e9 pego no pulo por Beatriz"},"content":{"rendered":"<figure id=\"attachment_72371\" aria-describedby=\"caption-attachment-72371\" style=\"width: 728px\" class=\"wp-caption alignnone\"><img data-recalc-dims=\"1\" decoding=\"async\" class=\"wp-image-72371 size-full\" title=\"(Foto: TV Globo\/Garota do Momento)\" src=\"https:\/\/i0.wp.com\/www.tvnovelas.com.br\/tvnews\/wp-content\/uploads\/2025\/01\/40795.jpg?resize=728%2C410&#038;ssl=1\" alt=\"Foto em Garota do Momento: Bas\u00edlio 'foge'....\" width=\"728\" height=\"410\" srcset=\"https:\/\/i0.wp.com\/www.tvnovelas.com.br\/tvnews\/wp-content\/uploads\/2025\/01\/40795.jpg?w=728&amp;ssl=1 728w, https:\/\/i0.wp.com\/www.tvnovelas.com.br\/tvnews\/wp-content\/uploads\/2025\/01\/40795.jpg?resize=250%2C141&amp;ssl=1 250w\" sizes=\"(max-width: 728px) 100vw, 728px\" \/><figcaption id=\"caption-attachment-72371\" class=\"wp-caption-text\">Garota do Momento: Bas\u00edlio &#8216;foge&#8217;&#8230;.<\/figcaption><\/figure>\n<p>Em Garota do Momento,Bas\u00edlio (Cau\u00ea Campos) t\u00e1 saindo melhor do que a encomenda! O rapaz sumir\u00e1 do mapa deixando Beatriz (Duda Santos) em choque: &#8220;Ele pode ser reconhecido na rua. O que ser\u00e1 que ele foi fazer?&#8221;. Disposto a encontrar o dossi\u00ea que prove o passado podre do patr\u00e3o Juliano (Fabio Assun\u00e7\u00e3o), o mo\u00e7o retorna disfar\u00e7ado, mas nervoso: &#8220;Pensa nas provas contra o doutor Juliano. S\u00e3o elas que voc\u00ea tem que recuperar&#8221;.<\/p>\n<p>Mais tarde, o rapaz retorna a Petr\u00f3polis e leva um serm\u00e3o da amiga e da av\u00f3, Carmem (Solange Couto): &#8220;Voc\u00ea se fez de sonso e enganou a gente!&#8221;.<\/p>\n<p>Bas\u00edlio diz que teve uma ideia ap\u00f3s todos irem dormir e n\u00e3o quis deixar ningu\u00e9m preocupado. E ainda explica: &#8220;Eu fui no hotel pra buscar algumas roupas minhas que estavam l\u00e1, tem um monte de roupa cara que a dona Maristela me deu. J\u00e1 pensou se eles jogam isso tudo fora?&#8221;.<\/p>\n<p>&#8220;Roupas? Voc\u00ea saiu de madrugada, desceu para o Rio pra buscar algumas roupas?&#8221;, questiona Beatriz, que pede a ele para abrir a mala.<\/p>\n<p>O rapaz obedece e mostra algumas pe\u00e7as de roupa. Mas ao remexer, Beatriz encontra uma papelada: &#8220;O que significa isso, Bas\u00edlio?&#8221;.<\/p>\n<p>Ent\u00e3o? Ser\u00e1 que ele vai abrir o jogo para a amiga?<br \/>\n<!--END--><\/p>\n<div class=\"fb-comments\" data-width=\"100%\" data-order-by=\"reverse_time\" data-numposts=\"5\"><\/div>\n<h2>\u00daltimas publica\u00e7\u00f5es de Garota do Momento<\/h2>\n<div class=\"pt-cv-wrapper\"><div class=\"pt-cv-view pt-cv-grid pt-cv-colsys\" id=\"pt-cv-view-54854578lu\"><div data-id=\"pt-cv-page-1\" class=\"pt-cv-page\" data-cvc=\"1\"><div class=\"col-md-12 col-sm-12 col-xs-12 pt-cv-content-item pt-cv-1-col\" ><div class='pt-cv-ifield'><h4 class=\"pt-cv-title\"><a href=\"https:\/\/www.tvnovelas.com.br\/tvnews\/garota-do-momento-beatriz-e-beto-se-casam\/\" class=\"_self\" target=\"_self\" >Garota do Momento: Beatriz e Beto se casam<\/a><\/h4><\/div><\/div>\n<div class=\"col-md-12 col-sm-12 col-xs-12 pt-cv-content-item pt-cv-1-col\" ><div class='pt-cv-ifield'><h4 class=\"pt-cv-title\"><a href=\"https:\/\/www.tvnovelas.com.br\/tvnews\/garota-do-momento-clarice-sequestrada-por-juliano-desespera-beatriz\/\" class=\"_self\" target=\"_self\" >Garota do Momento: Clarice sequestrada por Juliano desespera Beatriz<\/a><\/h4><\/div><\/div>\n<div class=\"col-md-12 col-sm-12 col-xs-12 pt-cv-content-item pt-cv-1-col\" ><div class='pt-cv-ifield'><h4 class=\"pt-cv-title\"><a href=\"https:\/\/www.tvnovelas.com.br\/tvnews\/garota-do-momento-clarice-cospe-na-cara-de-maristela\/\" class=\"_self\" target=\"_self\" >Garota do Momento: Clarice cospe na cara de Maristela<\/a><\/h4><\/div><\/div>\n<div class=\"col-md-12 col-sm-12 col-xs-12 pt-cv-content-item pt-cv-1-col\" ><div class='pt-cv-ifield'><h4 class=\"pt-cv-title\"><a href=\"https:\/\/www.tvnovelas.com.br\/tvnews\/garota-do-momento-ligia-emociona-ao-dedicar-nova-musica-a-raimundo\/\" class=\"_self\" target=\"_self\" >Garota do Momento: Ligia emociona ao dedicar nova m\u00fasica a Raimundo<\/a><\/h4><\/div><\/div>\n<div class=\"col-md-12 col-sm-12 col-xs-12 pt-cv-content-item pt-cv-1-col\" ><div class='pt-cv-ifield'><h4 class=\"pt-cv-title\"><a href=\"https:\/\/www.tvnovelas.com.br\/tvnews\/garota-do-momento-zelia-beatriz-e-basilio-unidos-para-desmascarar-juliano\/\" class=\"_self\" target=\"_self\" >Garota do Momento: Z\u00e9lia, Beatriz e Bas\u00edlio unidos para desmascarar Juliano<\/a><\/h4><\/div><\/div>\n<div class=\"col-md-12 col-sm-12 col-xs-12 pt-cv-content-item pt-cv-1-col\" ><div class='pt-cv-ifield'><h4 class=\"pt-cv-title\"><a href=\"https:\/\/www.tvnovelas.com.br\/tvnews\/garota-do-momento-ligia-confessa-que-ama-raimundo-e-quer-voltar\/\" class=\"_self\" target=\"_self\" >Garota do Momento: Ligia confessa que ama Raimundo e quer voltar<\/a><\/h4><\/div><\/div><\/div><\/div><\/div>\n<h2>\u00daltimas not\u00edcias das novelas<\/h2>\n<p>[wp-rss-aggregator feeds=&#8221;todas&#8221;]<br \/>\n<a href=\"https:\/\/wp.me\/pfspD2-Ti\" target=\"_blank\" rel=\"noopener\"><strong>Garota do Momento: A saga dos Alencar<\/strong><\/a> (Sinopse)<br \/>\n<a href=\"https:\/\/tvnovelas.com.br\/filmes\/filmes-na-tv-segunda\/\" target=\"_blank\" rel=\"noopener\">Confira a programa\u00e7\u00e3o de filmes na TV aberta<\/a><br \/>\n<a href=\"https:\/\/www.tvnovelas.com.br\/tvnews\/\">\u00daltimas not\u00edcias de todas as novelas<\/a><\/p>\n","protected":false},"excerpt":{"rendered":"<p>Garota do Momento: Bas\u00edlio &#8216;foge&#8217;&#8230;Em Garota do Momento,Bas\u00edlio (Cau\u00ea Campos) t\u00e1 saindo melhor do que a encomenda! O rapaz sumir\u00e1 do mapa deixando&#8230;<\/p>\n","protected":false},"author":1,"featured_media":72371,"comment_status":"closed","ping_status":"closed","sticky":false,"template":"","format":"standard","meta":{"_uf_show_specific_survey":0,"_uf_disable_surveys":false,"_jetpack_memberships_contains_paid_content":false,"footnotes":"","_wp_rev_ctl_limit":""},"categories":[812],"tags":[813,5,64],"class_list":["post-72370","post","type-post","status-publish","format-standard","has-post-thumbnail","hentry","category-garota-do-momento","tag-garota-do-momento","tag-globo","tag-novelas","wpcat-812-id"],"aioseo_notices":[],"jetpack_featured_media_url":"https:\/\/i0.wp.com\/www.tvnovelas.com.br\/tvnews\/wp-content\/uploads\/2025\/01\/40795.jpg?fit=728%2C410&ssl=1","jetpack_shortlink":"https:\/\/wp.me\/pdP2BO-iPg","jetpack_sharing_enabled":true,"_links":{"self":[{"href":"https:\/\/www.tvnovelas.com.br\/tvnews\/wp-json\/wp\/v2\/posts\/72370","targetHints":{"allow":["GET"]}}],"collection":[{"href":"https:\/\/www.tvnovelas.com.br\/tvnews\/wp-json\/wp\/v2\/posts"}],"about":[{"href":"https:\/\/www.tvnovelas.com.br\/tvnews\/wp-json\/wp\/v2\/types\/post"}],"author":[{"embeddable":true,"href":"https:\/\/www.tvnovelas.com.br\/tvnews\/wp-json\/wp\/v2\/users\/1"}],"replies":[{"embeddable":true,"href":"https:\/\/www.tvnovelas.com.br\/tvnews\/wp-json\/wp\/v2\/comments?post=72370"}],"version-history":[{"count":1,"href":"https:\/\/www.tvnovelas.com.br\/tvnews\/wp-json\/wp\/v2\/posts\/72370\/revisions"}],"predecessor-version":[{"id":72372,"href":"https:\/\/www.tvnovelas.com.br\/tvnews\/wp-json\/wp\/v2\/posts\/72370\/revisions\/72372"}],"wp:featuredmedia":[{"embeddable":true,"href":"https:\/\/www.tvnovelas.com.br\/tvnews\/wp-json\/wp\/v2\/media\/72371"}],"wp:attachment":[{"href":"https:\/\/www.tvnovelas.com.br\/tvnews\/wp-json\/wp\/v2\/media?parent=72370"}],"wp:term":[{"taxonomy":"category","embeddable":true,"href":"https:\/\/www.tvnovelas.com.br\/tvnews\/wp-json\/wp\/v2\/categories?post=72370"},{"taxonomy":"post_tag","embeddable":true,"href":"https:\/\/www.tvnovelas.com.br\/tvnews\/wp-json\/wp\/v2\/tags?post=72370"}],"curies":[{"name":"wp","href":"https:\/\/api.w.org\/{rel}","templated":true}]}}