{"id":72436,"date":"2025-01-24T14:52:01","date_gmt":"2025-01-24T17:52:01","guid":{"rendered":"https:\/\/www.tvnovelas.com.br\/tvnews\/?p=72436"},"modified":"2025-01-24T14:52:01","modified_gmt":"2025-01-24T17:52:01","slug":"volta-por-cima-doralice-desperta-e-avisa-que-vai-a-justica-contra-osmar","status":"publish","type":"post","link":"https:\/\/www.tvnovelas.com.br\/tvnews\/volta-por-cima-doralice-desperta-e-avisa-que-vai-a-justica-contra-osmar\/","title":{"rendered":"Volta por Cima: Doralice desperta e avisa que vai \u00e0 Justi\u00e7a contra Osmar"},"content":{"rendered":"<figure id=\"attachment_72437\" aria-describedby=\"caption-attachment-72437\" style=\"width: 728px\" class=\"wp-caption alignnone\"><img data-recalc-dims=\"1\" decoding=\"async\" class=\"wp-image-72437 size-full\" title=\"(Foto: TV Globo\/Volta por Cima)\" src=\"https:\/\/i0.wp.com\/www.tvnovelas.com.br\/tvnews\/wp-content\/uploads\/2025\/01\/40809.jpg?resize=728%2C410&#038;ssl=1\" alt=\"Foto em Volta por Cima: Doralice desperta...\" width=\"728\" height=\"410\" srcset=\"https:\/\/i0.wp.com\/www.tvnovelas.com.br\/tvnews\/wp-content\/uploads\/2025\/01\/40809.jpg?w=728&amp;ssl=1 728w, https:\/\/i0.wp.com\/www.tvnovelas.com.br\/tvnews\/wp-content\/uploads\/2025\/01\/40809.jpg?resize=250%2C141&amp;ssl=1 250w\" sizes=\"(max-width: 728px) 100vw, 728px\" \/><figcaption id=\"caption-attachment-72437\" class=\"wp-caption-text\">Volta por Cima: Doralice desperta&#8230;.<\/figcaption><\/figure>\n<p>Em Volta Por Cima, Doralice (Tereza Seiblitz) fica entre a vida e a morte ap\u00f3s descobrir que Osmar (Milhem Cortaz) roubou o dinheiro do bilhete premiado e tem um encontro especial com o falecido Lindomar (MV Bill). Ao acordar, ela ficar\u00e1 sabendo da gravidade de seu estado de sa\u00fade e tomar\u00e1 uma decis\u00e3o importante em rela\u00e7\u00e3o ao irm\u00e3o.<\/p>\n<p>Primeiro, o m\u00e9dico avisar\u00e1 \u00e0 fam\u00edlia que Doralice agora tem um marcapasso e que pode vir a precisar de um transplante de cora\u00e7\u00e3o. Todos ficar\u00e3o desolados, mas ter\u00e3o que ir embora. Apenas Madalena (J\u00e9ssica Ellen) e Tati (Bia Santana) ficar\u00e3o com a m\u00e3e no hospital.<\/p>\n<p>\u201cMad\u00e1&#8230; Tati&#8230; Eu&#8230; Onde eu estou?\u201d, pergunta Doralice ao acordar, ainda na UTI.<\/p>\n<p>\u201cEst\u00e1 tudo bem agora, m\u00e3e. A senhora est\u00e1 no hospital, se recuperando\u201d, responde Mad\u00e1.<\/p>\n<p>Logo em seguida, Doralice ir\u00e1 querer saber de Osmar.<\/p>\n<p>\u201cCad\u00ea o Osmar?\u201d, pergunta.<\/p>\n<p>\u201cO tio esteve aqui ontem \u00e0 noite. Est\u00e1 super preocupado com voc\u00ea, m\u00e3e\u201d, defende Tati.<\/p>\n<p>\u201cMas n\u00e3o vamos pensar nisso. Agora, \u00e9 hora de pensar s\u00f3 na senhora. Nada mais tem import\u00e2ncia\u201d, emenda Mad\u00e1.<\/p>\n<p>E, ent\u00e3o, mesmo debilitada, Doralice ir\u00e1 anunciar \u00e0s filhas sua decis\u00e3o em rela\u00e7\u00e3o ao irm\u00e3o que roubou a fam\u00edlia.<\/p>\n<p>\u201cEu estou lembrando de tudo&#8230; O que o Osmar fez n\u00e3o se faz com ningu\u00e9m. Muito menos com a fam\u00edlia. Eu quero&#8230; Quero entrar na Justi\u00e7a. Quero que o Osmar pague pelo que fez com a gente\u201d, diz ela, convicta.<br \/>\n<!--FIM--><\/p>\n<div class=\"fb-comments\" data-width=\"100%\" data-order-by=\"reverse_time\" data-numposts=\"5\"><\/div>\n<p><h2>Mais:<\/h2>\r\n<p><a href=\"https:\/\/tvnovelas.com.br\/novelas\/resumos-de-volta-por-cima\/\" target=\"_blank\" rel=\"noopener\">Confira os resumos da semana de Volta por Cima'<\/a><\/p>\r\n<p><a href=\"https:\/\/wp.me\/pfspD2-T5\" target=\"_blank\" rel=\"noopener\">Volta por Cima: Entre os sonhos e a fam\u00edlia<\/a> (Sinopse)<\/p>\r\n<p><a href=\"https:\/\/pt.wikipedia.org\/wiki\/Volta_por_Cima_(telenovela)\" target=\"_blank\" rel=\"noopener\">Sobre Volta por Cima na Wikipedia<\/a><\/p>\r\n<p><a href=\"https:\/\/tvnovelas.com.br\/novelas\/\" target=\"_blank\" rel=\"noopener\">Resumos de todas as novelas<\/a><\/p>\r\n<p><strong style=\"font-size: 120%;\">\u00daltimas not\u00edcias de 'Volta por Cima':<\/strong><\/p>\r\n<div class=\"pt-cv-wrapper\"><div class=\"pt-cv-view pt-cv-grid pt-cv-colsys\" id=\"pt-cv-view-372c3953u7\"><div data-id=\"pt-cv-page-1\" class=\"pt-cv-page\" data-cvc=\"1\"><div class=\"col-md-12 col-sm-12 col-xs-12 pt-cv-content-item pt-cv-1-col\" ><div class='pt-cv-ifield'><h4 class=\"pt-cv-title\"><a href=\"https:\/\/www.tvnovelas.com.br\/tvnews\/volta-por-cima-onibus-de-lindomar-passa-por-outro-acidente-tragico\/\" class=\"_self\" target=\"_self\" >Volta por Cima: \u00d4nibus de Lindomar passa por outro acidente tr\u00e1gico<\/a><\/h4><\/div><\/div>\n<div class=\"col-md-12 col-sm-12 col-xs-12 pt-cv-content-item pt-cv-1-col\" ><div class='pt-cv-ifield'><h4 class=\"pt-cv-title\"><a href=\"https:\/\/www.tvnovelas.com.br\/tvnews\/volta-por-cima-osmar-descobre-que-vivinha-preservou-sua-vida\/\" class=\"_self\" target=\"_self\" >Volta por Cima: Osmar descobre que Vivinha preservou sua vida<\/a><\/h4><\/div><\/div>\n<div class=\"col-md-12 col-sm-12 col-xs-12 pt-cv-content-item pt-cv-1-col\" ><div class='pt-cv-ifield'><h4 class=\"pt-cv-title\"><a href=\"https:\/\/www.tvnovelas.com.br\/tvnews\/volta-por-cima-jao-salva-a-vida-de-nando\/\" class=\"_self\" target=\"_self\" >Volta por Cima: J\u00e3o salva a vida de Nando<\/a><\/h4><\/div><\/div>\n<div class=\"col-md-12 col-sm-12 col-xs-12 pt-cv-content-item pt-cv-1-col\" ><div class='pt-cv-ifield'><h4 class=\"pt-cv-title\"><a href=\"https:\/\/www.tvnovelas.com.br\/tvnews\/volta-por-cima-saia-justa-osmar-chama-joyce-de-vivinha\/\" class=\"_self\" target=\"_self\" >Volta por Cima: Saia justa: Osmar chama Joyce de Vivinha&#8230;<\/a><\/h4><\/div><\/div>\n<div class=\"col-md-12 col-sm-12 col-xs-12 pt-cv-content-item pt-cv-1-col\" ><div class='pt-cv-ifield'><h4 class=\"pt-cv-title\"><a href=\"https:\/\/www.tvnovelas.com.br\/tvnews\/volta-por-cima-doralice-consegue-doador-de-coracao-para-transplante\/\" class=\"_self\" target=\"_self\" >Volta por Cima: Doralice consegue doador de cora\u00e7\u00e3o para transplante<\/a><\/h4><\/div><\/div>\n<div class=\"col-md-12 col-sm-12 col-xs-12 pt-cv-content-item pt-cv-1-col\" ><div class='pt-cv-ifield'><h4 class=\"pt-cv-title\"><a href=\"https:\/\/www.tvnovelas.com.br\/tvnews\/volta-por-cima-violeta-beija-marco-e-aparece-com-ele-na-frente-de-osmar\/\" class=\"_self\" target=\"_self\" >Volta por Cima: Violeta beija Marco e aparece com ele na frente de Osmar<\/a><\/h4><\/div><\/div><\/div><\/div><\/div>\r\n<p><strong style=\"font-size: 120%;\">\u00daltimas not\u00edcias deste site:<\/strong><\/p>\r\n<div class=\"pt-cv-wrapper\"><div class=\"pt-cv-view pt-cv-grid pt-cv-colsys\" id=\"pt-cv-view-90991035b3\"><div data-id=\"pt-cv-page-1\" class=\"pt-cv-page\" data-cvc=\"1\"><div class=\"col-md-12 col-sm-12 col-xs-12 pt-cv-content-item pt-cv-1-col\" ><div class='pt-cv-ifield'><h4 class=\"pt-cv-title\"><a href=\"https:\/\/www.tvnovelas.com.br\/tvnews\/coracao-de-mae-atilla-confronta-hasan-e-exige-o-divorcio-de-lale\/\" class=\"_self\" target=\"_self\" >Cora\u00e7\u00e3o de M\u00e3e: Atilla confronta Hasan e exige o div\u00f3rcio de Lale<\/a><\/h4><\/div><\/div>\n<div class=\"col-md-12 col-sm-12 col-xs-12 pt-cv-content-item pt-cv-1-col\" ><div class='pt-cv-ifield'><h4 class=\"pt-cv-title\"><a href=\"https:\/\/www.tvnovelas.com.br\/tvnews\/guerra-das-rosas-gulfem-coloca-gulru-contra-a-parede\/\" class=\"_self\" target=\"_self\" >Guerra das Rosas: Gulfem coloca Gulru contra a parede<\/a><\/h4><\/div><\/div>\n<div class=\"col-md-12 col-sm-12 col-xs-12 pt-cv-content-item pt-cv-1-col\" ><div class='pt-cv-ifield'><h4 class=\"pt-cv-title\"><a href=\"https:\/\/www.tvnovelas.com.br\/tvnews\/coracao-de-mae-atilla-diz-a-lale-que-quer-o-divorcio\/\" class=\"_self\" target=\"_self\" >Cora\u00e7\u00e3o de M\u00e3e: Atilla diz a Lale que quer o div\u00f3rcio<\/a><\/h4><\/div><\/div>\n<div class=\"col-md-12 col-sm-12 col-xs-12 pt-cv-content-item pt-cv-1-col\" ><div class='pt-cv-ifield'><h4 class=\"pt-cv-title\"><a href=\"https:\/\/www.tvnovelas.com.br\/tvnews\/a-nobreza-do-amor-mirinho-garante-noivado-com-virginia-para-atrair-sogro-a-negocio\/\" class=\"_self\" target=\"_self\" >A Nobreza do Amor: Mirinho garante noivado com Virg\u00ednia para atrair sogro a neg\u00f3cio<\/a><\/h4><\/div><\/div>\n<div class=\"col-md-12 col-sm-12 col-xs-12 pt-cv-content-item pt-cv-1-col\" ><div class='pt-cv-ifield'><h4 class=\"pt-cv-title\"><a href=\"https:\/\/www.tvnovelas.com.br\/tvnews\/tres-gracas-joaquim-propoe-fuga-a-arminda-com-o-dinheiro-das-tres-gracas\/\" class=\"_self\" target=\"_self\" >Tr\u00eas Gra\u00e7as:  Joaquim prop\u00f5e fuga a Arminda com o dinheiro das Tr\u00eas Gra\u00e7as<\/a><\/h4><\/div><\/div>\n<div class=\"col-md-12 col-sm-12 col-xs-12 pt-cv-content-item pt-cv-1-col\" ><div class='pt-cv-ifield'><h4 class=\"pt-cv-title\"><a href=\"https:\/\/www.tvnovelas.com.br\/tvnews\/coracao-de-mae-atilla-decide-abrir-o-jogo-com-karsu\/\" class=\"_self\" target=\"_self\" >Cora\u00e7\u00e3o de M\u00e3e: Atilla decide abrir o jogo com Karsu<\/a><\/h4><\/div><\/div>\n<div class=\"col-md-12 col-sm-12 col-xs-12 pt-cv-content-item pt-cv-1-col\" ><div class='pt-cv-ifield'><h4 class=\"pt-cv-title\"><a href=\"https:\/\/www.tvnovelas.com.br\/tvnews\/coracao-de-mae-adnan-e-preso-apos-denuncia-de-irmak\/\" class=\"_self\" target=\"_self\" >Em Cora\u00e7\u00e3o de M\u00e3e: Adnan \u00e9 preso ap\u00f3s denuncia de Irmak<\/a><\/h4><\/div><\/div>\n<div class=\"col-md-12 col-sm-12 col-xs-12 pt-cv-content-item pt-cv-1-col\" ><div class='pt-cv-ifield'><h4 class=\"pt-cv-title\"><a href=\"https:\/\/www.tvnovelas.com.br\/tvnews\/coracao-de-mae-atilla-forca-karsu-a-ouvir-suas-explicacoes\/\" class=\"_self\" target=\"_self\" >Cora\u00e7\u00e3o de M\u00e3e: Atilla for\u00e7a Karsu a ouvir suas explica\u00e7\u00f5es<\/a><\/h4><\/div><\/div>\n<div class=\"col-md-12 col-sm-12 col-xs-12 pt-cv-content-item pt-cv-1-col\" ><div class='pt-cv-ifield'><h4 class=\"pt-cv-title\"><a href=\"https:\/\/www.tvnovelas.com.br\/tvnews\/coracao-acelerado-mulher-choca-janete-ao-se-apresentar-como-amante-do-palhares\/\" class=\"_self\" target=\"_self\" >Cora\u00e7\u00e3o Acelerado: Mulher choca Janete ao se apresentar como amante do Palhares<\/a><\/h4><\/div><\/div>\n<div class=\"col-md-12 col-sm-12 col-xs-12 pt-cv-content-item pt-cv-1-col\" ><div class='pt-cv-ifield'><h4 class=\"pt-cv-title\"><a href=\"https:\/\/www.tvnovelas.com.br\/tvnews\/a-nobreza-do-amor-jendal-dobra-a-recompensa-por-alika\/\" class=\"_self\" target=\"_self\" >A Nobreza do Amor: Jendal dobra a recompensa por Alika<\/a><\/h4><\/div><\/div><\/div><\/div><\/div>\r\n<h3>Confira tamb\u00e9m<\/h3>\r\n<p><a href=\"https:\/\/www.tvnovelas.com.br\/filmes\/\" target=\"_blank\" rel=\"noopener noreferrer\"><strong>Programa\u00e7\u00e3o de filmes na TV aberta<\/strong><\/a><\/p>\r\n<p><a href=\"https:\/\/caetenews.com.br\/semana\/filmes-da-globo-na-sessao-da-tarde-desta-semana\/\" target=\"_blank\" rel=\"noopener\"><strong>Confira os filmes da semana na Sess\u00e3o da Tarde<\/strong><\/a><\/p>\r\n<p><a href=\"https:\/\/www.tvnovelas.com.br\/novelas\/\"><strong>Confira os resumos da semana de todas novelas<\/strong><\/a><\/p><br \/>\n<a href=\"https:\/\/tvnovelas.com.br\/filmes\/filmes-na-tv-segunda\/\" target=\"_blank\" rel=\"noopener\">Confira a Progrma\u00e7\u00e3o de Filmes na TV aberta<\/a><br \/>\n<a href=\"https:\/\/pt.wikipedia.org\/wiki\/Volta_por_Cima_(telenovela)\" target=\"_blank\" rel=\"noopener\">Sobre Volta por Cima na Wikipedia<\/a><br \/>\n<a href=\"https:\/\/www.tvnovelas.com.br\/tvnews\/\" target=\"_blank\" rel=\"noopener\">\u00daltimas not\u00edcias das novelas<\/a><\/p>\n","protected":false},"excerpt":{"rendered":"<p>Volta por Cima: Doralice desperta&#8230; Em Volta Por Cima, Doralice (Tereza Seiblitz) fica entre a vida e a morte ap\u00f3s descobrir que Osmar (Milhem Cortaz) roubou&#8230;<\/p>\n","protected":false},"author":1,"featured_media":72437,"comment_status":"closed","ping_status":"closed","sticky":false,"template":"","format":"standard","meta":{"_uf_show_specific_survey":0,"_uf_disable_surveys":false,"_jetpack_memberships_contains_paid_content":false,"footnotes":"","_wp_rev_ctl_limit":""},"categories":[807],"tags":[5,64,808],"class_list":["post-72436","post","type-post","status-publish","format-standard","has-post-thumbnail","hentry","category-volta-por-cima","tag-globo","tag-novelas","tag-volta-por-cima","wpcat-807-id"],"aioseo_notices":[],"jetpack_featured_media_url":"https:\/\/i0.wp.com\/www.tvnovelas.com.br\/tvnews\/wp-content\/uploads\/2025\/01\/40809.jpg?fit=728%2C410&ssl=1","jetpack_shortlink":"https:\/\/wp.me\/pdP2BO-iQk","jetpack_sharing_enabled":true,"_links":{"self":[{"href":"https:\/\/www.tvnovelas.com.br\/tvnews\/wp-json\/wp\/v2\/posts\/72436","targetHints":{"allow":["GET"]}}],"collection":[{"href":"https:\/\/www.tvnovelas.com.br\/tvnews\/wp-json\/wp\/v2\/posts"}],"about":[{"href":"https:\/\/www.tvnovelas.com.br\/tvnews\/wp-json\/wp\/v2\/types\/post"}],"author":[{"embeddable":true,"href":"https:\/\/www.tvnovelas.com.br\/tvnews\/wp-json\/wp\/v2\/users\/1"}],"replies":[{"embeddable":true,"href":"https:\/\/www.tvnovelas.com.br\/tvnews\/wp-json\/wp\/v2\/comments?post=72436"}],"version-history":[{"count":2,"href":"https:\/\/www.tvnovelas.com.br\/tvnews\/wp-json\/wp\/v2\/posts\/72436\/revisions"}],"predecessor-version":[{"id":72439,"href":"https:\/\/www.tvnovelas.com.br\/tvnews\/wp-json\/wp\/v2\/posts\/72436\/revisions\/72439"}],"wp:featuredmedia":[{"embeddable":true,"href":"https:\/\/www.tvnovelas.com.br\/tvnews\/wp-json\/wp\/v2\/media\/72437"}],"wp:attachment":[{"href":"https:\/\/www.tvnovelas.com.br\/tvnews\/wp-json\/wp\/v2\/media?parent=72436"}],"wp:term":[{"taxonomy":"category","embeddable":true,"href":"https:\/\/www.tvnovelas.com.br\/tvnews\/wp-json\/wp\/v2\/categories?post=72436"},{"taxonomy":"post_tag","embeddable":true,"href":"https:\/\/www.tvnovelas.com.br\/tvnews\/wp-json\/wp\/v2\/tags?post=72436"}],"curies":[{"name":"wp","href":"https:\/\/api.w.org\/{rel}","templated":true}]}}